{"id":31770,"date":"2020-10-10T22:18:58","date_gmt":"2020-10-11T01:18:58","guid":{"rendered":"http:\/\/vocesparalelas.com.ar\/sitio\/?p=31770"},"modified":"2020-10-12T22:12:24","modified_gmt":"2020-10-13T01:12:24","slug":"curso-de-posgrado-diseno-del-paisaje","status":"publish","type":"post","link":"https:\/\/vocesparalelas.com.ar\/sitio\/curso-de-posgrado-diseno-del-paisaje\/","title":{"rendered":"Curso de Posgrado Dise\u00f1o del Paisaje"},"content":{"rendered":"<div id=\"contentNoticia\">\n<p>El curso tiene como Docente Responsable a Gabriel Burgue\u00f1o<b>,<\/b>\u00a0Dr. Lic. en Planif. y Dis. del Paisaje y propone la participaci\u00f3n de docentes referentes en tem\u00e1ticas de la disciplina, como Mg. Cecilia Eynard (Bi\u00f3loga); Lic. Andr\u00e9s Plager (Especialista en Planificaci\u00f3n Urbana y Regional); Dr. Eduardo Ottaviani (Lic. Planif. y Dis. Del Paisaje) y\/o Dra. Gabriela Campari (Lic. Planif. Y Dis. Del Paisaje).<\/p>\n<p>Ser\u00e1 modalidad de dictado a distancia seg\u00fan 10 encuentros de 3 horas en l\u00ednea y 15 horas de trabajos pr\u00e1cticos individuales a partir de consignas de integraci\u00f3n de contenidos. Se relizar\u00e1 mi\u00e9rcoles y viernes, de 18 a 21 horas del 28 de octubre al 27 de noviembre, adem\u00e1s de los trabajos asincr\u00f3nicos.<\/p>\n<p>La carga horaria es de 45 hs. y las inscripciones est\u00e1n abiertas hasta el 26 de octubre.<\/p>\n<hr \/>\n<p><span style=\"color: #008000;\"><strong>Contenidos<\/strong><\/span><\/p>\n<p>Clasificaciones de paisaje. Paisaje, transdisciplina y profesi\u00f3n \/ Paisaje, ambiente y ciudad. Localidad y regi\u00f3n \/ Conservaci\u00f3n, interpretaci\u00f3n y educaci\u00f3n del patrimonio natural \/ Canon y contemporaneidad. Emancipaci\u00f3n cultural y est\u00e9tica. Comunicaci\u00f3n, imagen del paisaje, imaginarios, valoraci\u00f3n y desprecio hacia los paisajes.<\/p>\n<p>Lineamientos de sustentabilidad en el paisaje. Vegetaci\u00f3n en el paisaje: cultivada, invasora, nativa. Contemporaneidad, sustentabilidad, identidad, equidad. Percepci\u00f3n de la obra paisajista. Valor de patrimonio natural y cultural en el paisaje. Gesti\u00f3n.<\/p>\n<p>Dise\u00f1o y planificaci\u00f3n en el proyecto de paisaje. Espacios verdes, infraestructura verde, corredores, restauraci\u00f3n.<\/p>\n<hr \/>\n<p><span style=\"color: #008000;\"><strong>Planificaci\u00f3n de actividad acad\u00e9mica y recursos did\u00e1cticos<\/strong><\/span><\/p>\n<p>Se propone un espacio de taller participativo, con mirada socioconstructivista- cognitivista, con el conocimiento ofrecido a modo de curr\u00edculo en espiral, es decir al compartir en primer t\u00e9rmino una visi\u00f3n general de la estructura de la tem\u00e1tica, en un segundo momento se toman esos conceptos clave y se agregan otros campos y cada vez que se aborda ese tema se van sumando ideas y enfoques (Camilloni, 2001) para profundizar integrando los conocimientos de los participantes.<\/p>\n<p>Los contenidos se integran a trav\u00e9s del tratamiento de teor\u00eda; abordaje por medio de im\u00e1genes, proyectos y conceptos clave de autores de referencia consagrados y emergentes de la especialidad; temas de actualidad y conceptos fundamentales tradicionales y alternativos.<\/p>\n<p>Como estrategias se planificaron proyecciones de ideas, planos, fotograf\u00edas de espacios y elementos urbanos; enfoque de casos escalas variadas; lecturas previas a los encuentros; lecturas en el espacio-tiempo del taller; consignas de elaboraci\u00f3n seg\u00fan tesis de los participantes; debates y recorridos virtuales por espacios urbanos pertinentes en relaci\u00f3n a los contenidos del curso; percepci\u00f3n por medio de otras expresiones (poes\u00eda, m\u00fasica, artes pl\u00e1sticas) y s\u00edntesis mediante escritos participativos.<\/p>\n<p>Se propone como resultado central, la elaboraci\u00f3n de reflexiones, ideas, lineamientos y otros insumos que se integren en un trabajo de s\u00edntesis en formato de monograf\u00eda.<\/p>\n<hr \/>\n<p><span style=\"color: #008000;\"><strong>Modalidad de evaluaci\u00f3n y condiciones de aprobaci\u00f3n<\/strong><\/span><\/p>\n<p>Se deber\u00e1 cumplir con el 75% de asistencia a las clases del seminario y tomar parte activa en las actividades programadas, incluyendo el trabajo de monograf\u00eda final. Se calificar\u00e1 con nota en escala de 0-10 y se aprobar\u00e1 con una nota igual o mayor a 7. Plazo de env\u00edo de trabajos: 30 d\u00edas luego de terminado el seminario.<\/p>\n<p><span style=\"color: #008000;\"><strong>Destinatarios<\/strong><\/span><\/p>\n<ul>\n<li>Arquitectos,<\/li>\n<li>Urbanistas y<\/li>\n<li>Alumnos avanzados de Grado y de Posgrado vinculados a la tem\u00e1tica.<\/li>\n<\/ul>\n<p><span style=\"color: #008000;\"><strong>Aranceles<\/strong><\/span><\/p>\n<ul>\n<li>Profesionales: $4.000<\/li>\n<li>Egresados FAUD (inscriptos Centro de Egresados): $3.300<\/li>\n<li>Docentes e Investigadores UNSJ: $3.300<\/li>\n<li>Alumnos UNSJ: $1.600.<\/li>\n<\/ul>\n<hr \/>\n<p><strong><span style=\"color: #008000;\">Mas informaci\u00f3n<\/span><\/strong><\/p>\n<p>Departamento de Estudio de Posgrado<br \/>\n<a href=\"posgrado@faud.unsj.edu.ar\">posgrado@faud.unsj.edu.ar<\/a><\/p>\n<\/div>\n<p><img loading=\"lazy\" decoding=\"async\" class=\"alignnone wp-image-22249 size-large\" src=\"https:\/\/vocesparalelas.com.ar\/sitio\/wp-content\/uploads\/2019\/07\/FAUD-UNSJ-EDIFICIO-02-800x600.jpg\" alt=\"\" width=\"800\" height=\"600\" srcset=\"https:\/\/vocesparalelas.com.ar\/sitio\/wp-content\/uploads\/2019\/07\/FAUD-UNSJ-EDIFICIO-02-800x600.jpg 800w, https:\/\/vocesparalelas.com.ar\/sitio\/wp-content\/uploads\/2019\/07\/FAUD-UNSJ-EDIFICIO-02-300x225.jpg 300w, https:\/\/vocesparalelas.com.ar\/sitio\/wp-content\/uploads\/2019\/07\/FAUD-UNSJ-EDIFICIO-02-768x576.jpg 768w, https:\/\/vocesparalelas.com.ar\/sitio\/wp-content\/uploads\/2019\/07\/FAUD-UNSJ-EDIFICIO-02.jpg 1000w\" sizes=\"auto, (max-width: 800px) 100vw, 800px\" \/><\/p>\n","protected":false},"excerpt":{"rendered":"<p>El curso tiene como Docente Responsable a Gabriel Burgue\u00f1o,\u00a0Dr. Lic. en Planif. y Dis. del Paisaje y propone la participaci\u00f3n<\/p>\n","protected":false},"author":3,"featured_media":31771,"comment_status":"closed","ping_status":"closed","sticky":false,"template":"","format":"standard","meta":{"_acf_changed":false,"_seopress_robots_primary_cat":"","_seopress_titles_title":"","_seopress_titles_desc":"","_seopress_robots_index":"","colormag_page_container_layout":"default_layout","colormag_page_sidebar_layout":"default_layout","footnotes":""},"categories":[15],"tags":[],"class_list":["post-31770","post","type-post","status-publish","format-standard","has-post-thumbnail","hentry","category-posgrados"],"acf":[],"_links":{"self":[{"href":"https:\/\/vocesparalelas.com.ar\/sitio\/wp-json\/wp\/v2\/posts\/31770","targetHints":{"allow":["GET"]}}],"collection":[{"href":"https:\/\/vocesparalelas.com.ar\/sitio\/wp-json\/wp\/v2\/posts"}],"about":[{"href":"https:\/\/vocesparalelas.com.ar\/sitio\/wp-json\/wp\/v2\/types\/post"}],"author":[{"embeddable":true,"href":"https:\/\/vocesparalelas.com.ar\/sitio\/wp-json\/wp\/v2\/users\/3"}],"replies":[{"embeddable":true,"href":"https:\/\/vocesparalelas.com.ar\/sitio\/wp-json\/wp\/v2\/comments?post=31770"}],"version-history":[{"count":1,"href":"https:\/\/vocesparalelas.com.ar\/sitio\/wp-json\/wp\/v2\/posts\/31770\/revisions"}],"predecessor-version":[{"id":31772,"href":"https:\/\/vocesparalelas.com.ar\/sitio\/wp-json\/wp\/v2\/posts\/31770\/revisions\/31772"}],"wp:featuredmedia":[{"embeddable":true,"href":"https:\/\/vocesparalelas.com.ar\/sitio\/wp-json\/wp\/v2\/media\/31771"}],"wp:attachment":[{"href":"https:\/\/vocesparalelas.com.ar\/sitio\/wp-json\/wp\/v2\/media?parent=31770"}],"wp:term":[{"taxonomy":"category","embeddable":true,"href":"https:\/\/vocesparalelas.com.ar\/sitio\/wp-json\/wp\/v2\/categories?post=31770"},{"taxonomy":"post_tag","embeddable":true,"href":"https:\/\/vocesparalelas.com.ar\/sitio\/wp-json\/wp\/v2\/tags?post=31770"}],"curies":[{"name":"wp","href":"https:\/\/api.w.org\/{rel}","templated":true}]}}