{"id":31759,"date":"2020-10-10T14:18:31","date_gmt":"2020-10-10T17:18:31","guid":{"rendered":"http:\/\/vocesparalelas.com.ar\/sitio\/?p=31759"},"modified":"2020-10-10T14:18:31","modified_gmt":"2020-10-10T17:18:31","slug":"feliz-47-anos-de-la-creacion-de-la-universidad-nacional-de-san-juan","status":"publish","type":"post","link":"https:\/\/vocesparalelas.com.ar\/sitio\/feliz-47-anos-de-la-creacion-de-la-universidad-nacional-de-san-juan\/","title":{"rendered":"Feliz 47 a\u00f1os de la creaci\u00f3n de la Universidad Nacional de San Juan"},"content":{"rendered":"<p>El Decano de la Facultad de Facultad De Ingenier\u00eda, Mg. Ing. Tadeo Berenguer y su equipo de Decanato saludan a toda la comunidad\u00a0 de la Universidad Nacional de San Juan, con motivo de cumplirse el 10 de Octubre, 47 a\u00f1os de su creaci\u00f3n.<\/p>\n<p>Durante todos estos a\u00f1os, no solo ha crecido la instituci\u00f3n en su estructura de unidades acad\u00e9micas y de investigaci\u00f3n, sino que adem\u00e1s, ha acompa\u00f1ado el desarrollo de la provincia de San Juan y de la regi\u00f3n, con un permanente esfuerzo puesto en la vinculaci\u00f3n con nuestro medio, sus necesidades, valores, idiosincrasia, actividades, desarrollos y b\u00fasquedas.<\/p>\n<p>A toda la comunidad de San Juan, que de una u otra manera y a trav\u00e9s de m\u00faltiples lazos y redes forman parte de la historia y de la vida cotidiana de esta instituci\u00f3n:<\/p>\n<p style=\"text-align: center;\">\u00a1Feliz 47\u00b0 aniversario!<\/p>\n<p>&nbsp;<\/p>\n<p>&nbsp;<\/p>\n<p style=\"text-align: right;\">Decanato<\/p>\n<p style=\"text-align: right;\">Facultad de Ingenier\u00eda<\/p>\n<p style=\"text-align: right;\">Universidad Nacional de San Juan<\/p>\n<p>&nbsp;<\/p>\n<p>&nbsp;<\/p>\n","protected":false},"excerpt":{"rendered":"<p>El Decano de la Facultad de Facultad De Ingenier\u00eda, Mg. Ing. Tadeo Berenguer y su equipo de Decanato saludan a<\/p>\n","protected":false},"author":3,"featured_media":31760,"comment_status":"closed","ping_status":"closed","sticky":false,"template":"","format":"standard","meta":{"_acf_changed":false,"_seopress_robots_primary_cat":"","_seopress_titles_title":"","_seopress_titles_desc":"","_seopress_robots_index":"","colormag_page_container_layout":"default_layout","colormag_page_sidebar_layout":"default_layout","footnotes":""},"categories":[1],"tags":[],"class_list":["post-31759","post","type-post","status-publish","format-standard","has-post-thumbnail","hentry","category-destacadas"],"acf":[],"_links":{"self":[{"href":"https:\/\/vocesparalelas.com.ar\/sitio\/wp-json\/wp\/v2\/posts\/31759","targetHints":{"allow":["GET"]}}],"collection":[{"href":"https:\/\/vocesparalelas.com.ar\/sitio\/wp-json\/wp\/v2\/posts"}],"about":[{"href":"https:\/\/vocesparalelas.com.ar\/sitio\/wp-json\/wp\/v2\/types\/post"}],"author":[{"embeddable":true,"href":"https:\/\/vocesparalelas.com.ar\/sitio\/wp-json\/wp\/v2\/users\/3"}],"replies":[{"embeddable":true,"href":"https:\/\/vocesparalelas.com.ar\/sitio\/wp-json\/wp\/v2\/comments?post=31759"}],"version-history":[{"count":1,"href":"https:\/\/vocesparalelas.com.ar\/sitio\/wp-json\/wp\/v2\/posts\/31759\/revisions"}],"predecessor-version":[{"id":31761,"href":"https:\/\/vocesparalelas.com.ar\/sitio\/wp-json\/wp\/v2\/posts\/31759\/revisions\/31761"}],"wp:featuredmedia":[{"embeddable":true,"href":"https:\/\/vocesparalelas.com.ar\/sitio\/wp-json\/wp\/v2\/media\/31760"}],"wp:attachment":[{"href":"https:\/\/vocesparalelas.com.ar\/sitio\/wp-json\/wp\/v2\/media?parent=31759"}],"wp:term":[{"taxonomy":"category","embeddable":true,"href":"https:\/\/vocesparalelas.com.ar\/sitio\/wp-json\/wp\/v2\/categories?post=31759"},{"taxonomy":"post_tag","embeddable":true,"href":"https:\/\/vocesparalelas.com.ar\/sitio\/wp-json\/wp\/v2\/tags?post=31759"}],"curies":[{"name":"wp","href":"https:\/\/api.w.org\/{rel}","templated":true}]}}