{"id":31754,"date":"2020-10-10T11:11:50","date_gmt":"2020-10-10T14:11:50","guid":{"rendered":"http:\/\/vocesparalelas.com.ar\/sitio\/?p=31754"},"modified":"2020-10-11T00:04:43","modified_gmt":"2020-10-11T03:04:43","slug":"hacia-las-becas-de-conectividad-en-la-unsj","status":"publish","type":"post","link":"https:\/\/vocesparalelas.com.ar\/sitio\/hacia-las-becas-de-conectividad-en-la-unsj\/","title":{"rendered":"Hacia las becas de conectividad en la UNSJ"},"content":{"rendered":"<p>El Rector de la Universidad Nacional de San Juan, Dr. Oscar Nasisi realiz\u00f3 declaraciones corresponden a la sesi\u00f3n del Mi\u00e9rcoles, 7 de Octubre, en el Consejo Superior v\u00eda Zoom, donde se trato entre otros temas becas de conectividad.<\/p>\n<p>&nbsp;<\/p>\n<p><iframe loading=\"lazy\" title=\"UNSJ DR. OSCAR NASISI\" width=\"800\" height=\"450\" src=\"https:\/\/www.youtube.com\/embed\/yZkJln_IDos?feature=oembed\" frameborder=\"0\" allow=\"accelerometer; autoplay; clipboard-write; encrypted-media; gyroscope; picture-in-picture\" allowfullscreen><\/iframe><\/p>\n<p>&nbsp;<\/p>\n","protected":false},"excerpt":{"rendered":"<p>El Rector de la Universidad Nacional de San Juan, Dr. Oscar Nasisi realiz\u00f3 declaraciones corresponden a la sesi\u00f3n del Mi\u00e9rcoles,<\/p>\n","protected":false},"author":3,"featured_media":30488,"comment_status":"closed","ping_status":"closed","sticky":false,"template":"","format":"video","meta":{"_acf_changed":false,"_seopress_robots_primary_cat":"","_seopress_titles_title":"","_seopress_titles_desc":"","_seopress_robots_index":"","colormag_page_container_layout":"default_layout","colormag_page_sidebar_layout":"default_layout","footnotes":""},"categories":[5,7],"tags":[],"class_list":["post-31754","post","type-post","status-publish","format-video","has-post-thumbnail","hentry","category-ofrecimientos","category-videos","post_format-post-format-video"],"acf":[],"_links":{"self":[{"href":"https:\/\/vocesparalelas.com.ar\/sitio\/wp-json\/wp\/v2\/posts\/31754","targetHints":{"allow":["GET"]}}],"collection":[{"href":"https:\/\/vocesparalelas.com.ar\/sitio\/wp-json\/wp\/v2\/posts"}],"about":[{"href":"https:\/\/vocesparalelas.com.ar\/sitio\/wp-json\/wp\/v2\/types\/post"}],"author":[{"embeddable":true,"href":"https:\/\/vocesparalelas.com.ar\/sitio\/wp-json\/wp\/v2\/users\/3"}],"replies":[{"embeddable":true,"href":"https:\/\/vocesparalelas.com.ar\/sitio\/wp-json\/wp\/v2\/comments?post=31754"}],"version-history":[{"count":1,"href":"https:\/\/vocesparalelas.com.ar\/sitio\/wp-json\/wp\/v2\/posts\/31754\/revisions"}],"predecessor-version":[{"id":31755,"href":"https:\/\/vocesparalelas.com.ar\/sitio\/wp-json\/wp\/v2\/posts\/31754\/revisions\/31755"}],"wp:featuredmedia":[{"embeddable":true,"href":"https:\/\/vocesparalelas.com.ar\/sitio\/wp-json\/wp\/v2\/media\/30488"}],"wp:attachment":[{"href":"https:\/\/vocesparalelas.com.ar\/sitio\/wp-json\/wp\/v2\/media?parent=31754"}],"wp:term":[{"taxonomy":"category","embeddable":true,"href":"https:\/\/vocesparalelas.com.ar\/sitio\/wp-json\/wp\/v2\/categories?post=31754"},{"taxonomy":"post_tag","embeddable":true,"href":"https:\/\/vocesparalelas.com.ar\/sitio\/wp-json\/wp\/v2\/tags?post=31754"}],"curies":[{"name":"wp","href":"https:\/\/api.w.org\/{rel}","templated":true}]}}