{"id":31751,"date":"2020-10-10T00:45:00","date_gmt":"2020-10-10T03:45:00","guid":{"rendered":"http:\/\/vocesparalelas.com.ar\/sitio\/?p=31751"},"modified":"2020-10-10T00:45:00","modified_gmt":"2020-10-10T03:45:00","slug":"se-entregaron-los-premios-del-concurso-entornos-saludables","status":"publish","type":"post","link":"https:\/\/vocesparalelas.com.ar\/sitio\/se-entregaron-los-premios-del-concurso-entornos-saludables\/","title":{"rendered":"Se entregaron los premios del Concurso \u201cEntornos Saludables\u201d"},"content":{"rendered":"<p>El acto se realiz\u00f3 en el anfiteatro Eloy Camus y se desarroll\u00f3 en tres partes, debido al contexto de pandemia, evitando as\u00ed la aglomeraci\u00f3n de gente. Estuvieron presentes autoridades como el subsecretario de Medicina Preventiva, Mat\u00edas Espejo, la directora de Programas de Salud, Teresa Laciar, la jefa de Divisi\u00f3n de Nutrici\u00f3n, \u00c9rica Garc\u00eda y la coordinadora de Actividad F\u00edsica, Cecilia P\u00e9rez, como as\u00ed tambi\u00e9n padres y ni\u00f1os.<\/p>\n<p>Bajo la direcci\u00f3n de Programas, la Divisi\u00f3n de Nutrici\u00f3n y el Programa de Actividad F\u00edsica llev\u00f3 adelante el concurso \u201cEntornos Saludables\u201d, cuyo lema fue \u201c<strong>Por una ni\u00f1ez activa y saludable durante la pandemia<\/strong>\u201d. La iniciativa tuvo como objetivo lograr una mejor calidad de vida en los m\u00e1s peque\u00f1os mediante la buena alimentaci\u00f3n y la actividad f\u00edsica.<\/p>\n<p>El concurso se lanz\u00f3 en el a\u00f1o 2019 y naci\u00f3 con el objetivo de crear un entorno saludable en las escuelas.<\/p>\n<p>Fue hasta este a\u00f1o que, por causa de la pandemia, se busc\u00f3 promocionar la buena alimentaci\u00f3n junto con la actividad f\u00edsica en casa.<\/p>\n<p>Se brind\u00f3 material digital con informaci\u00f3n y herramientas para poder desarrollar la consigna.<\/p>\n<p>La actividad consisti\u00f3 en enviar un video con cada tem\u00e1tica o solamente uno seleccionando de los dos.<\/p>\n<p>Se cont\u00f3 con la participaci\u00f3n de ni\u00f1os y ni\u00f1as de hasta 13 a\u00f1os.<\/p>\n<p>Como premios se entregaron \u201ckits de h\u00e1bitos saludables\u201d, los cuales contienen botellitas recargables de agua, portafrutas, lonchera, entre otros accesorios complementarios.<\/p>\n<p>El Dr. Mat\u00edas Espejo, en representaci\u00f3n de la ministra de Salud P\u00fablica, Dra. Alejandra Venerando, felicit\u00f3 a todos los participantes y destac\u00f3 que \u00abes importante que los ni\u00f1os incorporen nuevos h\u00e1bitos saludables y conozcan los beneficios de la actividad f\u00edsica\u201d.<\/p>\n<p>\u201cMe encant\u00f3 esta actividad y fue muy entretenida\u201d, por su parte mencion\u00f3 uno de los ganadores.<\/p>\n<p>Finalmente, la directora de Programas de Salud, Teresa Laciar destac\u00f3 que \u201ccon este concurso se busca incentivar a j\u00f3venes y ni\u00f1os para que lleguen a una edad adulta saludable\u201d.<\/p>\n","protected":false},"excerpt":{"rendered":"<p>El acto se realiz\u00f3 en el anfiteatro Eloy Camus y se desarroll\u00f3 en tres partes, debido al contexto de pandemia,<\/p>\n","protected":false},"author":3,"featured_media":31752,"comment_status":"closed","ping_status":"closed","sticky":false,"template":"","format":"standard","meta":{"_acf_changed":false,"_seopress_robots_primary_cat":"","_seopress_titles_title":"","_seopress_titles_desc":"","_seopress_robots_index":"","colormag_page_container_layout":"default_layout","colormag_page_sidebar_layout":"default_layout","footnotes":""},"categories":[1],"tags":[],"class_list":["post-31751","post","type-post","status-publish","format-standard","has-post-thumbnail","hentry","category-destacadas"],"acf":[],"_links":{"self":[{"href":"https:\/\/vocesparalelas.com.ar\/sitio\/wp-json\/wp\/v2\/posts\/31751","targetHints":{"allow":["GET"]}}],"collection":[{"href":"https:\/\/vocesparalelas.com.ar\/sitio\/wp-json\/wp\/v2\/posts"}],"about":[{"href":"https:\/\/vocesparalelas.com.ar\/sitio\/wp-json\/wp\/v2\/types\/post"}],"author":[{"embeddable":true,"href":"https:\/\/vocesparalelas.com.ar\/sitio\/wp-json\/wp\/v2\/users\/3"}],"replies":[{"embeddable":true,"href":"https:\/\/vocesparalelas.com.ar\/sitio\/wp-json\/wp\/v2\/comments?post=31751"}],"version-history":[{"count":1,"href":"https:\/\/vocesparalelas.com.ar\/sitio\/wp-json\/wp\/v2\/posts\/31751\/revisions"}],"predecessor-version":[{"id":31753,"href":"https:\/\/vocesparalelas.com.ar\/sitio\/wp-json\/wp\/v2\/posts\/31751\/revisions\/31753"}],"wp:featuredmedia":[{"embeddable":true,"href":"https:\/\/vocesparalelas.com.ar\/sitio\/wp-json\/wp\/v2\/media\/31752"}],"wp:attachment":[{"href":"https:\/\/vocesparalelas.com.ar\/sitio\/wp-json\/wp\/v2\/media?parent=31751"}],"wp:term":[{"taxonomy":"category","embeddable":true,"href":"https:\/\/vocesparalelas.com.ar\/sitio\/wp-json\/wp\/v2\/categories?post=31751"},{"taxonomy":"post_tag","embeddable":true,"href":"https:\/\/vocesparalelas.com.ar\/sitio\/wp-json\/wp\/v2\/tags?post=31751"}],"curies":[{"name":"wp","href":"https:\/\/api.w.org\/{rel}","templated":true}]}}