{"id":31745,"date":"2020-10-09T23:40:38","date_gmt":"2020-10-10T02:40:38","guid":{"rendered":"http:\/\/vocesparalelas.com.ar\/sitio\/?p=31745"},"modified":"2020-10-09T23:45:35","modified_gmt":"2020-10-10T02:45:35","slug":"san-juan-entra-en-un-proceso-preventivo-que-no-significa-volver-a-la-fase-1","status":"publish","type":"post","link":"https:\/\/vocesparalelas.com.ar\/sitio\/san-juan-entra-en-un-proceso-preventivo-que-no-significa-volver-a-la-fase-1\/","title":{"rendered":"San Juan entra en un proceso preventivo que no significa volver a la Fase 1"},"content":{"rendered":"<p>El presidente Dr. Alberto Fern\u00e1ndez anunci\u00f3 que se restringe la circulaci\u00f3n en 18 provincias, entre ellas San Juan.<\/p>\n<p>Posterior al anuncio, la ministro de Salud P\u00fablica del Gobierno de San Juan, Dra. Alejandra Venerando se comunic\u00f3 con la Subsecretaria de Calidad, Regulaci\u00f3n y Fiscalizaci\u00f3n de la Naci\u00f3n, Dra. Judit D\u00edaz Baz\u00e1n, quien le manifest\u00f3 que en el caso de la provincia de San Juan \u201cse trata de un proceso preventivo en base al aumento de casos posterior al brote del Departamento Caucete\u201d.<\/p>\n<p>Las autoridades mantienen una reuni\u00f3n, el S\u00e1bado, 10 de Octubre, por diferencias en el criterio de contabilizaci\u00f3n de camas. La misma es v\u00eda zoom para aclarar los porcentajes de ocupaci\u00f3n de camas, que en San Juan alcanza en:<\/p>\n<ul>\n<li>\u00c1rea cr\u00edtica: el 38%<\/li>\n<li>\u00c1rea moderadas el 47%.<\/li>\n<\/ul>\n<p><img loading=\"lazy\" decoding=\"async\" class=\"alignnone wp-image-31749 size-full\" src=\"https:\/\/vocesparalelas.com.ar\/sitio\/wp-content\/uploads\/2020\/10\/CAMAS-COVID.jpg\" alt=\"\" width=\"800\" height=\"391\" srcset=\"https:\/\/vocesparalelas.com.ar\/sitio\/wp-content\/uploads\/2020\/10\/CAMAS-COVID.jpg 800w, https:\/\/vocesparalelas.com.ar\/sitio\/wp-content\/uploads\/2020\/10\/CAMAS-COVID-300x147.jpg 300w, https:\/\/vocesparalelas.com.ar\/sitio\/wp-content\/uploads\/2020\/10\/CAMAS-COVID-768x375.jpg 768w\" sizes=\"auto, (max-width: 800px) 100vw, 800px\" \/><\/p>\n<p>Es importante aclarar que, al ser un proceso preventivo la provincia de San Juan no vuelve a la Fase 1.<\/p>\n<p>Se trata de extremar los protocolos de DISPO.<\/p>\n<p>El ministerio de Salud destaca la importancia de seguir trabajando cuidando los protocolos\u201d.<\/p>\n<p><span style=\"color: #ff0000;\"><strong>\u201cDistanciamiento Social, Preventivo y Obligatorio\u201d<\/strong><\/span><\/p>\n<p>El objetivo del \u201cdistanciamiento social, preventivo y obligatorio\u201d es la recuperaci\u00f3n del mayor grado de normalidad posible en cuanto al funcionamiento econ\u00f3mico y social, pero con todos los cuidados y resguardos necesarios, sosteniendo un constante monitoreo de la evoluci\u00f3n epidemiol\u00f3gica para garantizar un control efectivo de la situaci\u00f3n.<\/p>\n<p>&nbsp;<\/p>\n<p>&nbsp;<\/p>\n<p>&nbsp;<\/p>\n","protected":false},"excerpt":{"rendered":"<p>El presidente Dr. Alberto Fern\u00e1ndez anunci\u00f3 que se restringe la circulaci\u00f3n en 18 provincias, entre ellas San Juan. Posterior al<\/p>\n","protected":false},"author":3,"featured_media":28454,"comment_status":"closed","ping_status":"closed","sticky":false,"template":"","format":"standard","meta":{"_acf_changed":false,"_seopress_robots_primary_cat":"","_seopress_titles_title":"","_seopress_titles_desc":"","_seopress_robots_index":"","colormag_page_container_layout":"default_layout","colormag_page_sidebar_layout":"default_layout","footnotes":""},"categories":[1],"tags":[],"class_list":["post-31745","post","type-post","status-publish","format-standard","has-post-thumbnail","hentry","category-destacadas"],"acf":[],"_links":{"self":[{"href":"https:\/\/vocesparalelas.com.ar\/sitio\/wp-json\/wp\/v2\/posts\/31745","targetHints":{"allow":["GET"]}}],"collection":[{"href":"https:\/\/vocesparalelas.com.ar\/sitio\/wp-json\/wp\/v2\/posts"}],"about":[{"href":"https:\/\/vocesparalelas.com.ar\/sitio\/wp-json\/wp\/v2\/types\/post"}],"author":[{"embeddable":true,"href":"https:\/\/vocesparalelas.com.ar\/sitio\/wp-json\/wp\/v2\/users\/3"}],"replies":[{"embeddable":true,"href":"https:\/\/vocesparalelas.com.ar\/sitio\/wp-json\/wp\/v2\/comments?post=31745"}],"version-history":[{"count":3,"href":"https:\/\/vocesparalelas.com.ar\/sitio\/wp-json\/wp\/v2\/posts\/31745\/revisions"}],"predecessor-version":[{"id":31750,"href":"https:\/\/vocesparalelas.com.ar\/sitio\/wp-json\/wp\/v2\/posts\/31745\/revisions\/31750"}],"wp:featuredmedia":[{"embeddable":true,"href":"https:\/\/vocesparalelas.com.ar\/sitio\/wp-json\/wp\/v2\/media\/28454"}],"wp:attachment":[{"href":"https:\/\/vocesparalelas.com.ar\/sitio\/wp-json\/wp\/v2\/media?parent=31745"}],"wp:term":[{"taxonomy":"category","embeddable":true,"href":"https:\/\/vocesparalelas.com.ar\/sitio\/wp-json\/wp\/v2\/categories?post=31745"},{"taxonomy":"post_tag","embeddable":true,"href":"https:\/\/vocesparalelas.com.ar\/sitio\/wp-json\/wp\/v2\/tags?post=31745"}],"curies":[{"name":"wp","href":"https:\/\/api.w.org\/{rel}","templated":true}]}}