{"id":31742,"date":"2020-10-09T23:26:11","date_gmt":"2020-10-10T02:26:11","guid":{"rendered":"http:\/\/vocesparalelas.com.ar\/sitio\/?p=31742"},"modified":"2020-10-09T23:26:11","modified_gmt":"2020-10-10T02:26:11","slug":"la-restriccion-de-la-circulacion-en-18-provincias-de-argentina-y-la-cuarentena-hasta-el-25-de-octubre","status":"publish","type":"post","link":"https:\/\/vocesparalelas.com.ar\/sitio\/la-restriccion-de-la-circulacion-en-18-provincias-de-argentina-y-la-cuarentena-hasta-el-25-de-octubre\/","title":{"rendered":"La restricci\u00f3n de la circulaci\u00f3n en 18 provincias de Argentina y la cuarentena hasta el 25 de Octubre"},"content":{"rendered":"<p>El Presidente se present\u00f3 en vivo desde Casa Rosada y estuvo acompa\u00f1ado por los gobernadores de Jujuy, Santa Fe y Neuqu\u00e9n, donde la cuarentena se extiende hasta el 25 de Octubre.<\/p>\n<p>&nbsp;<\/p>\n<p><iframe loading=\"lazy\" title=\"Coronavirus COVID-19 - El presidente Alberto Fern\u00e1ndez anunci\u00f3 nuevas medidas sanitarias\" width=\"800\" height=\"450\" src=\"https:\/\/www.youtube.com\/embed\/0HzLV1N0TZs?feature=oembed\" frameborder=\"0\" allow=\"accelerometer; autoplay; clipboard-write; encrypted-media; gyroscope; picture-in-picture\" allowfullscreen><\/iframe><\/p>\n<p>&nbsp;<\/p>\n<p>&nbsp;<\/p>\n<p>&nbsp;<\/p>\n","protected":false},"excerpt":{"rendered":"<p>El Presidente se present\u00f3 en vivo desde Casa Rosada y estuvo acompa\u00f1ado por los gobernadores de Jujuy, Santa Fe y<\/p>\n","protected":false},"author":3,"featured_media":31743,"comment_status":"closed","ping_status":"closed","sticky":false,"template":"","format":"video","meta":{"_acf_changed":false,"_seopress_robots_primary_cat":"","_seopress_titles_title":"","_seopress_titles_desc":"","_seopress_robots_index":"","colormag_page_container_layout":"default_layout","colormag_page_sidebar_layout":"default_layout","footnotes":""},"categories":[1,7],"tags":[],"class_list":["post-31742","post","type-post","status-publish","format-video","has-post-thumbnail","hentry","category-destacadas","category-videos","post_format-post-format-video"],"acf":[],"_links":{"self":[{"href":"https:\/\/vocesparalelas.com.ar\/sitio\/wp-json\/wp\/v2\/posts\/31742","targetHints":{"allow":["GET"]}}],"collection":[{"href":"https:\/\/vocesparalelas.com.ar\/sitio\/wp-json\/wp\/v2\/posts"}],"about":[{"href":"https:\/\/vocesparalelas.com.ar\/sitio\/wp-json\/wp\/v2\/types\/post"}],"author":[{"embeddable":true,"href":"https:\/\/vocesparalelas.com.ar\/sitio\/wp-json\/wp\/v2\/users\/3"}],"replies":[{"embeddable":true,"href":"https:\/\/vocesparalelas.com.ar\/sitio\/wp-json\/wp\/v2\/comments?post=31742"}],"version-history":[{"count":1,"href":"https:\/\/vocesparalelas.com.ar\/sitio\/wp-json\/wp\/v2\/posts\/31742\/revisions"}],"predecessor-version":[{"id":31744,"href":"https:\/\/vocesparalelas.com.ar\/sitio\/wp-json\/wp\/v2\/posts\/31742\/revisions\/31744"}],"wp:featuredmedia":[{"embeddable":true,"href":"https:\/\/vocesparalelas.com.ar\/sitio\/wp-json\/wp\/v2\/media\/31743"}],"wp:attachment":[{"href":"https:\/\/vocesparalelas.com.ar\/sitio\/wp-json\/wp\/v2\/media?parent=31742"}],"wp:term":[{"taxonomy":"category","embeddable":true,"href":"https:\/\/vocesparalelas.com.ar\/sitio\/wp-json\/wp\/v2\/categories?post=31742"},{"taxonomy":"post_tag","embeddable":true,"href":"https:\/\/vocesparalelas.com.ar\/sitio\/wp-json\/wp\/v2\/tags?post=31742"}],"curies":[{"name":"wp","href":"https:\/\/api.w.org\/{rel}","templated":true}]}}