{"id":31740,"date":"2020-10-09T23:00:00","date_gmt":"2020-10-10T02:00:00","guid":{"rendered":"http:\/\/vocesparalelas.com.ar\/sitio\/?p=31740"},"modified":"2023-07-14T13:02:41","modified_gmt":"2023-07-14T16:02:41","slug":"conclusiones-del-acuerdo-san-juan-que-construye-una-provincia-pujante-e-inclusiva","status":"publish","type":"post","link":"https:\/\/vocesparalelas.com.ar\/sitio\/conclusiones-del-acuerdo-san-juan-que-construye-una-provincia-pujante-e-inclusiva\/","title":{"rendered":"Conclusiones del Acuerdo San Juan que construye una provincia pujante e inclusiva"},"content":{"rendered":"<p>De cara a la pospandemia, el gobernador de San Juan, Dr. Sergio U\u00f1ac, present\u00f3 las conclusiones del Acuerdo San Juan &#8211; ASJ -, finalizando as\u00ed un proceso sin antecedentes en el pa\u00eds, que ayud\u00f3 a entender que con la participaci\u00f3n de todos los sectores, se puede construir una provincia pujante e inclusiva.<\/p>\n<p><iframe loading=\"lazy\" title=\"ACUERDO SAN JUAN 2020\" width=\"800\" height=\"450\" src=\"https:\/\/www.youtube.com\/embed\/2uKRjjLXGsU?feature=oembed\" frameborder=\"0\" allow=\"accelerometer; autoplay; clipboard-write; encrypted-media; gyroscope; picture-in-picture; web-share\" allowfullscreen><\/iframe><\/p>\n<p>El ASJ naci\u00f3 con el objetivo de dise\u00f1ar acciones, a corto y mediano plazo, para revertir la actual situaci\u00f3n sanitaria y econ\u00f3mica mundial y recuperar los niveles de actividad y crecimiento.<\/p>\n<figure id=\"attachment_31738\" aria-describedby=\"caption-attachment-31738\" style=\"width: 800px\" class=\"wp-caption alignnone\"><img loading=\"lazy\" decoding=\"async\" class=\"wp-image-31738 size-full\" src=\"https:\/\/vocesparalelas.com.ar\/sitio\/wp-content\/uploads\/2020\/10\/ACUERDO-SAN-JUAN-01.jpg\" alt=\"\" width=\"800\" height=\"485\" srcset=\"https:\/\/vocesparalelas.com.ar\/sitio\/wp-content\/uploads\/2020\/10\/ACUERDO-SAN-JUAN-01.jpg 800w, https:\/\/vocesparalelas.com.ar\/sitio\/wp-content\/uploads\/2020\/10\/ACUERDO-SAN-JUAN-01-300x182.jpg 300w, https:\/\/vocesparalelas.com.ar\/sitio\/wp-content\/uploads\/2020\/10\/ACUERDO-SAN-JUAN-01-768x466.jpg 768w\" sizes=\"auto, (max-width: 800px) 100vw, 800px\" \/><figcaption id=\"caption-attachment-31738\" class=\"wp-caption-text\">Gobernador de San Juan, Dr. Sergio U\u00f1ac<\/figcaption><\/figure>\n<p>\u00abEste conjunto de medidas y acciones que hoy presentamos es ni m\u00e1s ni menos que el fruto del di\u00e1logo, un claro ejemplo de consenso\u00bb, comenz\u00f3 diciendo U\u00f1ac.<\/p>\n<p>\u00abSignifica horas de trabajo de muchos sanjuaninos y sanjuaninas, y espero sinceramente, que nos una en la esperanza de lograr un futuro con bienestar para todos\u00bb, sum\u00f3.<\/p>\n<p>Para el mandatario, el ASJ fue pensado como un plan de acci\u00f3n y es el resultado de una construcci\u00f3n colectiva, \u00abes el aporte solidario y comprometido de todos los sectores que dejar\u00e1 un legado sobre la manera en que en la provincia construimos un nuevo bienestar, una evoluci\u00f3n de nuestro Modelo San Juan\u00bb.<\/p>\n<p>Con esta meta desde el Poder Ejecutivo se convoc\u00f3 a representantes de m\u00e1s de 70 sectores de la sociedad vinculados a la econom\u00eda, la pol\u00edtica, la justicia, la ciencia, la educaci\u00f3n, la industria, el comercio, la cultura, el deporte, las organizaciones no gubernamentales, los medios de comunicaci\u00f3n, los credos, los colectivos sociales, las entidades profesionales y los sectores del trabajo.<\/p>\n<p>U\u00f1ac detall\u00f3 el proceso que finaliz\u00f3 en el Sal\u00f3n Cruce de Los Andes, con los esperados anuncios, al decir que se expresaron m\u00e1s de 2.000 sanjuaninas y sanjuaninos en 20 mesas sectoriales a las que se agregaron las mesas de los municipios en los 19 departamentos. Tambi\u00e9n, hubo participaci\u00f3n sanjuanina en forma individual, ac\u00e1 hay dos representantes: casi 500 propuestas se sumaron a trav\u00e9s del buz\u00f3n ciudadano. En un segundo paso se reunieron las mesas intersectoriales. En esta etapa participaron legisladores nacionales, intendentes, periodistas y representantes de todos los departamentos.<\/p>\n<p>\u00abCon gran madurez c\u00edvica y con la responsabilidad que la situaci\u00f3n requer\u00eda, dialogamos, discutimos y fundamentalmente acordamos. En el \u00faltimo tramo del ASJ operativizamos las propuestas y proyectos surgidos de las mesas intersectoriales. De este trabajo particip\u00f3 todo el equipo de Gobierno, analizando cada una de las propuestas y buscando la mejor manera de canalizarlas en acciones posibles y eficaces\u00bb, agreg\u00f3.<\/p>\n<p>El resultado del ASJ es un conjunto de medidas de pronta ejecuci\u00f3n que anunci\u00f3 el gobernador, a lo que se suman un conjunto de proyectos de ley, que fueron denominadas como Agenda Legislativa del ASJ. Tambi\u00e9n forma parte del Acuerdo una serie de propuestas que pasar\u00e1n a integrar la agenda de gobierno.<\/p>\n<p>A lo largo de todo este proceso surgieron en las mesas un conjunto de recomendaciones para el Ejecutivo que hemos reunido en un documento que denominamos \u201cSugerencias al Gobierno\u201d y que servir\u00e1n de gu\u00eda al Gobierno provincial para el dise\u00f1o y gesti\u00f3n de pol\u00edticas.<\/p>\n<p>\u00abLos resultados muestran que los sanjuaninos decidimos ser protagonistas y fuimos capaces de asumir el desaf\u00edo de trabajar juntos, poniendo nuestro mayor esfuerzo para salir de esta situaci\u00f3n\u00bb, enunci\u00f3 y a\u00f1adi\u00f3 que \u00abac\u00e1 hay talento y voluntad sanjuanina; disenso y consenso. Hay esfuerzo y hay esperanza tambi\u00e9n. Hay una hoja de ruta que nos permitir\u00e1 enfrentar la pandemia y la pospandemia m\u00e1s fortalecidos, m\u00e1s unidos y mejor preparados para el futuro\u00bb.<\/p>\n<p>Tanto el trabajo y las propuestas de cada una de las mesas, como los anuncios estuvieron atravesados por dos ejes fundamentales, los derechos humanos y la protecci\u00f3n del ambiente.<\/p>\n<p><span style=\"color: #008000;\"><strong>San Juan Trabaja: \u00abEstamos fortaleciendo la cultura del trabajo\u00bb<\/strong><\/span><\/p>\n<p><iframe loading=\"lazy\" title=\"Acuerdo San Juan: San Juan Trabaja\" width=\"800\" height=\"450\" src=\"https:\/\/www.youtube.com\/embed\/C4zpbLLJzv0?feature=oembed\" frameborder=\"0\" allow=\"accelerometer; autoplay; clipboard-write; encrypted-media; gyroscope; picture-in-picture\" allowfullscreen><\/iframe><\/p>\n<p>Este mi\u00e9rcoles 14 de octubre estar\u00e1 operativo el Programa San Juan Trabaja, que incluye dos acciones centrales: la puesta en marcha de un sistema que vincular\u00e1 oferta y demanda de empleo, y un Programa de Formaci\u00f3n Laboral.<\/p>\n<p>Esta medida est\u00e1 dirigida a personas mayores de 18 a\u00f1os que se encuentren desocupadas y en busca de empleo.<\/p>\n<p>Participar\u00e1n todos aquellos que no est\u00e9n comprendidos en otras iniciativas sociales, quienes acceder\u00e1n a una asignaci\u00f3n econ\u00f3mica con obligaci\u00f3n laboral durante seis meses.<\/p>\n<p>\u00abEl desempleo en la provincia ha subido del 3.5 al 6,5% en el \u00faltimo trimestre. Es verdad que es menos de la mitad de la media nacional y la tercera parte de lo que tienen los grandes conglomerados urbanos en la Rep\u00fablica Argentina. Esta cifra que era esperable como impacto econ\u00f3mico de la pandemia, nos preocupa y seguiremos trabajando fuertemente para revertirla\u00bb, se\u00f1al\u00f3 al respecto U\u00f1ac.<\/p>\n<p>Sobre el objetivo general de este programa, Sergio U\u00f1ac solicit\u00f3 que \u00ablos beneficiarios se formen mientras desarrollan un trabajo concreto en una empresa concreta en la provincia de San Juan. En las mesas del ASJ hemos coincidido que el concepto clave es &#8216;empleabilidad&#8217;, entendida como mejora de las condiciones individuales para lograr y sostener empleo de calidad\u00bb.<\/p>\n<p><span style=\"color: #008000;\"><strong>Instituto de innovaci\u00f3n educativa: \u00abPara repensar la educaci\u00f3n de cara al nuevo siglo\u00bb<\/strong><\/span><\/p>\n<p><iframe loading=\"lazy\" title=\"Acuerdo San Juan: Instituto de innovaci\u00f3n educativa\" width=\"800\" height=\"450\" src=\"https:\/\/www.youtube.com\/embed\/3-OIJETlY7Q?feature=oembed\" frameborder=\"0\" allow=\"accelerometer; autoplay; clipboard-write; encrypted-media; gyroscope; picture-in-picture\" allowfullscreen><\/iframe><\/p>\n<p>Paralelamente, se dispuso crear el Instituto de innovaci\u00f3n educativa para \u00abrepensar la educaci\u00f3n orient\u00e1ndola al trabajo y de cara al nuevo siglo\u00bb.<\/p>\n<p>Este espacio fomentar\u00e1 y articular\u00e1 la cooperaci\u00f3n a nivel local, entre instituciones educativas, sectores empresariales, sindicales y organizaciones gubernamentales con el objetivo de articular la educaci\u00f3n con el trabajo.<\/p>\n<p>Tendr\u00e1 como objetivo central el estudio y la modificaci\u00f3n de las curr\u00edculas vincul\u00e1ndolas a la matriz productiva provincial.<\/p>\n<p>\u00abLa educaci\u00f3n es la base y el trabajo la herramienta del desarrollo personal y tambi\u00e9n del desarrollo colectivo\u00bb, declar\u00f3 el mandatario.<\/p>\n<p>&nbsp;<\/p>\n<p><span style=\"color: #008000;\"><strong>Compre Local \u2013 Social: fortalecer la econom\u00eda local y generar fuentes de trabajo<\/strong><\/span><\/p>\n<p>&nbsp;<\/p>\n<p><iframe loading=\"lazy\" title=\"Acuerdo San Juan: Compre Local - Social\" width=\"800\" height=\"450\" src=\"https:\/\/www.youtube.com\/embed\/SNCOGCetcRM?feature=oembed\" frameborder=\"0\" allow=\"accelerometer; autoplay; clipboard-write; encrypted-media; gyroscope; picture-in-picture\" allowfullscreen><\/iframe><\/p>\n<p>&nbsp;<\/p>\n<p>El Gobernador Sergio U\u00f1ac envi\u00f3 a la C\u00e1mara de Diputados un proyecto de Ley que establece un sistema de preferencias en las contrataciones del Estado Provincial.<\/p>\n<p>\u00abBuscamos con esto beneficiar a empresas locales industriales, comerciales, de servicios, constructoras, cooperativas y productores de la econom\u00eda social, que cuenten con establecimientos en la Provincia y contraten mano de obra sanjuanina. El Estado debe contribuir a fortalecer la econom\u00eda local promoviendo y preservando el inter\u00e9s de los sanjuaninos\u00bb, afirm\u00f3.<\/p>\n<p>El mecanismo prev\u00e9 una ponderaci\u00f3n de entre el 3% y hasta el 9% en favor de los oferentes locales.<\/p>\n<p>Acto seguido, ejemplific\u00f3 con im\u00e1genes sobre el arreglo de maquinaria minera que al no contar con las herramientas necesarias en el \u00e1mbito local, debe hacerse fuera de la provincia: \u00abPerdemos recursos que se van a otras jurisdicciones por que el mercado local no tiene una propuesta al respecto. Es un buen momento para que nuestros empresarios promuevan dos cuestiones muy importantes; fortalecer la integraci\u00f3n de sus cadenas de valor con insumos y servicios locales e identificar aquellos rubros que no tienen oferta local. Hay una demanda del mercado sanjuanino que no encuentra respuesta local, y en esos rubros tenemos que trabajar\u00bb, propuso.<\/p>\n<p><strong><span style=\"color: #008000;\">Carpeta Crediticia \u00danica: potenciar el cr\u00e9dito para impulsar la inversi\u00f3n privada<\/span><\/strong><\/p>\n<p><iframe loading=\"lazy\" title=\"Acuerdo San Juan: Carpeta Crediticia \u00danica\" width=\"800\" height=\"450\" src=\"https:\/\/www.youtube.com\/embed\/uZ9GHhrKzuk?feature=oembed\" frameborder=\"0\" allow=\"accelerometer; autoplay; clipboard-write; encrypted-media; gyroscope; picture-in-picture\" allowfullscreen><\/iframe><\/p>\n<p>En el marco del ASJ, el gobierno de Sergio U\u00f1ac busca redise\u00f1ar y potenciar las \u00e1reas vinculadas al cr\u00e9dito, coordinando y promoviendo un mejor funcionamiento de las herramientas que desarrollan la Agencia Calidad San Juan, Fiduciaria San Juan, Garant\u00eda San Juan, Agencia de Inversiones y el C.F.I con la finalidad de orientar y facilitar el acceso al cr\u00e9dito.<\/p>\n<p>\u00abEl financiamiento de la inversi\u00f3n privada ha sido siempre un eje de nuestro gobierno. Hemos puesto a disposici\u00f3n de inversores locales m\u00e1s de 4000 millones de pesos en los \u00faltimos 4 a\u00f1os, en distintas l\u00edneas de cr\u00e9dito y\/o programas para incentivar la inversi\u00f3n privada. No obstante, surgi\u00f3 del debate que en ocasiones resulta dificultoso el acceso al cr\u00e9dito. Esto lo tenemos que resolver porque necesitamos inversi\u00f3n privada\u00bb, analiz\u00f3.<\/p>\n<p>En ese marco, se acord\u00f3 con el sector financiero que el Gobierno desarrolle una &#8216;Carpeta Crediticia \u00danica&#8217;, que permitir\u00e1 simplificar el acceso al cr\u00e9dito en los Bancos locales, promoviendo una mayor inclusi\u00f3n financiera. Una sola Carpeta Crediticia que ser\u00e1 utilizada por todos los bancos con asiento en la provincia de San Juan.<\/p>\n<p>Adem\u00e1s, el gobernador lanz\u00f3 l\u00edneas de cr\u00e9dito para inversi\u00f3n, capital de trabajo y consumo en acuerdo con el Banco San Juan como agente financiero y las dem\u00e1s entidades bancarias, como apoyo a la reactivaci\u00f3n econ\u00f3mica.<\/p>\n<p><span style=\"color: #008000;\"><strong>Reconversi\u00f3n energ\u00e9tica de sistemas de riego: l\u00edneas de cr\u00e9dito para productores<\/strong><\/span><\/p>\n<p><iframe loading=\"lazy\" title=\"Acuerdo San Juan: Reconversi\u00f3n energ\u00e9tica de sistemas de riego\" width=\"800\" height=\"450\" src=\"https:\/\/www.youtube.com\/embed\/daq5lrXoW5g?feature=oembed\" frameborder=\"0\" allow=\"accelerometer; autoplay; clipboard-write; encrypted-media; gyroscope; picture-in-picture\" allowfullscreen><\/iframe><\/p>\n<p>En las mesas de di\u00e1logo se puso de manifiesto la preocupaci\u00f3n de los sanjuaninos por el uso racional del agua y la necesidad de ir reconvirtiendo los procesos productivos con energ\u00edas sustentables o energ\u00edas limpias.<\/p>\n<p>\u00abAnalizamos el planteo y tenemos una respuesta\u00bb, dijo U\u00f1ac, \u00abhemos definido una l\u00ednea de cr\u00e9dito especial para el agro y la ganader\u00eda relacionados con el cambio de la matriz energ\u00e9tica. Pondremos a disposici\u00f3n de los productores cr\u00e9dito de hasta $3.000.000, a 36 meses de plazo con 6 meses de gracia a una tasa del 9.9% nominal anual, destinada a reconversi\u00f3n energ\u00e9tica de los sistemas de riego y extracci\u00f3n de agua subterr\u00e1nea\u00bb.<\/p>\n<p><strong><span style=\"color: #008000;\">Canasta de Inversiones<\/span><\/strong><\/p>\n<p><iframe loading=\"lazy\" title=\"Acuerdo San Juan: Canasta de inversiones\" width=\"800\" height=\"450\" src=\"https:\/\/www.youtube.com\/embed\/yVQZWl5eU3A?feature=oembed\" frameborder=\"0\" allow=\"accelerometer; autoplay; clipboard-write; encrypted-media; gyroscope; picture-in-picture\" allowfullscreen><\/iframe><\/p>\n<p>Durante el ASJ, se acord\u00f3 sobre la necesidad de desarrollar un plan destinado a incentivar la inversi\u00f3n del ahorro de los sanjuaninos y, para ello, se dise\u00f1aron alternativas, a modo de canasta de inversiones.<\/p>\n<p>En primer lugar, una nueva herramienta destinada al sector privado con capacidad para pagar una cuota un poco m\u00e1s elevada, lo que ir\u00e1 por v\u00edas separada a lo que invierte el Instituto Provincial de la Vivienda.<\/p>\n<p>\u00abVamos a proponer invertir en la construcci\u00f3n privada de viviendas con financiamiento preferencial, canalizando el ahorro privado a la construcci\u00f3n, actividad que tiene un gran efecto multiplicador\u00bb, detall\u00f3 U\u00f1ac.<\/p>\n<p>As\u00ed, los sanjuaninos podr\u00e1n invertir en la construcci\u00f3n de viviendas en funci\u00f3n de sus capacidades de ahorro. Adem\u00e1s, las asociaciones civiles, profesionales y gremios, podr\u00e1n que hoy construyen a trav\u00e9s del IPV, podr\u00e1n desarrollar con el apoyo del Estado provincial proyectos urban\u00edsticos de viviendas.<\/p>\n<p>Tambi\u00e9n laz\u00f3 el Plan con un 20% de aporte financiero del Estado y un 80% de aporte financiero de los Privados, destinado a quienes van a usufructuar las casas pero tambi\u00e9n con aporte del sector financiero y la venta de Terrenos Urbanizados para primera vivienda.<\/p>\n<p>Como otra alternativa de inversi\u00f3n, se dispuesto en el marco del Plan Provincial de Eficiencia Energ\u00e9tica, canalizar peque\u00f1os, medianos y grandes inversores hacia el desarrollo de las energ\u00edas renovables y proyectos vinculados con el cambio de la matriz energ\u00e9tica en San Juan.<\/p>\n<p>\u00abA modo de ejemplo\u00bb, cont\u00f3 el Gobernador, \u00abun Fideicomiso Financiero para inversi\u00f3n en energ\u00eda solar con un m\u00ednimo de 20 mil pesos ofrecer\u00eda un rendimiento en d\u00f3lares de 3% anual. S\u00f3lo una reflexi\u00f3n al respecto, tenemos una empresa provincial que es modelo en el desarrollo de energ\u00eda pero tambi\u00e9n tenemos los terrenos comprados y los proyectos definidos al respecto, San Juan es la provincia con mayor generaci\u00f3n de energ\u00eda solar en todo el territorio Nacional. Esta propuesta est\u00e1 pensada para minoristas (particulares y empresas) o Instituciones colocadoras como seguros o cajas profesionales, con un periodo de inversi\u00f3n de 12 a\u00f1os\u00bb.<\/p>\n<p>En el corto plazo el Cannabis Medicinal tambi\u00e9n ofrecer\u00e1 posibilidades de inversi\u00f3n, ya que habr\u00e1 disponibles instrumentos financieros que permitir\u00e1n canalizar el ahorro de los sanjuaninos a este prometedor sector.<\/p>\n<p>\u00abLa semana pasada hemos conseguido la autorizaci\u00f3n del Ministerio de Salud de Naci\u00f3n y del Ministerio de Seguridad para la producci\u00f3n de Cannabis en terrenos adquiridos en el departamento de Sarmiento\u00bb, anunci\u00f3.<\/p>\n<p><strong><span style=\"color: #008000;\">Regal\u00edas Mineras: redirigidas para un desarrollo sostenible<\/span><\/strong><\/p>\n<p><iframe loading=\"lazy\" title=\"Acuerdo San Juan: Regal\u00edas Mineras\" width=\"800\" height=\"450\" src=\"https:\/\/www.youtube.com\/embed\/ISaUKc5Iy-8?feature=oembed\" frameborder=\"0\" allow=\"accelerometer; autoplay; clipboard-write; encrypted-media; gyroscope; picture-in-picture\" allowfullscreen><\/iframe><\/p>\n<p>Teniendo en cuenta la importancia de la miner\u00eda en el contexto provincial, del ASJ surge que los recursos provenientes de la miner\u00eda deben canalizarse de manera tal que impacten en el desarrollo econ\u00f3mico y social de todos los sanjuaninos, en particular de aqu\u00e9llos que habitan en las zonas de producci\u00f3n minera.<\/p>\n<p>\u00abEs por eso que hemos acordado con los intendentes de los departamentos mineros impulsar una reforma a la Ley de Regal\u00edas Mineras y del decreto que regula tambi\u00e9n su destino\u00bb, anunci\u00f3 U\u00f1ac.<\/p>\n<p>Al respecto, se env\u00eda un proyecto de modificaci\u00f3n de la Ley a la Legislatura Provincial, disponiendo que los recursos mineros asignados a los Municipios deber\u00e1n destinarse exclusivamente a la realizaci\u00f3n de proyectos estrat\u00e9gicos vinculados a la infraestructura, al desarrollo productivo, industrial, tur\u00edstico y a la construcci\u00f3n de viviendas, prohibiendo en todos los casos el destino a gastos corrientes.<\/p>\n<p>Asimismo, el 10% de los recursos asignados al Ministerio de Miner\u00eda, ser\u00e1n destinados al Sistema Provincial de Innovaci\u00f3n y desarrollo de la econom\u00eda del conocimiento, que es el camino para fortalecer la competitividad de las empresas locales.<\/p>\n<p>En conclusi\u00f3n, las regal\u00edas mineras ser\u00e1n redirigidas con un sentido estrat\u00e9gico, para que sean el soporte de un desarrollo sostenible de todos los sanjuaninos.<\/p>\n<p>En la misma l\u00ednea y a propuesta de las mesas, se instrumentar\u00e1 una pol\u00edtica de incentivo a las inversiones mineras provinciales permitiendo que los Proyecto Mineros inviertan en infraestructura vial y energ\u00e9tica a cuenta de regal\u00edas. \u00abEsto entendemos ser\u00e1 un gran est\u00edmulo para invertir en San Juan\u00bb, afirm\u00f3.<\/p>\n<p><strong><span style=\"color: #008000;\">Simplificaci\u00f3n Administrativa: habilitaciones<\/span><\/strong><\/p>\n<p><iframe loading=\"lazy\" title=\"Acuerdo San Juan: Simplificaci\u00f3n Administrativa - habilitaciones\" width=\"800\" height=\"450\" src=\"https:\/\/www.youtube.com\/embed\/-IDomRCVlPU?feature=oembed\" frameborder=\"0\" allow=\"accelerometer; autoplay; clipboard-write; encrypted-media; gyroscope; picture-in-picture\" allowfullscreen><\/iframe><\/p>\n<p>Sumado a todo lo ya anunciado y fruto del di\u00e1logo originado en las distintas mesas del Acuerdo, U\u00f1ac manifest\u00f3 que \u00abavanzaremos hacia redefiniciones en el Estado en b\u00fasqueda de una mayor eficiencia y eficacia administrativa. A partir del d\u00eda de la fecha las habilitaciones comerciales, industriales y profesionales que expida la Provincia tendr\u00e1n una vigencia de tres a\u00f1os con controles pertinentes\u00bb.<\/p>\n<p>Estas habilitaciones, que antes ten\u00edan s\u00f3lo un a\u00f1o de vigencia a tres a\u00f1os, lo que implicaba que cuando se comenzaba la primera y terminaba la \u00faltima se deb\u00eda recomenzar con la habilitaci\u00f3n del primer tr\u00e1mite. Esto simplifica la tarea del Estado pero particularmente simplifica los tr\u00e1mites que los particulares que deciden invertir o desarrollar actividades tienen que hacer en el marco del estado provincial.<\/p>\n<p>\u00abLos intendentes se han comprometido a acompa\u00f1ar esta medida que tiene por objeto hacerle las cosas m\u00e1s simples a quienes desarrollan una actividad econ\u00f3mica y generan riqueza y empleo en la provincia\u00bb, subray\u00f3.<\/p>\n<p>Paralelamente se desarroll\u00f3 el Portal Habilitaciones San Juan, como primera etapa de una ventanilla que permitir\u00e1 tramitar en forma r\u00e1pida todas las habilitaciones provinciales y municipales.<\/p>\n<p><strong><span style=\"color: #008000;\">Conectividad: Programa San Juan Conectada<\/span><\/strong><\/p>\n<p><iframe loading=\"lazy\" title=\"Acuerdo San Juan: Conectividad Programa San Juan Conectada\" width=\"800\" height=\"450\" src=\"https:\/\/www.youtube.com\/embed\/PdiEYoZkN7I?feature=oembed\" frameborder=\"0\" allow=\"accelerometer; autoplay; clipboard-write; encrypted-media; gyroscope; picture-in-picture\" allowfullscreen><\/iframe><\/p>\n<p>La pandemia puso en evidencia el rol clave de la tecnolog\u00eda para sostener la nueva normalidad. Existe una fuerte demanda y la conectividad se instala como un derecho, para todos los sanjuaninos y en todo lugar.<\/p>\n<p>Por eso se acord\u00f3 destinar en forma conjunta con el Gobierno Nacional, a trav\u00e9s de ARSAT, tres mil millones de pesos que permitir\u00e1 alcanzar en los pr\u00f3ximos tres a\u00f1os una red de fibra \u00f3ptica multiprop\u00f3sito de m\u00e1s 2500 km de extensi\u00f3n.<\/p>\n<p>El 1 de noviembre se iniciar\u00e1n las tareas para incorporar 990 Km de nuevo tendido de Fibra \u00d3ptica. Cubrir\u00e1 en la primera fase, en los a\u00f1os 2021-2022 los departamentos de Calingasta, Iglesia, J\u00e1chal y Valle F\u00e9rtil.<\/p>\n<p>La Fase 2 de este programa, 2022-2023, cubrir\u00e1 la demanda de los departamentos de Caucete, 25 de Mayo, 9 de Julio, San Mart\u00edn, Angaco, Albard\u00f3n, Ullum, Zonda, Pocito y Sarmiento.<\/p>\n<p>En el Gran San Juan, tambi\u00e9n se aumentar\u00e1 significativamente la infraestructura de fibra \u00f3ptica multiprop\u00f3sito, y paralelamente se impulsar\u00e1 en todo el territorio provincial, el desarrollo de los operadores privados para el servicio de internet y datos m\u00f3viles, como complemento de inversi\u00f3n a este gran proyecto de conectividad.<\/p>\n<p><strong><span style=\"color: #008000;\">RedTulum<\/span><\/strong><\/p>\n<p><iframe loading=\"lazy\" title=\"Acuerdo San Juan: Red Tulum\" width=\"800\" height=\"450\" src=\"https:\/\/www.youtube.com\/embed\/SsNF1IU-cnI?feature=oembed\" frameborder=\"0\" allow=\"accelerometer; autoplay; clipboard-write; encrypted-media; gyroscope; picture-in-picture; web-share\" allowfullscreen><\/iframe><\/p>\n<p>Teniendo como metas el desarrollo econ\u00f3mico y la inclusi\u00f3n social, es necesario optimizar la conectividad digital, como avanzar en mejoras a la conectividad terrestre.<\/p>\n<p>Por eso, \u00abdecidimos sumar los aportes de las mesas del acuerdo en el dise\u00f1o de la RedTulum, teniendo como meta mejorar los est\u00e1ndares del transporte p\u00fablico\u00bb, dijo U\u00f1ac.<\/p>\n<p>A partir del a\u00f1o 2021 se redefinir\u00e1 el esquema de conectividad en todo el territorio provincial, con m\u00e1s y mejores recorridos, incrementando l\u00edneas, con un parque automotor moderno y completamente renovado al a\u00f1o 2022. \u00abpara esto hay aportes provinciales como tambi\u00e9n aportes de los empresarios del transporte sanjuanino\u00bb, detall\u00f3.<\/p>\n<p>Sectores periurbanos, como por ejemplo el barrio Valle Grande, en Rawson; o Alto de Sierra, en Santa Luc\u00eda; tendr\u00e1n una mejor frecuencia de servicio y un menor tiempo de viaje. Con RedTulum, distintas localidades contar\u00e1n con un servicio urbano de transporte destinado a fortalecer la conectividad interna en cada departamento.<\/p>\n<p>El transporte p\u00fablico funcionar\u00e1 bajo un concepto de red, integrando destinos en un sistema \u00fanico, garantizando una movilidad eficiente que impacte en la calidad de vida de cada sanjuanina y sanjuanino. Para esto tambi\u00e9n se articulan dos nodos en donde los colectivos van a tener el sistema de transbordo aqu\u00ed en Capital.<\/p>\n<p>\u00abEn el d\u00eda de hoy firme el decreto de adjudicaci\u00f3n de los nuevos recorridos que iniciar\u00e1 su implementaci\u00f3n en el mes de Enero del pr\u00f3ximo a\u00f1o\u00bb, anunci\u00f3.<\/p>\n<p><strong><span style=\"color: #008000;\">Polo Cient\u00edfico \u2013 Tecnol\u00f3gico<\/span><\/strong><\/p>\n<p><iframe loading=\"lazy\" title=\"Acuerdo San Juan: Polo Cient\u00edfico - Tecnol\u00f3gico\" width=\"800\" height=\"450\" src=\"https:\/\/www.youtube.com\/embed\/TS6b-dVKpwY?feature=oembed\" frameborder=\"0\" allow=\"accelerometer; autoplay; clipboard-write; encrypted-media; gyroscope; picture-in-picture\" allowfullscreen><\/iframe><\/p>\n<p>Hoy, m\u00e1s que nunca el desarrollo econ\u00f3mico productivo requiere del fortalecimiento del sistema cient\u00edfico tecnol\u00f3gico y de la innovaci\u00f3n, \u00abpor eso estamos trabajando en el dise\u00f1o e implementaci\u00f3n de un Polo Cient\u00edfico y Tecnol\u00f3gico Provincial, que se encargar\u00e1 de coordinar acciones p\u00fablicas, privadas, acad\u00e9micas y cient\u00edficas para estimular la creaci\u00f3n y radicaci\u00f3n de empresas de base tecnol\u00f3gica y del conocimiento\u00bb, expuso Sergio U\u00f1ac.<\/p>\n<p>Para dar un ejemplo de esto, repas\u00f3 las caracter\u00edsticas de lo que ser\u00e1 el Centro de Diagn\u00f3stico de Alta Complejidad e Investigaci\u00f3n.<\/p>\n<p>\u00abHemos decidido avanzar con la implementaci\u00f3n de este Centro de Alta Complejidad en las instalaciones del Hospital Espa\u00f1ol, que fue adquirido por el gobierno de la provincia, con una inversi\u00f3n edilicia de m\u00e1s de 90 millones que tiene un 30% de avance y cerca de 150 millones en equipamiento. Para ello hemos concretado un convenio con la Comisi\u00f3n Nacional de Energ\u00eda At\u00f3mica (CNEA) y con la Fundaci\u00f3n Escuela de Medicina Nuclear (FUESMEN). Para tomar dimensi\u00f3n: semanalmente m\u00e1s de 30 pacientes sanjuaninos deben trasladarse a otras provincias para realizarse el estudio para la detecci\u00f3n de actividad tumoral mediante la utilizaci\u00f3n del PET-CT. Lo mismo pasa con el \u00e1rea Medicina Gen\u00e9tica, para los estudios de patolog\u00edas asociadas a alteraciones del ADN que hasta hoy deben realizarse o detectarse fuera del pa\u00eds. Con el establecimiento de un laboratorio de medicina gen\u00f3mica, en nuestra provincia podr\u00e1n realizarse 2000 estudios gen\u00e9ticos anuales para diagn\u00f3stico de c\u00e1ncer y 3000 por a\u00f1o para enfermedades de origen neurol\u00f3gico, con un 30% del costo que hoy tienen, se podr\u00e1n realizar en la provincia de San Juan con esta inversi\u00f3n anunciada y que parte de ella ya est\u00e1 en ejecuci\u00f3n\u00bb, ejemplific\u00f3 sobre lo que significar\u00e1 el Polo Tecnol\u00f3gico, vinculado en este caso a la medicina, y su impacto en la vida real de los sanjuaninos.<\/p>\n<p><strong><span style=\"color: #008000;\">Turismo<\/span><\/strong><\/p>\n<p>El sector tur\u00edstico y cultural de San Juan es uno de los m\u00e1s castigados por la pandemia y en virtud de esta realidad, el gobierno provincia dise\u00f1\u00f3 el Plan Provincial de Reactivaci\u00f3n Tur\u00edstica y Cultural que incluye, en primer lugar, un Programa de reducci\u00f3n impositiva destinado a prestadores de servicios tur\u00edsticos en todas sus modalidades, transporte, salones y espacios de eventos, gestores y trabajadores culturales independientes, academias e institutos de danza.<\/p>\n<p>\u00abDijimos que el turismo es un eje de nuestro desarrollo y desde el ASJ tomamos las medidas para sostenerlo, en el presente y futuro de San Juan est\u00e1 necesariamente la actividad tur\u00edstica\u00bb, se\u00f1al\u00f3.<\/p>\n<p>A esta iniciativa se suma el Programa de Cr\u00e9ditos San Juan Activa por el cual se podr\u00e1 a disposici\u00f3n del sector, $200 millones con una tasa de inter\u00e9s anual del 9,9 % y un per\u00edodo de gracia de seis meses. A esto se suman los Programas del Emprendedor Cultural y Tur\u00edstico, que son subsidios otorgados a los peque\u00f1os emprendedores que tiene la provincia.<\/p>\n<p>Otra iniciativa que se llevar\u00e1 adelante en el marco del Acuerdo San Juan, es el Programa de Pre compra \u201cConociendo San Juan\u201d por el que invertiremos $20 millones en servicios tur\u00edsticos locales para garantizar a los prestadores tur\u00edsticos un \u201cingreso adelantado\u201d por paquetes que utilizaremos cuando se normalice la actividad tur\u00edstica.<\/p>\n<p><strong><span style=\"color: #008000;\">Derechos humanos y paridad de g\u00e9nero: ejes del ASJ<\/span><\/strong><\/p>\n<p><iframe loading=\"lazy\" title=\"Acuerdo San Juan: Derechos Humanos y paridad de G\u00e9neros\" width=\"800\" height=\"450\" src=\"https:\/\/www.youtube.com\/embed\/kOz98TuS4Kk?feature=oembed\" frameborder=\"0\" allow=\"accelerometer; autoplay; clipboard-write; encrypted-media; gyroscope; picture-in-picture\" allowfullscreen><\/iframe><\/p>\n<p>Los DDHH son uno de los ejes transversales de este Acuerdo San Juan. Por ello, U\u00f1ac dijo que se pone en funcionamiento una \u201cMesa Provincial de Derechos Humanos\u201d, integrada por el Ministerio de Gobierno, el Poder Judicial, el Poder Legislativo, INADI y la Defensor\u00eda del Pueblo.<\/p>\n<p>Paralelamente, el gobernador envi\u00f3 este viernes el proyecto de Ley de Paridad de G\u00e9neros y participaci\u00f3n equitativa para todos los cargos electivos, legislativos, tanto en el orden provincial como municipal.<\/p>\n<p>Este proyecto de Ley implica adem\u00e1s una obligada modificaci\u00f3n del C\u00f3digo Electoral Provincial y de la Ley de Estatutos de Partidos Pol\u00edticos que deber\u00e1 tratarse en la C\u00e1mara Legislativa Provincial.<\/p>\n<p>\u00abCuando las condiciones para el acceso no son equitativas deben introducirse pol\u00edticas que mitiguen la distorsi\u00f3n\u00bb, analiz\u00f3.<\/p>\n<p>Asimismo, teniendo en miras el aumento de situaciones de violencia de g\u00e9nero suscitadas en el marco del aislamiento, en conjunto con el Poder Judicial vamos a poner en funcionamiento en el mes de Noviembre el Centro de Abordaje de Violencia Intrafamiliar y de G\u00e9nero, (CAVIG) a fin de brindar una atenci\u00f3n y contenci\u00f3n integral de la v\u00edctima de violencia de g\u00e9nero.<\/p>\n<p>U\u00f1ac destac\u00f3 la participaci\u00f3n del Poder Judicial en este proceso y sus aportes al ASJ.<\/p>\n<p><strong><span style=\"color: #008000;\">Patrimonio de los clubes y reconocimiento al m\u00e9rito<\/span><\/strong><\/p>\n<p><iframe loading=\"lazy\" title=\"Acuerdo San Juan: Protecci\u00f3n del Patrimonio de los Clubes\" width=\"800\" height=\"450\" src=\"https:\/\/www.youtube.com\/embed\/MHkcpVFbWAs?feature=oembed\" frameborder=\"0\" allow=\"accelerometer; autoplay; clipboard-write; encrypted-media; gyroscope; picture-in-picture\" allowfullscreen><\/iframe><\/p>\n<p>El Acuerdo San Juan ratific\u00f3 la vinculaci\u00f3n del deporte con la calidad de vida, los h\u00e1bitos saludables y la integraci\u00f3n social. Y en esta l\u00f3gica, los clubes son de vital importancia.<\/p>\n<p>\u00abElevaremos a la C\u00e1mara de Diputados un Proyecto de Ley para proteger el patrimonio de clubes sociales y deportivos de embargos y ejecuciones. De esta manera estamos protegiendo el esfuerzo de varias generaciones de dirigentes, socios y deportistas de la comunidad sanjuanina\u00bb, anticip\u00f3 el gobernador en la ma\u00f1ana del viernes.<\/p>\n<p>\u00abParalelamente instrumentaremos una pensi\u00f3n para nuestros campeones ol\u00edmpicos y campeones mundiales en reconocimiento a sus logros deportivos y a la representaci\u00f3n que oportunamente hicieron de nuestro deporte a nivel internacional. Podr\u00e1n acceder todos aquellos que por su situaci\u00f3n requieran de este tipo de asistencia, por lo que recibir\u00e1n una pensi\u00f3n no contributiva de car\u00e1cter personal intransferible y vitalicia\u00bb, agreg\u00f3.<\/p>\n<p>Asimismo, la provincia present\u00f3 en el Congreso de la Naci\u00f3n un proyecto de Ley para establecer un r\u00e9gimen especial de aportes voluntarios al sistema de Seguridad Social para deportistas argentinos federados y no federados, brind\u00e1ndoles de esta manera la posibilidad de contar a futuro y cuando corresponda con su respectivo beneficio jubilatorio.<\/p>\n<p><span style=\"color: #008000;\"><strong>Prevenci\u00f3n, para m\u00e1s seguridad<\/strong><\/span><\/p>\n<p><iframe loading=\"lazy\" title=\"Acuerdo San Juan: Prevenci\u00f3n para m\u00e1s Seguridad\" width=\"800\" height=\"450\" src=\"https:\/\/www.youtube.com\/embed\/y5MzOan-5R0?feature=oembed\" frameborder=\"0\" allow=\"accelerometer; autoplay; clipboard-write; encrypted-media; gyroscope; picture-in-picture\" allowfullscreen><\/iframe><\/p>\n<p>Otra de las conclusiones que se abordaron las mesas del ASJ fue la necesidad de garantizar la seguridad de los sanjuaninos, poniendo el acento en la prevenci\u00f3n del delito. Hubo consenso sobre la efectividad de la tecnolog\u00eda a la hora de combatir la inseguridad y sobre la centralidad que ha adoptado el CISEM 911 en nuestra pol\u00edtica de seguridad p\u00fablica.<\/p>\n<p>\u00abHemos dispuesto sumas a las casi 400 c\u00e1maras que tiene la provincia, la adquisici\u00f3n inmediata de 176 nuevas c\u00e1maras, que ser\u00e1n dispuestas en los pr\u00f3ximos 90 d\u00edas en puntos estrat\u00e9gicos de los 19 Departamentos seg\u00fan la informaci\u00f3n relevada en el Mapa del Delito. Estamos acordando con los Municipios que incorporen c\u00e1maras y se integren al sistema provincial de video vigilancia como una forma de sumar esfuerzos de ambas jurisdicciones\u00bb, anticip\u00f3 el gobernador sanjuanino.<\/p>\n<p>Hace tres d\u00edas fueron presentados los 200 nuevos polic\u00edas entre oficiales ayudantes y agentes, 40 nuevos patrulleros, 45 motos, casillas rodantes, camionetas y camiones para rescates y emergencias en altura. \u00abLa seguridad est\u00e1 en la agenda del Gobierno y seguiremos trabajando haciendo foco en la prevenci\u00f3n ciudadana\u00bb, puso \u00e9nfasis U\u00f1ac.<\/p>\n<p><strong><span style=\"color: #008000;\">Impuestos y costo energ\u00e9tico<\/span><\/strong><\/p>\n<p><iframe loading=\"lazy\" title=\"Acuerdo San Juan: Impuestos y costo energ\u00e9tico\" width=\"800\" height=\"450\" src=\"https:\/\/www.youtube.com\/embed\/-5_RmfDLFTU?feature=oembed\" frameborder=\"0\" allow=\"accelerometer; autoplay; clipboard-write; encrypted-media; gyroscope; picture-in-picture\" allowfullscreen><\/iframe><\/p>\n<p>Al presentar el ASJ, el gobernador U\u00f1ac dijo que \u00abdeber\u00edamos transitar hacia una econom\u00eda menos contributiva al Estado y m\u00e1s distributiva hacia la sociedad sanjuanina. Con esta idea comenzamos a revisar las normas tributarias de la provincia, impuestos y tasas municipales inclusive, como respuesta, tambi\u00e9n, al debate de las mesas de trabajo que se desarrollaron en el acuerdo\u00bb.<\/p>\n<p>En virtud del trabajo conjunto del Ministerio de Hacienda, los Municipios y el EPRE, la gesti\u00f3n de U\u00f1ac reducir\u00e1 sustancialmente el impacto impositivo en la boleta del servicio el\u00e9ctrico; \u00abconcretamente eliminaremos el Adicional Lote Hogar y reduciremos los Ingresos Brutos, la Interconexi\u00f3n de 500 kV y el Fondo PIEDE\u00bb, sostuvo.<\/p>\n<p>Adem\u00e1s, se reducir\u00e1 la tasa de alumbrado p\u00fablico y uso de espacio a\u00e9reo a un \u00fanico cargo municipal. Todas estas medidas implicar\u00e1n una disminuci\u00f3n que variar\u00e1 seg\u00fan el municipio y que podr\u00e1 llegar en algunos casos al 30% menos de la factura tanto para usuarios residenciales como del sector productivo.<\/p>\n<p>Los anuncios entran en vigencia a partir del mes de octubre e impactar\u00e1 en la factura del mes de diciembre.<\/p>\n<p>En otro orden, se enviar\u00e1 una ley que disminuye la presi\u00f3n impositiva a partir del mes de noviembre y que aliviar\u00e1 la actividad privada como por ejemplo la exenci\u00f3n en el impuesto a los sellos para la constituci\u00f3n de sociedades, aumentos de capital, entre otros. Tambi\u00e9n la al\u00edcuota cero en Ingresos Brutos para las actividades relacionadas con el turismo.<\/p>\n<p>En ese sentido, U\u00f1ac brind\u00f3 un ejemplo concreto: radicar una empresa que antes costaba 100 mil pesos con un patrimonio de 10 millones a partir de hoy costara cero pesos.<\/p>\n<p>\u00abEstas medidas, que para el Estado significan menos recursos obligan a eficientizar el gasto p\u00fablico y a todos a comprometernos con las obligaciones tributarias\u00bb, analiz\u00f3.<\/p>\n<p><strong><span style=\"color: #008000;\">Mejor acceso a la informaci\u00f3n<\/span><\/strong><\/p>\n<p><iframe loading=\"lazy\" title=\"Acuerdo San Juan: Mejor acceso a la informaci\u00f3n\" width=\"800\" height=\"450\" src=\"https:\/\/www.youtube.com\/embed\/rLR8E1MlyF4?feature=oembed\" frameborder=\"0\" allow=\"accelerometer; autoplay; clipboard-write; encrypted-media; gyroscope; picture-in-picture\" allowfullscreen><\/iframe><\/p>\n<p>\u00abEn esta instancia de dialogo\u00bb, coment\u00f3 el gobernador, \u00abhemos coincidido en la necesidad de seguir trabajando desde el Estado para que el ciudadano com\u00fan acceda en forma m\u00e1s r\u00e1pida y simple a la informaci\u00f3n de inter\u00e9s p\u00fablico\u00bb.<\/p>\n<p>As\u00ed mismo, explic\u00f3 que la provincia ha dispuesto mecanismos como el Portal de Presupuesto Ciudadano, Portales estad\u00edsticos de responsabilidad fiscal y de recaudaci\u00f3n, y el portal de datos abiertos, para acceso de toda la ciudadan\u00eda.<\/p>\n<p>Se trabaja fuertemente en la implementaci\u00f3n del portal de compras p\u00fablicas, facilitador de acceso online a los procesos de contrataciones del Estado provincial.<\/p>\n<p>\u00abPara completar nuestra pol\u00edtica de acceso a la informaci\u00f3n p\u00fablica y transparencia enviaremos un proyecto de adhesi\u00f3n a la Ley Nacional de Derecho de Acceso a la Informaci\u00f3n P\u00fablica\u00bb, sum\u00f3.<\/p>\n<p><strong><span style=\"color: #008000;\">Mis Segundos Mil D\u00edas<\/span><\/strong><\/p>\n<p><iframe loading=\"lazy\" title=\"Acuerdo San Juan Mis Segundos Mil D\u00edas\" width=\"800\" height=\"450\" src=\"https:\/\/www.youtube.com\/embed\/MUCV7bbyFUQ?feature=oembed\" frameborder=\"0\" allow=\"accelerometer; autoplay; clipboard-write; encrypted-media; gyroscope; picture-in-picture\" allowfullscreen><\/iframe><\/p>\n<p>Es evidente en las estad\u00edsticas de materno infancia la efectividad del Programa Mis Primeros 1000 D\u00edas, cuyo objetivo es justamente fortalecer el crecimiento y desarrollo de los ni\u00f1os. La pol\u00edtica provincial de protecci\u00f3n de la gestaci\u00f3n y de la ni\u00f1ez ha sido ponderada tanto en el ASJ como a nivel Nacional y tambi\u00e9n internacional, con participaci\u00f3n de la Ministra en Inglaterra en donde fue premiado con el programa.<\/p>\n<p>Hasta hoy 17.500 embarazas y 16.700 ni\u00f1os han sido contenidos por este programa con significativo impacto.<\/p>\n<p>\u00abPara fortalecer el sentido de esta pol\u00edtica, he dispuesto la ampliaci\u00f3n del programa a una segunda fase a la que denominaremos Mis Segundos Mil D\u00edas. Nos comprometemos a desplegar una serie de acciones cuya finalidad es sostener y garantizar el estado nutricional, la estimulaci\u00f3n y la prevenci\u00f3n sanitaria, brindando acompa\u00f1amiento a las familias en temas de crianza, h\u00e1bitos saludables y detecci\u00f3n precoz de patolog\u00edas que puedan afectar el desarrollo infantil. De esta manera a partir del a\u00f1o 2021 el Estado acompa\u00f1ar\u00e1 al ni\u00f1o y su entorno familiar desde la concepci\u00f3n y hasta sus 4 a\u00f1os dej\u00e1ndolo incorporado desde ese punto de vista al sistema educativo formal\u00bb, se explay\u00f3.<\/p>\n<p>\u00abEntendemos la igualdad no como la llegada a la misma meta sino, y fundamentalmente, como partir de la misma base. Eso debe garantizar el Estado, que todos los que nazcan en esta Provincia tengan las mismas posibilidades. De eso trata este programa y esta esta medida que anunciamos en la ma\u00f1ana de hoy\u00bb, afirm\u00f3 Sergio U\u00f1ac.<\/p>\n<p><strong><span style=\"color: #008000;\">Inversi\u00f3n p\u00fablica<\/span><\/strong><\/p>\n<p><iframe loading=\"lazy\" title=\"Acuerdo San Juan: Inversi\u00f3n P\u00fablica\" width=\"800\" height=\"450\" src=\"https:\/\/www.youtube.com\/embed\/YJ-vdO_Qyy4?feature=oembed\" frameborder=\"0\" allow=\"accelerometer; autoplay; clipboard-write; encrypted-media; gyroscope; picture-in-picture\" allowfullscreen><\/iframe><\/p>\n<p>El marco de los anuncios durante la ma\u00f1ana, el gobernador hizo menci\u00f3n a la inversi\u00f3n p\u00fablica prevista en el corto plazo y que est\u00e1 pensada como gran dinamizador de la econom\u00eda provincial: \u00abEstamos considerando los recientes convenios de inversi\u00f3n que firmamos en oportunidad de la visita del Presidente Alberto Fern\u00e1ndez. En general se volcar\u00e1 en la provincia en el corto plazo 10.000 millones en construcci\u00f3n de Vivienda; 3.000 en obras de Saneamiento; 10.000 millones en la construcci\u00f3n de rutas y accesos y m\u00e1s de 11.000 millones en Obras de Arquitectura. Estos casi 35 mil millones de pesos no s\u00f3lo son avances y progreso para la provincia son, fundamentalmente, trabajo para los sanjuaninos en momentos en donde m\u00e1s lo necesitamos\u00bb.<\/p>\n<p><strong><span style=\"color: #008000;\">Comit\u00e9 permanente<\/span><\/strong><\/p>\n<p><iframe loading=\"lazy\" title=\"Acuerdo San Juan: Comit\u00e9 permanente\" width=\"800\" height=\"450\" src=\"https:\/\/www.youtube.com\/embed\/zd9TJYhZyrY?feature=oembed\" frameborder=\"0\" allow=\"accelerometer; autoplay; clipboard-write; encrypted-media; gyroscope; picture-in-picture; web-share\" allowfullscreen><\/iframe><\/p>\n<p>Al iniciar su discurso, el mandatario mencion\u00f3 que hubo un conjunto de sugerencias que elevaron las diferentes mesas de trabajo del Acuerdo social. Una de ellas plante\u00f3 la continuidad de este espacio de di\u00e1logo y consenso para la toma de decisiones que necesita la provincia. Es, por ello, que U\u00f1ac firm\u00f3 este viernes 9 de octubre de 2020 el decreto acuerdo N\u00b060 que dispone la creaci\u00f3n de un Comit\u00e9 Permanente del ASJ que estar\u00e1 integrado por un representante de cada sector sanjuanino. Este comit\u00e9 tendr\u00e1 como funci\u00f3n el seguimiento y monitoreo de las acciones que se implementen, y tendr\u00e1 su primera reuni\u00f3n de trabajo en los pr\u00f3ximos 30 d\u00edas a partir de la fecha.<\/p>\n<p><strong><span style=\"color: #008000;\">Agenda Legislativa del Acuerdo San Juan<\/span><\/strong><\/p>\n<p><iframe loading=\"lazy\" title=\"Acuerdo San Juan: Agenda Legislativa del Acuerdo SJ\" width=\"800\" height=\"450\" src=\"https:\/\/www.youtube.com\/embed\/MHAdTXJcMxA?feature=oembed\" frameborder=\"0\" allow=\"accelerometer; autoplay; clipboard-write; encrypted-media; gyroscope; picture-in-picture\" allowfullscreen><\/iframe><\/p>\n<p>Al conjunto de anuncios de U\u00f1ac, se sumaron una serie de propuestas legislativas que fueron denominadas &#8216;Agenda Legislativa del Acuerdo San Juan&#8217; y que ser\u00e1n puestas a consideraci\u00f3n de legisladores provinciales y nacionales seg\u00fan corresponda.<\/p>\n<p>\u00abTodos los diputados m\u00e1s all\u00e1 de sus representaciones y pertenencias pol\u00edticas han demostrado un gran compromiso con este ASJ. Un reconocimiento a nuestros legisladores nacionales y provinciales y a los representantes de los partidos pol\u00edticos de la provincia de San Juan\u00bb, sostuvo.<\/p>\n<p>Algunas de las principales tem\u00e1ticas que tendr\u00e1n pronto tratamiento legislativo: Ordenamiento Territorial y uso del suelo, Est\u00edmulo de la Econom\u00eda del Conocimiento y la innovaci\u00f3n, Mecenazgo Cultural y Gesti\u00f3n integral del recurso h\u00eddrico.<\/p>\n<p>En lo que hace a la Agenda Legislativa Nacional: Seguridad jur\u00eddica a las inversiones mineras, revisi\u00f3n de la normativa nacional de Glaciares y el impulso de acuerdos comerciales sumado tambi\u00e9n al proyecto de la jubilaci\u00f3n de los deportistas federados y no federados de la Rep\u00fablica Argentina.<\/p>\n<p><span style=\"color: #008000;\"><strong>\u00abDi\u00e1logo y consenso para construir nuestro propio futuro\u00bb<\/strong><\/span><\/p>\n<p>Sobre el cierre de su alocuci\u00f3n, U\u00f1ac afirm\u00f3 que los anuncios ser\u00e1n instrumentados de forma inmediata y a corto plazo y calific\u00f3 al Acuerdo San Juan como \u00abuna gu\u00eda y mandato provincial\u00bb.<\/p>\n<p>\u00abAl iniciar mi segunda gesti\u00f3n hace 10 meses, asum\u00ed el compromiso de consolidar el Modelo San Juan. Sab\u00edamos c\u00f3mo hacerlo y en qu\u00e9 tiempos. Sin embargo, sobrevino la pandemia y cambi\u00f3 la agenda de gobierno, alterando la vida sustancialmente de cada uno de los sanjuaninos y las sanjuaninas. El objetivo estuvo siempre claro, sostener el estatus sanitario con los menores costos econ\u00f3micos y sociales posibles, podr\u00edamos decir que era cuidar la salud sin descuidar la econom\u00eda\u00bb, consider\u00f3.<\/p>\n<p>\u00abEs mucho lo que hemos trabajado en las mesas sectoriales e intersectoriales. Es mucho lo que logramos consensuar. Ac\u00e1 hay un gran compromiso del Gobierno pero fundamentalmente hay un compromiso de todos los sectores que se sentaron a debatir y acordar. Hemos aprendido y saldremos de esta crisis, m\u00e1s fuertes, pero sobre todo m\u00e1s cohesionados. La pandemia nos ha debilitado en muchos aspectos, pero nos ha fortalecido la unidad y ha relegado las naturales diferencias a un plano absolutamente secundario. Hemos pensado a San Juan como sociedad, como proyecto colectivo de todos los sanjuaninos\u00bb, prosigui\u00f3 en esa misma l\u00ednea.<\/p>\n<p>\u00abTenemos una hoja de ruta y la esperanza de transitar con esa gu\u00eda hacia &#8216;el nuevo bienestar&#8217;, que ser\u00e1 sanitario, econ\u00f3mico y tambi\u00e9n emocional. Ac\u00e1 est\u00e1n algunas de las herramientas con las que todos construiremos futuro. Las palabras del a\u00f1o 2020 no ser\u00e1n ni pandemia, ni virus, ser\u00e1n uni\u00f3n y fundamentalmente trabajo. Esta es la forma, a trav\u00e9s del di\u00e1logo y consenso para construir nuestro propio futuro, muchas gracias\u00bb, finaliz\u00f3.<\/p>\n<p>Acuerdo San Juan se construy\u00f3 en base al di\u00e1logo con representantes de toda la comunidad, mediante la participaci\u00f3n colectiva, solidaria y plural.<\/p>\n<p>Participaron del encuentro en el Centro C\u00edvico: el vicegobernador de la provincia, Roberto Gattoni; la presidenta de la Corte de Justicia, Adriana Garc\u00eda Nieto; el ex gobernador de la provincia, Jorge Escobar; los ciudadanos Rafael Lacherre y Rub\u00e9n Puga; los senadores nacionales, Rub\u00e9n U\u00f1ac, Cristina L\u00f3pez y Roberto Basualdo; los diputados nacionales, Walberto Allende, Eduardo C\u00e1ceres, Marcelo Orrego, y Francisco Guevara; los ministros del poder ejecutivo provincial, la ministra de Gobierno, Fabiola Aubone; el ministro de Desarrollo Humano y Promoci\u00f3n Social, Fabi\u00e1n Aballay; el ministro de Educaci\u00f3n, Felipe De los R\u00edos; la ministra de Hacienda y Finanzas, Marisa L\u00f3pez; el ministro de Miner\u00eda, Carlos Astudillo; el ministro de Obras y Servicios P\u00fablicos, Julio Ortiz Andino; el ministro de Producci\u00f3n y Desarrollo Econ\u00f3mico, Andr\u00e9s D\u00edaz Cano; la ministra de Salud P\u00fablica, Alejandra Venerando; la ministra de Turismo, Claudia Grynszpan; el secretario General de la Gobernaci\u00f3n, Juan Flores; el secretario de Ambiente y Desarrollo Sustentable, Ra\u00fal Tello; el secretario de Ciencia, Tecnolog\u00eda e Innovaci\u00f3n, Tulio Del Bono; el secretario de Estado de Deportes, Jorge Chica; el secretario de Seguridad y Orden P\u00fablico, Carlos Munisaga; y el asesor Letrado de Gobierno, Carlos Lorenzo.<\/p>\n<p>Actores econ\u00f3micos, organizaciones pol\u00edticas y sociales, sindicatos, comunidades cient\u00edficas y acad\u00e9micas, representantes de cultos y de los distintos poderes del Estado; construyeron de forma conjunta desaf\u00edos y estrategias que, tanto a nivel social, como econ\u00f3mico, territorial, ambiental e institucional, buscaron mejorar las condiciones de vida de todos y cada uno de los que habitan en San Juan.<\/p>\n<p><strong>En las mesas se discutieron las problem\u00e1ticas de m\u00e1s de 70 sectores y se elaboraron propuestas en los diferentes campos:<\/strong><\/p>\n<ul>\n<li>Industria agr\u00edcola, ganadera y agroindustrial<\/li>\n<li>Miner\u00eda<\/li>\n<li>Cultura<\/li>\n<li>Econom\u00eda del conocimiento<\/li>\n<li>Culto<\/li>\n<li>Educaci\u00f3n y universidades<\/li>\n<li>Obras, energ\u00edas y ambiente<\/li>\n<li>Trabajo<\/li>\n<li>Econom\u00eda, turismo, comercio y servicios<\/li>\n<li>Salud<\/li>\n<li>Desarrollo humano y promoci\u00f3n social<\/li>\n<li>Derechos humanos y ONG\u2019S<\/li>\n<li>Deportes<\/li>\n<li>Seguridad<\/li>\n<li>Finanzas<\/li>\n<li>Justicia<\/li>\n<li>Investigaci\u00f3n cient\u00edfica<\/li>\n<li>Legislaci\u00f3n y partidos pol\u00edticos<\/li>\n<\/ul>\n<p>Alrededor de 2000 sanjuaninos y sanjuaninas participaron del Acuerdo, elaborando 490 propuestas, fruto de estas 18 mesas sectoriales y 19 reuniones departamentales.<\/p>\n<p>Adem\u00e1s se sumaron 500 propuestas que ingresaron por el buz\u00f3n ciudadano, a trav\u00e9s de la p\u00e1gina web.<\/p>\n<p>&nbsp;<\/p>\n<p><img loading=\"lazy\" decoding=\"async\" class=\"alignnone wp-image-29104 size-full\" src=\"https:\/\/vocesparalelas.com.ar\/sitio\/wp-content\/uploads\/2020\/06\/ACUERDO-SAN-JUAN-LOGO.jpg\" alt=\"\" width=\"800\" height=\"432\" srcset=\"https:\/\/vocesparalelas.com.ar\/sitio\/wp-content\/uploads\/2020\/06\/ACUERDO-SAN-JUAN-LOGO.jpg 800w, https:\/\/vocesparalelas.com.ar\/sitio\/wp-content\/uploads\/2020\/06\/ACUERDO-SAN-JUAN-LOGO-300x162.jpg 300w, https:\/\/vocesparalelas.com.ar\/sitio\/wp-content\/uploads\/2020\/06\/ACUERDO-SAN-JUAN-LOGO-768x415.jpg 768w\" sizes=\"auto, (max-width: 800px) 100vw, 800px\" \/><\/p>\n<p>&nbsp;<\/p>\n<p>&nbsp;<\/p>\n<p>&nbsp;<\/p>\n<p>&nbsp;<\/p>\n<p>&nbsp;<\/p>\n<p>&nbsp;<\/p>\n<p>&nbsp;<\/p>\n<p>&nbsp;<\/p>\n<p>&nbsp;<\/p>\n<p>&nbsp;<\/p>\n<p>&nbsp;<\/p>\n<p>&nbsp;<\/p>\n<p>&nbsp;<\/p>\n<p>&nbsp;<\/p>\n<p>&nbsp;<\/p>\n<p>&nbsp;<\/p>\n","protected":false},"excerpt":{"rendered":"<p>De cara a la pospandemia, el gobernador de San Juan, Dr. Sergio U\u00f1ac, present\u00f3 las conclusiones del Acuerdo San Juan<\/p>\n","protected":false},"author":3,"featured_media":31739,"comment_status":"closed","ping_status":"closed","sticky":false,"template":"","format":"standard","meta":{"_acf_changed":false,"_seopress_robots_primary_cat":"none","_seopress_titles_title":"","_seopress_titles_desc":"","_seopress_robots_index":"","colormag_page_container_layout":"default_layout","colormag_page_sidebar_layout":"default_layout","footnotes":""},"categories":[11,7],"tags":[],"class_list":["post-31740","post","type-post","status-publish","format-standard","has-post-thumbnail","hentry","category-sociales","category-videos"],"acf":[],"_links":{"self":[{"href":"https:\/\/vocesparalelas.com.ar\/sitio\/wp-json\/wp\/v2\/posts\/31740","targetHints":{"allow":["GET"]}}],"collection":[{"href":"https:\/\/vocesparalelas.com.ar\/sitio\/wp-json\/wp\/v2\/posts"}],"about":[{"href":"https:\/\/vocesparalelas.com.ar\/sitio\/wp-json\/wp\/v2\/types\/post"}],"author":[{"embeddable":true,"href":"https:\/\/vocesparalelas.com.ar\/sitio\/wp-json\/wp\/v2\/users\/3"}],"replies":[{"embeddable":true,"href":"https:\/\/vocesparalelas.com.ar\/sitio\/wp-json\/wp\/v2\/comments?post=31740"}],"version-history":[{"count":2,"href":"https:\/\/vocesparalelas.com.ar\/sitio\/wp-json\/wp\/v2\/posts\/31740\/revisions"}],"predecessor-version":[{"id":31758,"href":"https:\/\/vocesparalelas.com.ar\/sitio\/wp-json\/wp\/v2\/posts\/31740\/revisions\/31758"}],"wp:featuredmedia":[{"embeddable":true,"href":"https:\/\/vocesparalelas.com.ar\/sitio\/wp-json\/wp\/v2\/media\/31739"}],"wp:attachment":[{"href":"https:\/\/vocesparalelas.com.ar\/sitio\/wp-json\/wp\/v2\/media?parent=31740"}],"wp:term":[{"taxonomy":"category","embeddable":true,"href":"https:\/\/vocesparalelas.com.ar\/sitio\/wp-json\/wp\/v2\/categories?post=31740"},{"taxonomy":"post_tag","embeddable":true,"href":"https:\/\/vocesparalelas.com.ar\/sitio\/wp-json\/wp\/v2\/tags?post=31740"}],"curies":[{"name":"wp","href":"https:\/\/api.w.org\/{rel}","templated":true}]}}