{"id":31730,"date":"2020-10-08T23:25:57","date_gmt":"2020-10-09T02:25:57","guid":{"rendered":"http:\/\/vocesparalelas.com.ar\/sitio\/?p=31730"},"modified":"2020-10-08T23:25:57","modified_gmt":"2020-10-09T02:25:57","slug":"concurso-de-talentos-en-el-mes-del-adulto-mayor","status":"publish","type":"post","link":"https:\/\/vocesparalelas.com.ar\/sitio\/concurso-de-talentos-en-el-mes-del-adulto-mayor\/","title":{"rendered":"Concurso de Talentos en el Mes del Adulto Mayor"},"content":{"rendered":"<p>El Ministerio de Desarrollo Humano y Promoci\u00f3n Social del Gobierno de San Juan, a trav\u00e9s de la Direcci\u00f3n de Pol\u00edticas para el Adulto Mayor, lanz\u00f3 sorteo y concurso de talentos a trav\u00e9s de Facebook y WhatsApp destinados a los adultos mayores de la provincia.<\/p>\n<p>La idea es motivar e incentivar din\u00e1micas sanas de expresi\u00f3n, buscando que tomen un rol activo mediante la creaci\u00f3n de distintas expresiones art\u00edsticas. A trav\u00e9s de esto, se busca generar un nuevo espacio cultural y art\u00edstico, donde los adultos mayores puedan expresar sus habilidades como tambi\u00e9n estimular su creatividad.<\/p>\n<p>Los interesados en participar deber\u00e1n elegir una tem\u00e1tica donde se sientan representados y enviar su material por mensaje privado a la Fan Page (Facebook) de la Direcci\u00f3n de Pol\u00edticas para el Adulto Mayor.<\/p>\n<p><strong><span style=\"color: #808000;\">Sorteo por el Mes Internacional del Adulto Mayor<\/span><\/strong><\/p>\n<p>Est\u00e1 destinado a personas mayores de 60 a\u00f1os, quienes deber\u00e1n enviar una foto o video a la Fan Page de la Direcci\u00f3n de Pol\u00edticas para el Adulto Mayor<\/p>\n<p><a href=\"https:\/\/www.facebook.com\/Direcci%C3%B3n-de-Pol%C3%ADticas-para-el-Adulto-Mayor-104845877613190\/\">https:\/\/www.facebook.com\/Direcci%C3%B3n-de-Pol%C3%ADticas-para-el-Adulto-Mayor-104845877613190\/<\/a><\/p>\n<p>eligiendo una categor\u00eda que los represente. El mismo deber\u00e1 destacar su habilidad como:<\/p>\n<ul>\n<li>Humor<\/li>\n<li>Fotograf\u00eda<\/li>\n<li>Arte (dibujo, pintura, artesan\u00edas, esculturas, etc)<\/li>\n<li>Canto<\/li>\n<li>Recitado<\/li>\n<li>Reposter\u00eda<\/li>\n<li>Baile<\/li>\n<\/ul>\n<p>Las inscripciones comienzan este 8 de octubre finalizando el d\u00eda 27 del corriente mes.<\/p>\n<p><strong><span style=\"color: #808000;\">Concurso de Talentos para Centros de Jubilados y Geri\u00e1tricos<\/span><\/strong><\/p>\n<p>Est\u00e1 destinado a todos los residentes de instituciones geri\u00e1tricas, centros de jubilados o instituciones que trabajan con jubilados (sindicatos, por ejemplo). Deber\u00e1n enviar a la Fan Page \u201cDirecci\u00f3n de Pol\u00edticas para el Adulto Mayor\u201d un video de no m\u00e1s 30 segundos, demostrando sus habilidades. Las mismas pueden ser: canto, danzas, artes, m\u00fasica o cualquier otra disciplina en la que se destaque al integrante que representa al centro de jubilados, geri\u00e1trico o instituci\u00f3n.<\/p>\n<p>La elecci\u00f3n ser\u00e1 mediante jurado integrado por los profesores de los Talleres de Adultos Mayores. Los premios consisten en equipamientos de cocina, de salas, etc<\/p>\n<p><span style=\"color: #808000;\"><strong>Concurso de ballet, danzas folcl\u00f3ricas y tango<\/strong><\/span><\/p>\n<p>Los grupos interesados deber\u00e1n enviar a la <a href=\"https:\/\/www.facebook.com\/Direcci%C3%B3n-de-Pol%C3%ADticas-para-el-Adulto-Mayor-104845877613190\/\">Fan Page<\/a> un video mostrando su coreograf\u00eda con la indumentaria que los identifique. Los premios consisten en indumentaria y zapatos para el grupo ganador. La elecci\u00f3n estar\u00e1 a cargo del jurado integrado por los profesores de los Talleres de Adultos Mayores.<\/p>\n<p>Para todas las participaciones, deber\u00e1n enviar por mensaje privado a la p\u00e1gina de <a href=\"https:\/\/www.facebook.com\/Direcci%C3%B3n-de-Pol%C3%ADticas-para-el-Adulto-Mayor-104845877613190\/\">Facebook de la Direcci\u00f3n de Pol\u00edticas para el Adulto Mayor<\/a>: Nombre y apellido, fecha de nacimiento, n\u00famero de documento, direcci\u00f3n y n\u00famero de tel\u00e9fono.<\/p>\n<p><strong><span style=\"color: #808000;\">M\u00e1s \u00abme gusta\u00bb, m\u00e1s chances de ganar<\/span><\/strong><\/p>\n<p>Para que todos tengan m\u00e1s oportunidades, los videos publicados en la <a href=\"https:\/\/www.facebook.com\/Direcci%C3%B3n-de-Pol%C3%ADticas-para-el-Adulto-Mayor-104845877613190\/\">Fan Page de la Direcci\u00f3n de Pol\u00edticas para el Adulto Mayor<\/a> que consiga mayor cantidad de \u00abme gusta\u00bb sumar\u00e1n votos a su favor.<\/p>\n<p><img loading=\"lazy\" decoding=\"async\" class=\"alignnone wp-image-31732 size-full\" src=\"https:\/\/vocesparalelas.com.ar\/sitio\/wp-content\/uploads\/2020\/10\/adultos-mayores-02.jpg\" alt=\"\" width=\"800\" height=\"450\" srcset=\"https:\/\/vocesparalelas.com.ar\/sitio\/wp-content\/uploads\/2020\/10\/adultos-mayores-02.jpg 800w, https:\/\/vocesparalelas.com.ar\/sitio\/wp-content\/uploads\/2020\/10\/adultos-mayores-02-300x169.jpg 300w, https:\/\/vocesparalelas.com.ar\/sitio\/wp-content\/uploads\/2020\/10\/adultos-mayores-02-768x432.jpg 768w\" sizes=\"auto, (max-width: 800px) 100vw, 800px\" \/><\/p>\n","protected":false},"excerpt":{"rendered":"<p>El Ministerio de Desarrollo Humano y Promoci\u00f3n Social del Gobierno de San Juan, a trav\u00e9s de la Direcci\u00f3n de Pol\u00edticas<\/p>\n","protected":false},"author":3,"featured_media":31731,"comment_status":"closed","ping_status":"closed","sticky":false,"template":"","format":"standard","meta":{"_acf_changed":false,"_seopress_robots_primary_cat":"","_seopress_titles_title":"","_seopress_titles_desc":"","_seopress_robots_index":"","colormag_page_container_layout":"default_layout","colormag_page_sidebar_layout":"default_layout","footnotes":""},"categories":[8],"tags":[],"class_list":["post-31730","post","type-post","status-publish","format-standard","has-post-thumbnail","hentry","category-concursos"],"acf":[],"_links":{"self":[{"href":"https:\/\/vocesparalelas.com.ar\/sitio\/wp-json\/wp\/v2\/posts\/31730","targetHints":{"allow":["GET"]}}],"collection":[{"href":"https:\/\/vocesparalelas.com.ar\/sitio\/wp-json\/wp\/v2\/posts"}],"about":[{"href":"https:\/\/vocesparalelas.com.ar\/sitio\/wp-json\/wp\/v2\/types\/post"}],"author":[{"embeddable":true,"href":"https:\/\/vocesparalelas.com.ar\/sitio\/wp-json\/wp\/v2\/users\/3"}],"replies":[{"embeddable":true,"href":"https:\/\/vocesparalelas.com.ar\/sitio\/wp-json\/wp\/v2\/comments?post=31730"}],"version-history":[{"count":1,"href":"https:\/\/vocesparalelas.com.ar\/sitio\/wp-json\/wp\/v2\/posts\/31730\/revisions"}],"predecessor-version":[{"id":31733,"href":"https:\/\/vocesparalelas.com.ar\/sitio\/wp-json\/wp\/v2\/posts\/31730\/revisions\/31733"}],"wp:featuredmedia":[{"embeddable":true,"href":"https:\/\/vocesparalelas.com.ar\/sitio\/wp-json\/wp\/v2\/media\/31731"}],"wp:attachment":[{"href":"https:\/\/vocesparalelas.com.ar\/sitio\/wp-json\/wp\/v2\/media?parent=31730"}],"wp:term":[{"taxonomy":"category","embeddable":true,"href":"https:\/\/vocesparalelas.com.ar\/sitio\/wp-json\/wp\/v2\/categories?post=31730"},{"taxonomy":"post_tag","embeddable":true,"href":"https:\/\/vocesparalelas.com.ar\/sitio\/wp-json\/wp\/v2\/tags?post=31730"}],"curies":[{"name":"wp","href":"https:\/\/api.w.org\/{rel}","templated":true}]}}