{"id":31042,"date":"2020-09-14T21:03:09","date_gmt":"2020-09-15T00:03:09","guid":{"rendered":"http:\/\/vocesparalelas.com.ar\/sitio\/?p=31042"},"modified":"2020-09-16T00:46:03","modified_gmt":"2020-09-16T03:46:03","slug":"atencion-para-los-usuarios-de-la-biblioteca-faud","status":"publish","type":"post","link":"https:\/\/vocesparalelas.com.ar\/sitio\/atencion-para-los-usuarios-de-la-biblioteca-faud\/","title":{"rendered":"Atenci\u00f3n para los usuarios de la Biblioteca FAUD"},"content":{"rendered":"<div id=\"contentNoticia\">\n<p>La Biblioteca de la Facultad de Arquitectura, Urbanismo y Dise\u00f1o de la Universidad Nacional de San Juan permanece cerrada seg\u00fan lo establecido por las autoridades universitarias en respuesta a COVID19.<\/p>\n<p>La devoluci\u00f3n de todo material bibliogr\u00e1fico queda suspendida.<\/p>\n<p>Se seguir\u00e1n prestando los siguientes servicios durante el tiempo que dure su cierre:<\/p>\n<ul>\n<li>El Cat\u00e1logo electr\u00f3nico de la UNSJ sigue disponible para los usuarios, que pueden acceder a \u00e9l mediante la URL <a href=\"http:\/\/biblioteca.unsj.edu.ar\/\">http:\/\/biblioteca.unsj.edu.ar\/<\/a>\u00a0pudiendo consultar los Cat\u00e1logos de las Bibliotecas de las Facultades UNSJ.<\/li>\n<li>El Servicio de Redes contin\u00faa dando respuestas a consultas: Instagram: bibliofaud, y Facebook: biblioFAUD, por WhatsApp no mantiene su servicio.<\/li>\n<li>Est\u00e1 disponible la Plataforma Digital eLibro con m\u00e1s de 100.000 t\u00edtulos de acceso libre y gratuito en texto completo. Una vez llenado el formulario, en 24 hs. se envia a sus correos un enlace de activaci\u00f3n, y luego puede acceder a la Plataforma.<\/li>\n<\/ul>\n<p><span style=\"color: #808000;\"><strong>Formulario de Alta de Usuarios<\/strong><\/span><\/p>\n<p><a href=\"https:\/\/docs.google.com\/forms\/d\/e\/1FAIpQLSd98RajqS7VCuvm8wvag9m476whbCooE1XJPPM8oFoL-JQg1w\/viewform\" target=\"_blank\" rel=\"noopener noreferrer\">https:\/\/forms.gle\/VMkPPNzmrR9HhoRe9<\/a><\/p>\n<p><span style=\"color: #808000;\"><strong>Enlace a la Plataforma<\/strong><\/span><\/p>\n<p><a href=\"https:\/\/elibro.net\/es\/lc\/bibliounsj\/login_usuario\/?next=\/es\/lc\/bibliounsj\/inicio\" target=\"_blank\" rel=\"noopener noreferrer\">https:\/\/elibro.net\/es\/lc\/bibliounsj\/<\/a><\/p>\n<p><span style=\"color: #808000;\"><strong>Tutorial de uso<\/strong><\/span><\/p>\n<p><iframe loading=\"lazy\" title=\"Tutorial eLibro UNSJ\" width=\"800\" height=\"450\" src=\"https:\/\/www.youtube.com\/embed\/BzlqkszzvPY?feature=oembed\" frameborder=\"0\" allow=\"accelerometer; autoplay; clipboard-write; encrypted-media; gyroscope; picture-in-picture\" allowfullscreen><\/iframe><\/p>\n<p><img loading=\"lazy\" decoding=\"async\" class=\"alignnone wp-image-22249 size-large\" src=\"https:\/\/vocesparalelas.com.ar\/sitio\/wp-content\/uploads\/2019\/07\/FAUD-UNSJ-EDIFICIO-02-800x600.jpg\" alt=\"\" width=\"800\" height=\"600\" srcset=\"https:\/\/vocesparalelas.com.ar\/sitio\/wp-content\/uploads\/2019\/07\/FAUD-UNSJ-EDIFICIO-02-800x600.jpg 800w, https:\/\/vocesparalelas.com.ar\/sitio\/wp-content\/uploads\/2019\/07\/FAUD-UNSJ-EDIFICIO-02-300x225.jpg 300w, https:\/\/vocesparalelas.com.ar\/sitio\/wp-content\/uploads\/2019\/07\/FAUD-UNSJ-EDIFICIO-02-768x576.jpg 768w, https:\/\/vocesparalelas.com.ar\/sitio\/wp-content\/uploads\/2019\/07\/FAUD-UNSJ-EDIFICIO-02.jpg 1000w\" sizes=\"auto, (max-width: 800px) 100vw, 800px\" \/><\/p>\n<\/div>\n","protected":false},"excerpt":{"rendered":"<p>La Biblioteca de la Facultad de Arquitectura, Urbanismo y Dise\u00f1o de la Universidad Nacional de San Juan permanece cerrada seg\u00fan<\/p>\n","protected":false},"author":3,"featured_media":20911,"comment_status":"closed","ping_status":"closed","sticky":false,"template":"","format":"video","meta":{"_acf_changed":false,"_seopress_robots_primary_cat":"","_seopress_titles_title":"","_seopress_titles_desc":"","_seopress_robots_index":"","colormag_page_container_layout":"default_layout","colormag_page_sidebar_layout":"default_layout","footnotes":""},"categories":[2,7],"tags":[],"class_list":["post-31042","post","type-post","status-publish","format-video","has-post-thumbnail","hentry","category-convocatorias","category-videos","post_format-post-format-video"],"acf":[],"_links":{"self":[{"href":"https:\/\/vocesparalelas.com.ar\/sitio\/wp-json\/wp\/v2\/posts\/31042","targetHints":{"allow":["GET"]}}],"collection":[{"href":"https:\/\/vocesparalelas.com.ar\/sitio\/wp-json\/wp\/v2\/posts"}],"about":[{"href":"https:\/\/vocesparalelas.com.ar\/sitio\/wp-json\/wp\/v2\/types\/post"}],"author":[{"embeddable":true,"href":"https:\/\/vocesparalelas.com.ar\/sitio\/wp-json\/wp\/v2\/users\/3"}],"replies":[{"embeddable":true,"href":"https:\/\/vocesparalelas.com.ar\/sitio\/wp-json\/wp\/v2\/comments?post=31042"}],"version-history":[{"count":1,"href":"https:\/\/vocesparalelas.com.ar\/sitio\/wp-json\/wp\/v2\/posts\/31042\/revisions"}],"predecessor-version":[{"id":31043,"href":"https:\/\/vocesparalelas.com.ar\/sitio\/wp-json\/wp\/v2\/posts\/31042\/revisions\/31043"}],"wp:featuredmedia":[{"embeddable":true,"href":"https:\/\/vocesparalelas.com.ar\/sitio\/wp-json\/wp\/v2\/media\/20911"}],"wp:attachment":[{"href":"https:\/\/vocesparalelas.com.ar\/sitio\/wp-json\/wp\/v2\/media?parent=31042"}],"wp:term":[{"taxonomy":"category","embeddable":true,"href":"https:\/\/vocesparalelas.com.ar\/sitio\/wp-json\/wp\/v2\/categories?post=31042"},{"taxonomy":"post_tag","embeddable":true,"href":"https:\/\/vocesparalelas.com.ar\/sitio\/wp-json\/wp\/v2\/tags?post=31042"}],"curies":[{"name":"wp","href":"https:\/\/api.w.org\/{rel}","templated":true}]}}