{"id":30911,"date":"2020-09-08T22:34:27","date_gmt":"2020-09-09T01:34:27","guid":{"rendered":"http:\/\/vocesparalelas.com.ar\/sitio\/?p=30911"},"modified":"2020-09-08T22:34:27","modified_gmt":"2020-09-09T01:34:27","slug":"analizaron-la-situacion-sanitaria-y-economica-de-san-juan","status":"publish","type":"post","link":"https:\/\/vocesparalelas.com.ar\/sitio\/analizaron-la-situacion-sanitaria-y-economica-de-san-juan\/","title":{"rendered":"Analizaron la situaci\u00f3n sanitaria y econ\u00f3mica de San Juan"},"content":{"rendered":"<p>Despu\u00e9s de una extensa agenda, el gobernador de San Juan, Dr. Sergio U\u00f1ac fue recibido por el presidente de la Naci\u00f3n, Dr. Alberto Fern\u00e1ndez, en la quinta presidencial de Olivos.<\/p>\n<p>En un encuentro que dur\u00f3 m\u00e1s de una hora, abordaron temas de agenda nacional y provincial, como as\u00ed tambi\u00e9n la realidad sanitaria de la provincia.<\/p>\n<p>U\u00f1ac agradeci\u00f3 al presidente las \u00faltimas gestiones para la provincia, como los\u00a0fondos enviados por la Naci\u00f3n para la construcci\u00f3n del Parque Aventura de la Quebrada de Zonda en el marco del plan nacional \u00ab50 Destinos\u00bb, y las obras de saneamiento en beneficio de los sanjuaninos, entre otras.<\/p>\n<p>En di\u00e1logo con el jefe de Estado, destacaron los operativos realizados en la provincia para combatir el COVID-19.<\/p>\n<p>U\u00f1ac le manifest\u00f3 al presidente que \u201cla salud de sanjuaninos es nuestra prioridad, y al mismo tiempo el desaf\u00edo es sostener nuestra econom\u00eda\u201d.<\/p>\n<p>Analizaron la situaci\u00f3n actual de San Juan, tras la salida de Fase 1, y coincidieron en que \u00abla vuelta de las actividades con los protocolos correspondientes, permitieron poner nuevamente en marcha la actividad econ\u00f3mica de la provincia, con la importancia de priorizar la salud y el empleo, los objetivos comunes por sobre los individuales.\u201d<\/p>\n<p>\u201cLa Argentina que estamos construyendo est\u00e1 basada en el federalismo y la b\u00fasqueda de consensos, y para ello es importante continuar diagramando acciones en conjunto que nos permitan a todos seguir dando pasos firmes hacia el desarrollo de nuestro pa\u00eds\u00bb, valor\u00f3 U\u00f1ac, sobre las pol\u00edticas del gobierno de Fern\u00e1ndez.<\/p>\n<p>Para finalizar, el gobernador se\u00f1al\u00f3 que los diversos sectores que hacen de la vida social y econ\u00f3mica de la provincia siguen evaluando el trabajo de cara a la pr\u00f3xima etapa del Acuerdo San Juan.<\/p>\n<p><span style=\"color: #008000;\"><strong>Agenda cargada de encuentros<\/strong><\/span><\/p>\n<p>Previamente, U\u00f1ac se reuni\u00f3 con el jefe de Gabinete, Santiago Cafiero y el ministro del Interior, Eduardo \u00abWado\u00bb de Pedro.<\/p>\n<p>Adem\u00e1s, el gobernador y el ministro de Turismo y Deportes de la Naci\u00f3n, Mat\u00edas Lammems concretaron la r\u00fabrica por la cual el Gobierno nacional aportar\u00e1 60 millones de pesos para la construcci\u00f3n del Parque Aventura de la Quebrada de Zonda.<\/p>\n<p>Por otra parte, el gobernador y Enrique Cresto, titular del Ente Nacional de Obras H\u00eddricas de Saneamiento, firmaron un convenio por obras en beneficio de todos los sanjuaninos.<\/p>\n","protected":false},"excerpt":{"rendered":"<p>Despu\u00e9s de una extensa agenda, el gobernador de San Juan, Dr. Sergio U\u00f1ac fue recibido por el presidente de la<\/p>\n","protected":false},"author":3,"featured_media":30912,"comment_status":"closed","ping_status":"closed","sticky":false,"template":"","format":"standard","meta":{"_acf_changed":false,"_seopress_robots_primary_cat":"","_seopress_titles_title":"","_seopress_titles_desc":"","_seopress_robots_index":"","colormag_page_container_layout":"default_layout","colormag_page_sidebar_layout":"default_layout","footnotes":""},"categories":[1],"tags":[],"class_list":["post-30911","post","type-post","status-publish","format-standard","has-post-thumbnail","hentry","category-destacadas"],"acf":[],"_links":{"self":[{"href":"https:\/\/vocesparalelas.com.ar\/sitio\/wp-json\/wp\/v2\/posts\/30911","targetHints":{"allow":["GET"]}}],"collection":[{"href":"https:\/\/vocesparalelas.com.ar\/sitio\/wp-json\/wp\/v2\/posts"}],"about":[{"href":"https:\/\/vocesparalelas.com.ar\/sitio\/wp-json\/wp\/v2\/types\/post"}],"author":[{"embeddable":true,"href":"https:\/\/vocesparalelas.com.ar\/sitio\/wp-json\/wp\/v2\/users\/3"}],"replies":[{"embeddable":true,"href":"https:\/\/vocesparalelas.com.ar\/sitio\/wp-json\/wp\/v2\/comments?post=30911"}],"version-history":[{"count":1,"href":"https:\/\/vocesparalelas.com.ar\/sitio\/wp-json\/wp\/v2\/posts\/30911\/revisions"}],"predecessor-version":[{"id":30913,"href":"https:\/\/vocesparalelas.com.ar\/sitio\/wp-json\/wp\/v2\/posts\/30911\/revisions\/30913"}],"wp:featuredmedia":[{"embeddable":true,"href":"https:\/\/vocesparalelas.com.ar\/sitio\/wp-json\/wp\/v2\/media\/30912"}],"wp:attachment":[{"href":"https:\/\/vocesparalelas.com.ar\/sitio\/wp-json\/wp\/v2\/media?parent=30911"}],"wp:term":[{"taxonomy":"category","embeddable":true,"href":"https:\/\/vocesparalelas.com.ar\/sitio\/wp-json\/wp\/v2\/categories?post=30911"},{"taxonomy":"post_tag","embeddable":true,"href":"https:\/\/vocesparalelas.com.ar\/sitio\/wp-json\/wp\/v2\/tags?post=30911"}],"curies":[{"name":"wp","href":"https:\/\/api.w.org\/{rel}","templated":true}]}}