{"id":30870,"date":"2020-09-04T21:29:06","date_gmt":"2020-09-05T00:29:06","guid":{"rendered":"http:\/\/vocesparalelas.com.ar\/sitio\/?p=30870"},"modified":"2020-09-07T22:48:14","modified_gmt":"2020-09-08T01:48:14","slug":"el-lunes-7-de-septiembre-se-reanuda-el-cobro-de-tarifas-por-estacionamiento-del-eco","status":"publish","type":"post","link":"https:\/\/vocesparalelas.com.ar\/sitio\/el-lunes-7-de-septiembre-se-reanuda-el-cobro-de-tarifas-por-estacionamiento-del-eco\/","title":{"rendered":"El Lunes, 7 de Septiembre, se reanuda el cobro de tarifas por estacionamiento del ECO"},"content":{"rendered":"<p>Finalizada la Fase 1 de aislamiento en la provincia de San Juan, la Municipalidad de Capital dispuso el retorno del ECO en las calles, tanto con operarios en zona como con el registro mediante la app oficial.<\/p>\n<p>&nbsp;<\/p>\n<p>Los horarios de ECO son de Lunes a Viernes, de 7.00 a 18.00 hs., y el S\u00e1bados, de 9 a 13 hs. Quienes utilicen el celular para cargar el estacionamiento obtienen un descuento del 15 % en la tarifa, de forma promocional, hasta el 31 de Octubre.<\/p>\n<p>&nbsp;<\/p>\n<p>Est\u00e1 disponible para IOs y Android. La misma puede descargarse desde Play Store o App Store, as\u00ed el conductor puede:<\/p>\n<p>&#8211; Registrar estacionamiento sin demoras.<\/p>\n<p>&#8211; Predeterminar los dominios que se utilizar\u00e1n.<\/p>\n<p>&#8211; Determinar un aviso o alarma que indica de manera anticipada el vencimiento para evitar infracciones por estacionamiento vencido.<\/p>\n<p>&#8211; Consultar el lugar del \u00faltimo estacionamiento realizado desde el celular.<\/p>\n<p>&#8211; Conocer lugares disponibles de carga de tarjetas pl\u00e1sticas.<\/p>\n<p>&#8211; Consultar saldo disponible para estacionar, vinculado a la App Oficial.<\/p>\n<p>La zona de cobertura de ECO est\u00e1 comprendida desde Avenida Rawson a Segundino Navarro, y de Avenida Libertador Gral. San Mart\u00edn hasta Avenida C\u00f3rdoba.<\/p>\n<p>&nbsp;<\/p>\n<p>Hay distintas tarifas por \u00e1rea, para desalentar el tr\u00e1fico en el microcentro y agilizar el uso de boxes. El costo depende de la zona la hora cuesta $40, mientras que a medida que el usuario se aleja del centro la tarifa va decreciendo a $30 y $20.<\/p>\n<p><img loading=\"lazy\" decoding=\"async\" class=\"alignnone wp-image-30871 size-full\" src=\"https:\/\/vocesparalelas.com.ar\/sitio\/wp-content\/uploads\/2020\/09\/ECO-ESTA.jpg\" alt=\"\" width=\"800\" height=\"800\" srcset=\"https:\/\/vocesparalelas.com.ar\/sitio\/wp-content\/uploads\/2020\/09\/ECO-ESTA.jpg 800w, https:\/\/vocesparalelas.com.ar\/sitio\/wp-content\/uploads\/2020\/09\/ECO-ESTA-300x300.jpg 300w, https:\/\/vocesparalelas.com.ar\/sitio\/wp-content\/uploads\/2020\/09\/ECO-ESTA-150x150.jpg 150w, https:\/\/vocesparalelas.com.ar\/sitio\/wp-content\/uploads\/2020\/09\/ECO-ESTA-768x768.jpg 768w\" sizes=\"auto, (max-width: 800px) 100vw, 800px\" \/><\/p>\n","protected":false},"excerpt":{"rendered":"<p>Finalizada la Fase 1 de aislamiento en la provincia de San Juan, la Municipalidad de Capital dispuso el retorno del<\/p>\n","protected":false},"author":3,"featured_media":2917,"comment_status":"closed","ping_status":"closed","sticky":false,"template":"","format":"standard","meta":{"_acf_changed":false,"_seopress_robots_primary_cat":"","_seopress_titles_title":"","_seopress_titles_desc":"","_seopress_robots_index":"","colormag_page_container_layout":"default_layout","colormag_page_sidebar_layout":"default_layout","footnotes":""},"categories":[6],"tags":[],"class_list":["post-30870","post","type-post","status-publish","format-standard","has-post-thumbnail","hentry","category-eventos"],"acf":[],"_links":{"self":[{"href":"https:\/\/vocesparalelas.com.ar\/sitio\/wp-json\/wp\/v2\/posts\/30870","targetHints":{"allow":["GET"]}}],"collection":[{"href":"https:\/\/vocesparalelas.com.ar\/sitio\/wp-json\/wp\/v2\/posts"}],"about":[{"href":"https:\/\/vocesparalelas.com.ar\/sitio\/wp-json\/wp\/v2\/types\/post"}],"author":[{"embeddable":true,"href":"https:\/\/vocesparalelas.com.ar\/sitio\/wp-json\/wp\/v2\/users\/3"}],"replies":[{"embeddable":true,"href":"https:\/\/vocesparalelas.com.ar\/sitio\/wp-json\/wp\/v2\/comments?post=30870"}],"version-history":[{"count":1,"href":"https:\/\/vocesparalelas.com.ar\/sitio\/wp-json\/wp\/v2\/posts\/30870\/revisions"}],"predecessor-version":[{"id":30872,"href":"https:\/\/vocesparalelas.com.ar\/sitio\/wp-json\/wp\/v2\/posts\/30870\/revisions\/30872"}],"wp:featuredmedia":[{"embeddable":true,"href":"https:\/\/vocesparalelas.com.ar\/sitio\/wp-json\/wp\/v2\/media\/2917"}],"wp:attachment":[{"href":"https:\/\/vocesparalelas.com.ar\/sitio\/wp-json\/wp\/v2\/media?parent=30870"}],"wp:term":[{"taxonomy":"category","embeddable":true,"href":"https:\/\/vocesparalelas.com.ar\/sitio\/wp-json\/wp\/v2\/categories?post=30870"},{"taxonomy":"post_tag","embeddable":true,"href":"https:\/\/vocesparalelas.com.ar\/sitio\/wp-json\/wp\/v2\/tags?post=30870"}],"curies":[{"name":"wp","href":"https:\/\/api.w.org\/{rel}","templated":true}]}}