{"id":30867,"date":"2020-09-04T20:37:11","date_gmt":"2020-09-04T23:37:11","guid":{"rendered":"http:\/\/vocesparalelas.com.ar\/sitio\/?p=30867"},"modified":"2020-09-04T20:37:11","modified_gmt":"2020-09-04T23:37:11","slug":"100-anos-del-natalicio-del-poeta-de-san-juan-jorge-leonidas-escudero","status":"publish","type":"post","link":"https:\/\/vocesparalelas.com.ar\/sitio\/100-anos-del-natalicio-del-poeta-de-san-juan-jorge-leonidas-escudero\/","title":{"rendered":"100 a\u00f1os del natalicio del poeta de San Juan Jorge Le\u00f3nidas Escudero"},"content":{"rendered":"<p>El Ministerio de Turismo y Cultura rinde homenaje a Jorge Le\u00f3nidas Escudero con motivo del 100\u00b0 aniversario de su nacimiento. En esta oportunidad, se realizar\u00e1n cinco entregas semanales de audiovisuales de un minuto de duraci\u00f3n sobre los ejes tem\u00e1ticos de su obra: el amor, la monta\u00f1a, el juego, la palabra.<\/p>\n<p>Este proyecto fue concebido con la colaboraci\u00f3n del escritor y docente Ricardo Luis Trombino, reviviendo en la voz del poeta su trabajo. Compartimos el \u00faltimo audiovisual con un poema de Ricardo Luis Trombino en homenaje a JL Escudero.<\/p>\n<p>&nbsp;<\/p>\n<p><iframe loading=\"lazy\" title=\"JORGE LE\u00d3NIDAS ESCUDERO\" width=\"800\" height=\"450\" src=\"https:\/\/www.youtube.com\/embed\/zgaqSdAQlNg?feature=oembed\" frameborder=\"0\" allow=\"accelerometer; autoplay; encrypted-media; gyroscope; picture-in-picture\" allowfullscreen><\/iframe><\/p>\n<p>&nbsp;<\/p>\n<p>Jorge Le\u00f3nidas Escudero fue un poeta sanjuanino que construy\u00f3 una obra singular en la lengua castellana arraigada a una fuerte oralidad que despliega en una b\u00fasqueda constante de hallar una palabra. \u201cEl asunto de la palabra \u00fanica es la que va expresar lo que uno realmente siente, pero no alcanza la palabra contra la palabra \u00fanica, entonces yo por ah\u00ed en un poema digo, que entonces hay que hundir el l\u00e1piz en el papel y hacer un agujero para el otro lado a ver si est\u00e1 ah\u00ed la palabra \u00fanica. Todav\u00eda la sigo buscando, y no la encuentro, ni la encontrar\u00e9 parece, porque creo que nadie la puede encontrar, porque lo que sentimos nosotros debe ser inenarrable\u201d.<\/p>\n<p>Escudero es recordado por ser un poeta que no se dej\u00f3 llevar por el canon literario y sus lectores lo incorporaron como una atracci\u00f3n al hecho de forzar a las palabras a ser le\u00eddas como suenan.<\/p>\n<p>Por otra parte, abandon\u00f3 sus estudios de Agronom\u00eda y se dedic\u00f3 a la miner\u00eda. Durante a\u00f1os busc\u00f3 oro y metales preciosos en las monta\u00f1as de su provincia. Comenz\u00f3 a publicar a los 50 a\u00f1os. Edit\u00f3 sus poemas en diarios y revistas del pa\u00eds y del exterior. Obtuvo premios e importantes distinciones de entidades culturales. Poemas suyos se encuentran en lugares p\u00fablicos como el grabado en piedra en el Monumento al Minero en la plaza de la ciudad de La Toma en San Luis. Sus poemas integran antolog\u00edas po\u00e9ticas nacionales y extranjeras. Recibi\u00f3 dos veces la menci\u00f3n del Premio Nacional de Poes\u00eda.<\/p>\n<p>Sumado a \u00e9ste homenaje, el m\u00fasico, Pablo Maldonado, realiz\u00f3 un documental musical denominado \u00abEstrofas Escuderianas\u00bb en el que se refleja la vida y obra del poeta sanjuanino. El mismo ser\u00e1 transmitido el Viernes, 4 y el S\u00e1bado, 5 de Septiembre, a las 22 horas por <a href=\"https:\/\/www.cuidar.tv\/\">https:\/\/www.cuidar.tv\/<\/a>\u00a0y por YouTube.<\/p>\n","protected":false},"excerpt":{"rendered":"<p>El Ministerio de Turismo y Cultura rinde homenaje a Jorge Le\u00f3nidas Escudero con motivo del 100\u00b0 aniversario de su nacimiento.<\/p>\n","protected":false},"author":3,"featured_media":30868,"comment_status":"closed","ping_status":"closed","sticky":false,"template":"","format":"video","meta":{"_acf_changed":false,"_seopress_robots_primary_cat":"","_seopress_titles_title":"","_seopress_titles_desc":"","_seopress_robots_index":"","colormag_page_container_layout":"default_layout","colormag_page_sidebar_layout":"default_layout","footnotes":""},"categories":[20,7],"tags":[],"class_list":["post-30867","post","type-post","status-publish","format-video","has-post-thumbnail","hentry","category-cartelera","category-videos","post_format-post-format-video"],"acf":[],"_links":{"self":[{"href":"https:\/\/vocesparalelas.com.ar\/sitio\/wp-json\/wp\/v2\/posts\/30867","targetHints":{"allow":["GET"]}}],"collection":[{"href":"https:\/\/vocesparalelas.com.ar\/sitio\/wp-json\/wp\/v2\/posts"}],"about":[{"href":"https:\/\/vocesparalelas.com.ar\/sitio\/wp-json\/wp\/v2\/types\/post"}],"author":[{"embeddable":true,"href":"https:\/\/vocesparalelas.com.ar\/sitio\/wp-json\/wp\/v2\/users\/3"}],"replies":[{"embeddable":true,"href":"https:\/\/vocesparalelas.com.ar\/sitio\/wp-json\/wp\/v2\/comments?post=30867"}],"version-history":[{"count":1,"href":"https:\/\/vocesparalelas.com.ar\/sitio\/wp-json\/wp\/v2\/posts\/30867\/revisions"}],"predecessor-version":[{"id":30869,"href":"https:\/\/vocesparalelas.com.ar\/sitio\/wp-json\/wp\/v2\/posts\/30867\/revisions\/30869"}],"wp:featuredmedia":[{"embeddable":true,"href":"https:\/\/vocesparalelas.com.ar\/sitio\/wp-json\/wp\/v2\/media\/30868"}],"wp:attachment":[{"href":"https:\/\/vocesparalelas.com.ar\/sitio\/wp-json\/wp\/v2\/media?parent=30867"}],"wp:term":[{"taxonomy":"category","embeddable":true,"href":"https:\/\/vocesparalelas.com.ar\/sitio\/wp-json\/wp\/v2\/categories?post=30867"},{"taxonomy":"post_tag","embeddable":true,"href":"https:\/\/vocesparalelas.com.ar\/sitio\/wp-json\/wp\/v2\/tags?post=30867"}],"curies":[{"name":"wp","href":"https:\/\/api.w.org\/{rel}","templated":true}]}}