{"id":30864,"date":"2020-09-04T20:22:54","date_gmt":"2020-09-04T23:22:54","guid":{"rendered":"http:\/\/vocesparalelas.com.ar\/sitio\/?p=30864"},"modified":"2020-09-07T22:46:21","modified_gmt":"2020-09-08T01:46:21","slug":"protocolo-del-servicios-funebres-para-personas-fallecidas-no-por-covid-19","status":"publish","type":"post","link":"https:\/\/vocesparalelas.com.ar\/sitio\/protocolo-del-servicios-funebres-para-personas-fallecidas-no-por-covid-19\/","title":{"rendered":"Protocolo del servicios f\u00fanebres para personas fallecidas no por COVID-19"},"content":{"rendered":"<p class=\"itemTitle\"><span style=\"line-height: 1.5;\">El Ministerio de Salud P\u00fablica del Gobierno de San Juan estableci\u00f3 una serie de medidas para la realizaci\u00f3n de velatorios de personas fallecidas por causas no COVID-19.<\/span><\/p>\n<p><span style=\"color: #ff0000;\"><strong>Recomendaciones<\/strong><\/span><\/p>\n<ul>\n<li>El velatorio no debe durar m\u00e1s de 4 horas.<\/li>\n<li>El familiar podr\u00e1 permanecer en la sala de sepelio por el lapso de 3 horas.<\/li>\n<li>Se puede realizar a caj\u00f3n abierto, evitando el contacto del familiar con el fallecido y con el caj\u00f3n.<\/li>\n<li>Es obligatorio el uso de cubrebocas o tapabocas en los familiares y en el personal de la funeraria.<\/li>\n<li>Podr\u00e1n asistir al velatorio no m\u00e1s de 5 personas de su c\u00edrculo \u00edntimo, debiendo guardar una distancia m\u00ednima de 2 metros entre ellas.<\/li>\n<li>Se recomienda desalentar el contacto directo entre las familias, como apretones de manos, abrazos y besos en el servicio o funeral.<\/li>\n<li>Se recomienda que no concurran personas con factores de riesgo, ni mayores de 65 a\u00f1os.<\/li>\n<li>La empresa funeraria deber\u00e1 suministrar desinfectantes para manos a base de alcohol y recipientes para el desecho de los pa\u00f1uelos descartables, con bolsas de residuos.<\/li>\n<li>La empresa deber\u00e1 disponer de jab\u00f3n y toallas de papel en los ba\u00f1os.<\/li>\n<li>Colocar en el ingreso un pa\u00f1o embebido con lavandina diluida en agua (20 cm3 en un 1 litro de agua).<\/li>\n<li>Ventilar la sala cada 1 hora.<\/li>\n<li>Se recomienda no servir caf\u00e9 o alg\u00fan tipo de comida.<\/li>\n<li>El personal debe estar debidamente protegido con los elementos de protecci\u00f3n personal: guantes, cubrebocas o tapabocas, y controlar las medidas de prevenci\u00f3n y el ingreso de los familiares, mediante un registro.<\/li>\n<li>Se recomienda que el personal del servicio f\u00fanebre desinfecte el caj\u00f3n cada 1 hora, con un pa\u00f1o embebido en alcohol al 70%.<\/li>\n<li>Una vez que se realice el traslado del cad\u00e1ver de forma habitual, se sugiere desinfectar las superficies contaminadas usando alcohol al 70% u otro desinfectante.<\/li>\n<\/ul>\n<p><span style=\"color: #ff0000;\"><strong>Cortejo f\u00fanebre<\/strong><\/span><\/p>\n<ul>\n<li>Ser\u00e1 de un solo coche, que no supere el m\u00e1ximo de tres personas.<\/li>\n<li>Se recomienda que se desinfecte el volante y el picaporte, con un pa\u00f1o embebido en alcohol al 70%.<\/li>\n<li>En el cementerio se recomienda que los familiares no superen las 10 personas.<\/li>\n<\/ul>\n<p>&nbsp;<\/p>\n<p>&nbsp;<\/p>\n","protected":false},"excerpt":{"rendered":"<p>El Ministerio de Salud P\u00fablica del Gobierno de San Juan estableci\u00f3 una serie de medidas para la realizaci\u00f3n de velatorios<\/p>\n","protected":false},"author":3,"featured_media":30865,"comment_status":"closed","ping_status":"closed","sticky":false,"template":"","format":"standard","meta":{"_acf_changed":false,"_seopress_robots_primary_cat":"","_seopress_titles_title":"","_seopress_titles_desc":"","_seopress_robots_index":"","colormag_page_container_layout":"default_layout","colormag_page_sidebar_layout":"default_layout","footnotes":""},"categories":[6],"tags":[],"class_list":["post-30864","post","type-post","status-publish","format-standard","has-post-thumbnail","hentry","category-eventos"],"acf":[],"_links":{"self":[{"href":"https:\/\/vocesparalelas.com.ar\/sitio\/wp-json\/wp\/v2\/posts\/30864","targetHints":{"allow":["GET"]}}],"collection":[{"href":"https:\/\/vocesparalelas.com.ar\/sitio\/wp-json\/wp\/v2\/posts"}],"about":[{"href":"https:\/\/vocesparalelas.com.ar\/sitio\/wp-json\/wp\/v2\/types\/post"}],"author":[{"embeddable":true,"href":"https:\/\/vocesparalelas.com.ar\/sitio\/wp-json\/wp\/v2\/users\/3"}],"replies":[{"embeddable":true,"href":"https:\/\/vocesparalelas.com.ar\/sitio\/wp-json\/wp\/v2\/comments?post=30864"}],"version-history":[{"count":1,"href":"https:\/\/vocesparalelas.com.ar\/sitio\/wp-json\/wp\/v2\/posts\/30864\/revisions"}],"predecessor-version":[{"id":30866,"href":"https:\/\/vocesparalelas.com.ar\/sitio\/wp-json\/wp\/v2\/posts\/30864\/revisions\/30866"}],"wp:featuredmedia":[{"embeddable":true,"href":"https:\/\/vocesparalelas.com.ar\/sitio\/wp-json\/wp\/v2\/media\/30865"}],"wp:attachment":[{"href":"https:\/\/vocesparalelas.com.ar\/sitio\/wp-json\/wp\/v2\/media?parent=30864"}],"wp:term":[{"taxonomy":"category","embeddable":true,"href":"https:\/\/vocesparalelas.com.ar\/sitio\/wp-json\/wp\/v2\/categories?post=30864"},{"taxonomy":"post_tag","embeddable":true,"href":"https:\/\/vocesparalelas.com.ar\/sitio\/wp-json\/wp\/v2\/tags?post=30864"}],"curies":[{"name":"wp","href":"https:\/\/api.w.org\/{rel}","templated":true}]}}