{"id":30852,"date":"2020-09-04T16:09:46","date_gmt":"2020-09-04T19:09:46","guid":{"rendered":"http:\/\/vocesparalelas.com.ar\/sitio\/?p=30852"},"modified":"2020-09-07T20:16:55","modified_gmt":"2020-09-07T23:16:55","slug":"caminatas-saludables-en-san-juan","status":"publish","type":"post","link":"https:\/\/vocesparalelas.com.ar\/sitio\/caminatas-saludables-en-san-juan\/","title":{"rendered":"Caminatas saludables en San Juan"},"content":{"rendered":"<p>Tal cual lo anunci\u00f3 en conferencia de prensa del gobernador de San Juan, Dr. Sergio U\u00f1ac, las caminatas saludables se habilitan en San Juan en todos los departamentos. Sin embargo es tarea de cada municipio determinar desde cu\u00e1ndo comienzan a realizarse e informar a su comunidad sobre los circuitos que se habilitar\u00e1n, los d\u00edas de pr\u00e1ctica y los horarios determinados por los rangos etarios. De todos modos, los gobiernos departamentales deben ubicar sus d\u00edas y horarios de pr\u00e1ctica, de acuerdo a la normativa provincial que determina las caminatas de Lunes a S\u00e1bado entre las 8 y las 20 hs.<\/p>\n<p>De la misma manera deben implementar los controles en cada circuito habilitado, para verificar que se cumplan con las normativas sanitarias que se fijan en el protocolo de la actividad.<\/p>\n<p>Con respecto a las normativas sanitarias que se especifican en el protocolo, son de uso general en toda la provincia, debiendo cumplir los siguientes puntos:<\/p>\n<ul>\n<li>La \u00fanica actividad f\u00edsica permitida es caminar en el sentido de las agujas del reloj.<\/li>\n<li>Edades: de 0 a 12 a\u00f1os deben estar acompa\u00f1ados de un mayor de edad o tutor que demuestre parentesco.<\/li>\n<li>Permitido caminar con mascotas con correa.<\/li>\n<li>Uso de tapaboca y\/o barbijo obligatorio de 2 a\u00f1os en adelante.<\/li>\n<li>Se sugiere permanecer como m\u00e1ximo una hora.<\/li>\n<li>Seguir el protocolo de el Comit\u00e9 COVID-19.<\/li>\n<li>Mantener 2 metros de distancia a los lados.<\/li>\n<li>Mantener m\u00e1s de 10 metros hacia adelante y hacia atr\u00e1s.<\/li>\n<li>La pausa de descanso no debe superar los 5 minutos.<\/li>\n<li>Deben llevar su botella individual y alcohol en gel.<\/li>\n<li>Se apela la responsabilidad ciudadana.<\/li>\n<\/ul>\n<p><span style=\"color: #99cc00;\"><strong>Actividades no permitidas<\/strong><\/span><\/p>\n<ul>\n<li>No acampar, no permanecer en bancos.<\/li>\n<li>No patines, bicicleta, correr, hacer reuniones sociales.<\/li>\n<li>No utilizar los juegos ni aparatos para hacer gimnasia.<\/li>\n<li>No utilizar bebederos.<\/li>\n<li>No utilizaci\u00f3n de los espacios verdes<\/li>\n<li>No vendedores ambulantes.<\/li>\n<\/ul>\n<p>Gracias al aporte del Ministerio de Salud P\u00fablica, la Secretar\u00eda de Deportes entreg\u00f3 en la ma\u00f1ana de este viernes los kits de seguridad para los integrantes de control de todos los departamentos, compuesto por mameluco, barbijo y guantes con lo cual, estar\u00e1n debidamente identificados.<\/p>\n<p>De la misma manera, algunos municipios informaron a la Secretar\u00eda de Deportes el d\u00eda que iniciar\u00e1n las caminatas saludables en su departamento, cuyo detalle es el siguiente:<\/p>\n<p><strong>1-<span style=\"color: #99cc00;\"> Inician caminatas saludables el S\u00e1bado, 05 de Septiembre: <\/span><\/strong>Capital, Valle F\u00e9rtil<strong>, <\/strong>Chimbas<strong>,<\/strong>Caucete<strong>, <\/strong>Zonda, Rawson<strong>, <\/strong>Sarmiento<strong>, <\/strong>Albard\u00f3n<strong>, <\/strong>Angaco<strong>, <\/strong>Rivadavia, Iglesia y Ullum.<\/p>\n<p><strong>2- <span style=\"color: #99cc00;\">Inician caminatas saludables el Lunes, 07 de Septiembre:\u00a0<\/span><\/strong>J\u00e1chal, Pocito y Calingasta.<\/p>\n<p><strong>3-<span style=\"color: #99cc00;\"> Inician caminatas saludables el Lunes, 14 de Septiembre:<\/span> <\/strong>San Mart\u00edn y 25 de Mayo.<\/p>\n<p><strong>4- <span style=\"color: #99cc00;\">A\u00fan no confirman: <\/span><\/strong>Santa Luc\u00eda y 9 de Julio.<\/p>\n<p>&nbsp;<\/p>\n","protected":false},"excerpt":{"rendered":"<p>Tal cual lo anunci\u00f3 en conferencia de prensa del gobernador de San Juan, Dr. Sergio U\u00f1ac, las caminatas saludables se<\/p>\n","protected":false},"author":3,"featured_media":30853,"comment_status":"closed","ping_status":"closed","sticky":false,"template":"","format":"standard","meta":{"_acf_changed":false,"_seopress_robots_primary_cat":"","_seopress_titles_title":"","_seopress_titles_desc":"","_seopress_robots_index":"","colormag_page_container_layout":"default_layout","colormag_page_sidebar_layout":"default_layout","footnotes":""},"categories":[6],"tags":[],"class_list":["post-30852","post","type-post","status-publish","format-standard","has-post-thumbnail","hentry","category-eventos"],"acf":[],"_links":{"self":[{"href":"https:\/\/vocesparalelas.com.ar\/sitio\/wp-json\/wp\/v2\/posts\/30852","targetHints":{"allow":["GET"]}}],"collection":[{"href":"https:\/\/vocesparalelas.com.ar\/sitio\/wp-json\/wp\/v2\/posts"}],"about":[{"href":"https:\/\/vocesparalelas.com.ar\/sitio\/wp-json\/wp\/v2\/types\/post"}],"author":[{"embeddable":true,"href":"https:\/\/vocesparalelas.com.ar\/sitio\/wp-json\/wp\/v2\/users\/3"}],"replies":[{"embeddable":true,"href":"https:\/\/vocesparalelas.com.ar\/sitio\/wp-json\/wp\/v2\/comments?post=30852"}],"version-history":[{"count":1,"href":"https:\/\/vocesparalelas.com.ar\/sitio\/wp-json\/wp\/v2\/posts\/30852\/revisions"}],"predecessor-version":[{"id":30854,"href":"https:\/\/vocesparalelas.com.ar\/sitio\/wp-json\/wp\/v2\/posts\/30852\/revisions\/30854"}],"wp:featuredmedia":[{"embeddable":true,"href":"https:\/\/vocesparalelas.com.ar\/sitio\/wp-json\/wp\/v2\/media\/30853"}],"wp:attachment":[{"href":"https:\/\/vocesparalelas.com.ar\/sitio\/wp-json\/wp\/v2\/media?parent=30852"}],"wp:term":[{"taxonomy":"category","embeddable":true,"href":"https:\/\/vocesparalelas.com.ar\/sitio\/wp-json\/wp\/v2\/categories?post=30852"},{"taxonomy":"post_tag","embeddable":true,"href":"https:\/\/vocesparalelas.com.ar\/sitio\/wp-json\/wp\/v2\/tags?post=30852"}],"curies":[{"name":"wp","href":"https:\/\/api.w.org\/{rel}","templated":true}]}}