{"id":30845,"date":"2020-09-04T15:12:32","date_gmt":"2020-09-04T18:12:32","guid":{"rendered":"http:\/\/vocesparalelas.com.ar\/sitio\/?p=30845"},"modified":"2020-09-04T20:23:37","modified_gmt":"2020-09-04T23:23:37","slug":"funcionamiento-del-servicio-de-transporte-publico-en-san-juan","status":"publish","type":"post","link":"https:\/\/vocesparalelas.com.ar\/sitio\/funcionamiento-del-servicio-de-transporte-publico-en-san-juan\/","title":{"rendered":"Funcionamiento del servicio de transporte p\u00fablico en San Juan"},"content":{"rendered":"<div class=\"itemFullText\">\n<p>Mingob del Gobierno de San Juan, a trav\u00e9s de Tr\u00e1nsito y Transporte, brind\u00f3 detalles acerca del funcionamiento del transporte p\u00fablico de pasajeros.<\/p>\n<p>De esta manera y a continuaci\u00f3n, en el marco de las nuevas habilitaciones para el transporte p\u00fablico de pasajeros, estos son los servicios habilitados:<\/p>\n<ul>\n<li>El transporte p\u00fablico de pasajeros contin\u00faa limitado a 22 personas por colectivo.<\/li>\n<li>Queda habilitado el servicio interurbano de transporte p\u00fablico de pasajeros, para uso exclusivo de trabajadores esenciales y por motivos de salud. Capacidad al %50 por unidad. Queda prohibida su utilizaci\u00f3n para turismo interno o visita a familiares.<\/li>\n<li>El uso de movilidad particular, podr\u00e1n trasladarse hasta cinco personas por veh\u00edculo.<\/li>\n<li>Queda habilitado el funcionamiento de t\u00e1xis y remises, un pasajero por unidad.<\/li>\n<li>Combis en circulaci\u00f3n, hasta el 50% de su capacidad por unidad.<\/li>\n<\/ul>\n<p>Desde la cartera de Tr\u00e1nsito y Transporte, adem\u00e1s comentaron que realizar\u00e1n desinfecci\u00f3n en Terminal de \u00d3mnibus, en los turnos ma\u00f1ana y tarde.<\/p>\n<p>Continuar\u00e1n los controles de inspectores de transporte p\u00fablico, con asistencia en plataformas en terminal de \u00f3mnibus para transporte interurbano.<\/p>\n<p>En tanto, quedan habilitadas las oficinas administrativas en Centro C\u00edvico y Terminal de \u00d3mnibus con la apertura de mesa de entrada en centro c\u00edvico (SUBE, permisos de circulaci\u00f3n) en horario de 7.30 a 12.30 y 14.30 a 19.30.<\/p>\n<\/div>\n<div class=\"clr\"><\/div>\n<div class=\"itemContentFooter\"><\/div>\n<div><\/div>\n<div><\/div>\n<div><\/div>\n","protected":false},"excerpt":{"rendered":"<p>Mingob del Gobierno de San Juan, a trav\u00e9s de Tr\u00e1nsito y Transporte, brind\u00f3 detalles acerca del funcionamiento del transporte p\u00fablico<\/p>\n","protected":false},"author":3,"featured_media":27792,"comment_status":"closed","ping_status":"closed","sticky":false,"template":"","format":"standard","meta":{"_acf_changed":false,"_seopress_robots_primary_cat":"","_seopress_titles_title":"","_seopress_titles_desc":"","_seopress_robots_index":"","colormag_page_container_layout":"default_layout","colormag_page_sidebar_layout":"default_layout","footnotes":""},"categories":[6],"tags":[],"class_list":["post-30845","post","type-post","status-publish","format-standard","has-post-thumbnail","hentry","category-eventos"],"acf":[],"_links":{"self":[{"href":"https:\/\/vocesparalelas.com.ar\/sitio\/wp-json\/wp\/v2\/posts\/30845","targetHints":{"allow":["GET"]}}],"collection":[{"href":"https:\/\/vocesparalelas.com.ar\/sitio\/wp-json\/wp\/v2\/posts"}],"about":[{"href":"https:\/\/vocesparalelas.com.ar\/sitio\/wp-json\/wp\/v2\/types\/post"}],"author":[{"embeddable":true,"href":"https:\/\/vocesparalelas.com.ar\/sitio\/wp-json\/wp\/v2\/users\/3"}],"replies":[{"embeddable":true,"href":"https:\/\/vocesparalelas.com.ar\/sitio\/wp-json\/wp\/v2\/comments?post=30845"}],"version-history":[{"count":1,"href":"https:\/\/vocesparalelas.com.ar\/sitio\/wp-json\/wp\/v2\/posts\/30845\/revisions"}],"predecessor-version":[{"id":30846,"href":"https:\/\/vocesparalelas.com.ar\/sitio\/wp-json\/wp\/v2\/posts\/30845\/revisions\/30846"}],"wp:featuredmedia":[{"embeddable":true,"href":"https:\/\/vocesparalelas.com.ar\/sitio\/wp-json\/wp\/v2\/media\/27792"}],"wp:attachment":[{"href":"https:\/\/vocesparalelas.com.ar\/sitio\/wp-json\/wp\/v2\/media?parent=30845"}],"wp:term":[{"taxonomy":"category","embeddable":true,"href":"https:\/\/vocesparalelas.com.ar\/sitio\/wp-json\/wp\/v2\/categories?post=30845"},{"taxonomy":"post_tag","embeddable":true,"href":"https:\/\/vocesparalelas.com.ar\/sitio\/wp-json\/wp\/v2\/tags?post=30845"}],"curies":[{"name":"wp","href":"https:\/\/api.w.org\/{rel}","templated":true}]}}