{"id":30842,"date":"2020-09-04T15:07:32","date_gmt":"2020-09-04T18:07:32","guid":{"rendered":"http:\/\/vocesparalelas.com.ar\/sitio\/?p=30842"},"modified":"2020-09-05T11:52:21","modified_gmt":"2020-09-05T14:52:21","slug":"san-juan-pasa-a-la-fase-3-pero-cuidate-y-cuida-al-otro-para-combatir-la-propagacion-del-covid-19","status":"publish","type":"post","link":"https:\/\/vocesparalelas.com.ar\/sitio\/san-juan-pasa-a-la-fase-3-pero-cuidate-y-cuida-al-otro-para-combatir-la-propagacion-del-covid-19\/","title":{"rendered":"San Juan pasa a la Fase 3 pero cuidate y cuida al otro para combatir la propagaci\u00f3n del COVID &#8211; 19"},"content":{"rendered":"<p>El Gobernador de San Juan, Dr. Sergio U\u00f1ac \u00a0dio a conocer m\u00e1s precisiones sobre c\u00f3mo se flexibiliza con la Fase 3 que comienza el S\u00e1bado, 5 de Septiembre, a las 00 hs. Luego de 14 d\u00edas de aislamiento social, preventivo y obligatorio estricto.<\/p>\n<p>A las actividades ya exceptuadas a partir del 21 de Agosto, se suman nuevas excepciones a las restricciones generales.<\/p>\n<p>&nbsp;<\/p>\n<p><iframe loading=\"lazy\" title=\"Palabras del Gobernador de San Juan, Dr. Sergio U\u00f1ac\" width=\"800\" height=\"450\" src=\"https:\/\/www.youtube.com\/embed\/BHO17q0i3lE?feature=oembed\" frameborder=\"0\" allow=\"accelerometer; autoplay; encrypted-media; gyroscope; picture-in-picture\" allowfullscreen><\/iframe><\/p>\n<p>&nbsp;<\/p>\n<p><span style=\"color: #ff6600;\"><strong>Actividades habilitadas<\/strong><\/span><\/p>\n<p><span style=\"color: #ff6600;\"><strong>Circulaci\u00f3n de personas y transporte<\/strong><\/span><\/p>\n<ul>\n<li>Control de l\u00edmites provinciales<\/li>\n<li>Ingreso temporario de personas a la Provincia de San Juan: sistema especial de control y monitoreo habilitado.<\/li>\n<li>Circulaci\u00f3n de personas en general: se mantienen las restricciones a la poblaci\u00f3n de riesgo. Pueden circular hasta 5 personas por veh\u00edculo privado familiar tipo sed\u00e1n y hasta 22 por colectivo.<\/li>\n<li>Circulaci\u00f3n de personas entre departamentos en veh\u00edculos particulares: estar\u00e1 limitada a trabajadores esenciales, de actividades autorizadas y a temas de salud. Est\u00e1 prohibido el turismo interno y visitas familiares.<\/li>\n<li>Transporte p\u00fablico urbano de pasajeros: se limita a 22 personas por colectivo.<\/li>\n<li>Transporte p\u00fablico de pasajeros interdepartamental: limitado a trabajadores esenciales y temas de salud. Se proh\u00edbe el turismo interno y visitas a familiares. Se limita al 50% de la capacidad del colectivo.<\/li>\n<li>Terminal de \u00d3mnibus de San Juan y de los departamentos J\u00e1chal, Iglesia, Calingasta y Valle F\u00e9rtil: funcionar\u00e1n para transporte interdepartamental con las limitaciones anteriores.<\/li>\n<li>Transporte de cargas: habilitado con protocolo vigente.<\/li>\n<li>Veh\u00edculos de uso privado: podr\u00e1n viajar hasta cinco personas por veh\u00edculo.<\/li>\n<li>Motos y bicicletas: habilitados para circular.<\/li>\n<li>Taxis y remises: pueden circular, trasladando hasta dos personas en los asientos traseros.<\/li>\n<li>Combis: pueden circular con hasta el 50% de su capacidad.<\/li>\n<\/ul>\n<p><span style=\"color: #ff6600;\"><strong>Dispensas laborales<\/strong><\/span><\/p>\n<ul>\n<li>Dispensa laboral para personas mayores de 60 a\u00f1os y personas de grupos de riesgo: el empleador no puede exigir a los mayores de sesenta a\u00f1os, embarazadas y a los integrantes de grupos de riesgo, la concurrencia a su puesto de trabajo. No pueden ser declarados trabajadores esenciales.<\/li>\n<\/ul>\n<p><span style=\"color: #ff6600;\"><strong>Servicios f\u00fanebres y cultos<\/strong><\/span><\/p>\n<ul>\n<li>Servicios f\u00fanebres de personas no fallecidas por COVID-19: habilitado de lunes a domingo de 8:00 a 20:00 horas. M\u00e1ximo cinco personas del c\u00edrculo \u00edntimo y con una duraci\u00f3n m\u00e1xima de 5 horas bajo cumplimiento de protocolo.<\/li>\n<li>Cementerios: autorizado el funcionamiento de lunes a domingo de 8:00 a 20:00 horas bajo cumplimiento de protocolo.<\/li>\n<li>Cultos: habilitados solo la asistencia individual, limitado a 40% de capacidad y distancia de 2 metros entre personas. No se permiten celebraciones comunitarias (misas, bautismos, casamientos, celebraciones de la palabra y otras pr\u00e1cticas no individuales).<\/li>\n<\/ul>\n<p><span style=\"color: #ff6600;\"><strong>Caminatas saludables<\/strong><\/span><\/p>\n<ul>\n<li>Se habilitan de lunes a s\u00e1bado, de 8 a 20 horas.<\/li>\n<\/ul>\n<p><strong><span style=\"color: #ff6600;\">Comercio y servicios e industria<\/span><\/strong><\/p>\n<ul>\n<li>Shoppings y galer\u00edas comerciales: Puede asistir solo una persona por grupo familiar a estos lugares, los cuales podr\u00e1n tener hasta un 40% de ocupaci\u00f3n como m\u00e1ximo. Estar\u00e1n abiertos de lunes a s\u00e1bado de 11 a 22 horas, permaneciendo cerrados los domingos.<\/li>\n<li>Supermercados mayoristas y minoristas y comercios minoristas de proximidad, farmacias, ferreter\u00edas, veterinarias, provisi\u00f3n de garrafas: considerados servicios esenciales, podr\u00e1n abrir sus puertas con una ocupaci\u00f3n m\u00e1xima del 40% de su capacidad. Puede asistir solo una persona por grupo familiar. Estar\u00e1n habilitados de lunes a domingo de 08 a 20 horas.<\/li>\n<li>Comercios en general. Playas de estacionamiento, talleres, gomer\u00edas, lavaderos, agencias de quiniela, peluquer\u00edas, est\u00e9ticas, y comercios en general no incluidos en categor\u00edas anteriores: cumpliendo con protocolos aprobados, con 40% de ocupaci\u00f3n. Atender\u00e1n de lunes a s\u00e1bado en horario de 10:00 a 18:00. Permanecer\u00e1n cerrados los domingos.<\/li>\n<li>Comercios gastron\u00f3micos, restaurantes, caf\u00e9s y similares: se habilitar\u00e1n con una ocupaci\u00f3n m\u00e1xima del 40% y cuatro personas por mesa al aire libre y en veredas, con 2 metros entre mesas y 1 metro entre personas. Los horarios ser\u00e1n de lunes a s\u00e1bado de 07 a 24, mientras que los domingos permanecer\u00e1n cerrados y solo se permitir\u00e1n las entregas a domicilio.<\/li>\n<li>Servicios de entrega de productos a domicilio: habilitados de lunes a domingo hasta las 24 horas.<\/li>\n<li>Industrias: atenci\u00f3n de 08:00 a 20:00 horas.<\/li>\n<\/ul>\n<p><strong><span style=\"color: #ff6600;\">Servicios profesionales<\/span><\/strong><\/p>\n<ul>\n<li>Habilitados con cumplimiento de protocolos<\/li>\n<li>Consultorios y cl\u00ednicas privadas: podr\u00e1n funcionar, bajo cumplimiento de protocolo, de lunes a domingo de 9 a 21 horas.<\/li>\n<li>Oficios y trabajadores de casas particulares: habilitados con cumplimiento de protocolo.<\/li>\n<\/ul>\n<p><span style=\"color: #ff6600;\"><strong>Industria<\/strong><\/span><\/p>\n<ul>\n<li>Actividades industriales: con cumplimiento de protocolo, de lunes a domingo, de 8 a 18 horas, excepto industrias autorizadas de ciclo continuo.<\/li>\n<\/ul>\n<p><span style=\"color: #ff6600;\"><strong>Miner\u00eda<\/strong><\/span><\/p>\n<ul>\n<li>Actividades mineras: con cumplimiento de protocolos vigentes.<\/li>\n<\/ul>\n<p><strong><span style=\"color: #ff6600;\">Agricultura<\/span><\/strong><\/p>\n<ul>\n<li>Actividades agr\u00edcolas y ganaderas: con cumplimiento de protocolos vigentes.<\/li>\n<\/ul>\n<p><span style=\"color: #ff6600;\"><strong>Construcci\u00f3n de obras<\/strong><\/span><\/p>\n<ul>\n<li>Obra p\u00fablica: con cumplimiento de protocolos vigentes.<\/li>\n<li>Obra privada: con cumplimiento de protocolos vigentes y registraci\u00f3n ante la Direcci\u00f3n de Planeamiento.<\/li>\n<\/ul>\n<p><span style=\"color: #ff6600;\"><strong>Turismo<\/strong><\/span><\/p>\n<ul>\n<li>Se habilitan las agencias de viaje y turismo para preventa.<\/li>\n<li>Habilitados los alojamientos para personas en aislamiento: con cumplimiento de protocolos vigentes.<\/li>\n<\/ul>\n<p><span style=\"color: #ff6600;\"><strong>Funcionamiento de organismos estatales<\/strong><\/span><\/p>\n<ul>\n<li><span style=\"color: #ff6600;\"><strong>Poder Ejecutivo<\/strong>:<\/span> dispensa a agentes de la administraci\u00f3n p\u00fablica. A partir del 7 de septiembre rige nuevamente el Decreto N\u00ba 033\/2020 (R\u00e9gimen de Trabajo Administraci\u00f3n P\u00fablica) y Resoluci\u00f3n N\u00ba 2650-MSP-2020 (Protocolo COVID-19). Se mantienen las dispensas gestionadas al 21\/08\/2020, no debiendo el agente gestionar nuevas solicitudes de dispensas por el mismo motivo.<\/li>\n<li>Atenci\u00f3n en Centro C\u00edvico y oficinas p\u00fablicas del Poder Ejecutivo: habilitado en horario de lunes a viernes de 7:00 a 20:00 horas. Atenci\u00f3n al p\u00fablico: de 07:30 \u2013 12:30 horas y de 14:30 \u2013 19:30 horas \/ Ingreso por terminaci\u00f3n de DNI, exceptu\u00e1ndose aquellas personas con citaci\u00f3n o turno previo. En cualquiera de los casos deber\u00e1 presentarse el DNI para su escaneo\/ Puertas: Libertador y Plaza Seca.<\/li>\n<li>Oficina Central de Contrataciones: la atenci\u00f3n al P\u00fablico ser\u00e1 exclusivamente con turno web. Los turnos que no fueron atendidos en Fase I quedaron sin efecto y deber\u00e1n solicitarse nuevamente en<a href=\"http:\/\/turnos.sanjuan.gov.ar\/\" target=\"_blank\" rel=\"noopener noreferrer\"> http:\/\/turnos.sanjuan.gov.ar\/<\/a><\/li>\n<li>Direcci\u00f3n General de Rentas: los tr\u00e1mites continuar\u00e1n v\u00eda web en<a href=\"https:\/\/rentas.sanjuan.gov.ar\/\" target=\"_blank\" rel=\"noopener noreferrer\">https:\/\/rentas.sanjuan.gov.ar\/<\/a>. Para aquellos exclusivamente presenciales, la atenci\u00f3n al p\u00fablico ser\u00e1 s\u00f3lo con turno web <a href=\"http:\/\/turnos.sanjuan.gov.ar\/\" target=\"_blank\" rel=\"noopener noreferrer\">http:\/\/turnos.sanjuan.gov.ar\/<\/a>. Se mantienen 0800 y n\u00fameros de WhatsApp para atenci\u00f3n de consultas.<\/li>\n<li><span style=\"color: #ff6600;\"><strong>Poder Legislativo<\/strong>:<\/span> habilitado de acuerdo a protocolo propio de la repartici\u00f3n.<\/li>\n<li><span style=\"color: #ff6600;\"><strong>Poder Judicial<\/strong>:<\/span> habilitado de acuerdo a protocolo propio de la repartici\u00f3n.<\/li>\n<li><span style=\"color: #ff6600;\"><strong>Municipios<\/strong>:<\/span> habilitados de acuerdo a protocolo propio de la repartici\u00f3n.<strong><br \/>\n<\/strong><\/li>\n<\/ul>\n<p><span style=\"color: #ff6600;\"><strong>Lo que no est\u00e1 habilitado<\/strong><\/span><\/p>\n<ul>\n<li>Actividades deportivas<\/li>\n<li>Actividad social en clubes deportivos o campings.<\/li>\n<li>Museos, teatros y centros culturales.<\/li>\n<li>Industria audiovisual y fotograf\u00eda.<\/li>\n<li>Actividad musical.<\/li>\n<li>Instituciones art\u00edsticas y recreativas.<\/li>\n<li>Artesanos y manualistas.<\/li>\n<li>Proyecciones cinematogr\u00e1ficas en autocine.<\/li>\n<li>Reuniones familiares y sociales en domicilios particulares.<\/li>\n<li>Transporte a\u00e9reo.<\/li>\n<li>Salas de casino, bingo y similares.<\/li>\n<li>Alojamientos con destino de fines tur\u00edsticos.<\/li>\n<li>Oficinas de informaci\u00f3n tur\u00edstica.<\/li>\n<li>Servicio de gu\u00edas de turismo.<\/li>\n<li>Servicio de gu\u00edas de monta\u00f1a.<\/li>\n<li>Establecimientos vinculados a la Ruta del Vino.<\/li>\n<li>Educaci\u00f3n provincial de gesti\u00f3n p\u00fablica y privada.<\/li>\n<li>Universidades.<\/li>\n<li>Jardines maternales.<\/li>\n<li>Servicios f\u00fanebres de personas fallecidas por COVID-19.<\/li>\n<\/ul>\n<p>&nbsp;<\/p>\n","protected":false},"excerpt":{"rendered":"<p>El Gobernador de San Juan, Dr. Sergio U\u00f1ac \u00a0dio a conocer m\u00e1s precisiones sobre c\u00f3mo se flexibiliza con la Fase<\/p>\n","protected":false},"author":3,"featured_media":30843,"comment_status":"closed","ping_status":"closed","sticky":false,"template":"","format":"video","meta":{"_acf_changed":false,"_seopress_robots_primary_cat":"","_seopress_titles_title":"","_seopress_titles_desc":"","_seopress_robots_index":"","colormag_page_container_layout":"default_layout","colormag_page_sidebar_layout":"default_layout","footnotes":""},"categories":[6,7],"tags":[],"class_list":["post-30842","post","type-post","status-publish","format-video","has-post-thumbnail","hentry","category-eventos","category-videos","post_format-post-format-video"],"acf":[],"_links":{"self":[{"href":"https:\/\/vocesparalelas.com.ar\/sitio\/wp-json\/wp\/v2\/posts\/30842","targetHints":{"allow":["GET"]}}],"collection":[{"href":"https:\/\/vocesparalelas.com.ar\/sitio\/wp-json\/wp\/v2\/posts"}],"about":[{"href":"https:\/\/vocesparalelas.com.ar\/sitio\/wp-json\/wp\/v2\/types\/post"}],"author":[{"embeddable":true,"href":"https:\/\/vocesparalelas.com.ar\/sitio\/wp-json\/wp\/v2\/users\/3"}],"replies":[{"embeddable":true,"href":"https:\/\/vocesparalelas.com.ar\/sitio\/wp-json\/wp\/v2\/comments?post=30842"}],"version-history":[{"count":1,"href":"https:\/\/vocesparalelas.com.ar\/sitio\/wp-json\/wp\/v2\/posts\/30842\/revisions"}],"predecessor-version":[{"id":30844,"href":"https:\/\/vocesparalelas.com.ar\/sitio\/wp-json\/wp\/v2\/posts\/30842\/revisions\/30844"}],"wp:featuredmedia":[{"embeddable":true,"href":"https:\/\/vocesparalelas.com.ar\/sitio\/wp-json\/wp\/v2\/media\/30843"}],"wp:attachment":[{"href":"https:\/\/vocesparalelas.com.ar\/sitio\/wp-json\/wp\/v2\/media?parent=30842"}],"wp:term":[{"taxonomy":"category","embeddable":true,"href":"https:\/\/vocesparalelas.com.ar\/sitio\/wp-json\/wp\/v2\/categories?post=30842"},{"taxonomy":"post_tag","embeddable":true,"href":"https:\/\/vocesparalelas.com.ar\/sitio\/wp-json\/wp\/v2\/tags?post=30842"}],"curies":[{"name":"wp","href":"https:\/\/api.w.org\/{rel}","templated":true}]}}