{"id":30835,"date":"2020-09-03T23:00:37","date_gmt":"2020-09-04T02:00:37","guid":{"rendered":"http:\/\/vocesparalelas.com.ar\/sitio\/?p=30835"},"modified":"2020-09-04T20:37:46","modified_gmt":"2020-09-04T23:37:46","slug":"convocatoria-de-proyectos-cientificos-vinculados-a-la-escuela-de-montana","status":"publish","type":"post","link":"https:\/\/vocesparalelas.com.ar\/sitio\/convocatoria-de-proyectos-cientificos-vinculados-a-la-escuela-de-montana\/","title":{"rendered":"Convocatoria de proyectos cient\u00edficos vinculados a la Escuela de Monta\u00f1a"},"content":{"rendered":"<p>La Escuela de Caminos de Monta\u00f1a &#8211; EICAM &#8211; de la Facultad de Ingenier\u00eda de la UNSJ convoca a estudiantes avanzados\/as de la carrera Ingenier\u00eda Civil a postularse a las becas EVC-CIN a trav\u00e9s de proyectos de investigaci\u00f3n de la EICAM.<\/p>\n<p><strong><span style=\"color: #ff6600;\">Requisitos para postular<\/span><\/strong><\/p>\n<ul>\n<li>Ser estudiantes avanzado\/a.<\/li>\n<li><span style=\"line-height: 1.5;\">Tener hasta 30 a\u00f1os de edad (al 31\/12\/2020).<\/span><\/li>\n<li><span style=\"line-height: 1.5;\">Tener un promedio m\u00ednimo de 6 puntos.<\/span><\/li>\n<li><span style=\"line-height: 1.5;\">No haber sido beneficiario\/a de una Beca EVC-CIN con anterioridad.<\/span><\/li>\n<\/ul>\n<p>La postulaci\u00f3n est\u00e1 abierta desde el 3 de Septiembre y cierra el 26 de Octubre.<\/p>\n<p>Los\/as estudiantes interesadas en postular a trav\u00e9s de proyectos de la EICAM, contactar al Dr. Ing. Marcelo Bustos: <a href=\"mailto:mbustos@eicam.unsj.edu.ar\">mbustos@eicam.unsj.edu.ar<\/a><\/p>\n<p>Acceden a las Becas EVC-CIN estudiantes universitarios de grado que deseen iniciar su formaci\u00f3n en investigaci\u00f3n en el marco de proyectos de investigaci\u00f3n acreditados, que se desarrollen en el \u00e1mbito de las instituciones universitarias p\u00fablicas y que cuenten con financiamiento, en disciplinas cient\u00edficas, human\u00edsticas, tecnol\u00f3gicas o art\u00edsticas<\/p>\n<p><strong><span style=\"color: #ff6600;\">M\u00e1s informaci\u00f3n<\/span><\/strong><\/p>\n<p><strong><span style=\"color: #ff6600;\">Convocatoria desde la UNSJ<\/span><\/strong><\/p>\n<p><a href=\"http:\/\/www.unsj.edu.ar\/home\/noticias_detalles\/5079\/2\">http:\/\/www.unsj.edu.ar\/home\/noticias_detalles\/5079\/2<\/a><\/p>\n<p><span style=\"color: #ff6600;\"><strong>Sitio<\/strong><\/span><\/p>\n<p><a href=\"http:\/\/evc.cin.edu.ar\/informacion\">http:\/\/evc.cin.edu.ar\/informacion<\/a><\/p>\n<p>&nbsp;<\/p>\n<p><img loading=\"lazy\" decoding=\"async\" class=\"alignnone wp-image-30836 size-full\" src=\"https:\/\/vocesparalelas.com.ar\/sitio\/wp-content\/uploads\/2020\/09\/FI-EC.jpg\" alt=\"\" width=\"800\" height=\"600\" srcset=\"https:\/\/vocesparalelas.com.ar\/sitio\/wp-content\/uploads\/2020\/09\/FI-EC.jpg 800w, https:\/\/vocesparalelas.com.ar\/sitio\/wp-content\/uploads\/2020\/09\/FI-EC-300x225.jpg 300w, https:\/\/vocesparalelas.com.ar\/sitio\/wp-content\/uploads\/2020\/09\/FI-EC-768x576.jpg 768w\" sizes=\"auto, (max-width: 800px) 100vw, 800px\" \/><\/p>\n<p>&nbsp;<\/p>\n","protected":false},"excerpt":{"rendered":"<p>La Escuela de Caminos de Monta\u00f1a &#8211; EICAM &#8211; de la Facultad de Ingenier\u00eda de la UNSJ convoca a estudiantes<\/p>\n","protected":false},"author":3,"featured_media":23028,"comment_status":"closed","ping_status":"closed","sticky":false,"template":"","format":"standard","meta":{"_acf_changed":false,"_seopress_robots_primary_cat":"","_seopress_titles_title":"","_seopress_titles_desc":"","_seopress_robots_index":"","colormag_page_container_layout":"default_layout","colormag_page_sidebar_layout":"default_layout","footnotes":""},"categories":[2],"tags":[],"class_list":["post-30835","post","type-post","status-publish","format-standard","has-post-thumbnail","hentry","category-convocatorias"],"acf":[],"_links":{"self":[{"href":"https:\/\/vocesparalelas.com.ar\/sitio\/wp-json\/wp\/v2\/posts\/30835","targetHints":{"allow":["GET"]}}],"collection":[{"href":"https:\/\/vocesparalelas.com.ar\/sitio\/wp-json\/wp\/v2\/posts"}],"about":[{"href":"https:\/\/vocesparalelas.com.ar\/sitio\/wp-json\/wp\/v2\/types\/post"}],"author":[{"embeddable":true,"href":"https:\/\/vocesparalelas.com.ar\/sitio\/wp-json\/wp\/v2\/users\/3"}],"replies":[{"embeddable":true,"href":"https:\/\/vocesparalelas.com.ar\/sitio\/wp-json\/wp\/v2\/comments?post=30835"}],"version-history":[{"count":1,"href":"https:\/\/vocesparalelas.com.ar\/sitio\/wp-json\/wp\/v2\/posts\/30835\/revisions"}],"predecessor-version":[{"id":30837,"href":"https:\/\/vocesparalelas.com.ar\/sitio\/wp-json\/wp\/v2\/posts\/30835\/revisions\/30837"}],"wp:featuredmedia":[{"embeddable":true,"href":"https:\/\/vocesparalelas.com.ar\/sitio\/wp-json\/wp\/v2\/media\/23028"}],"wp:attachment":[{"href":"https:\/\/vocesparalelas.com.ar\/sitio\/wp-json\/wp\/v2\/media?parent=30835"}],"wp:term":[{"taxonomy":"category","embeddable":true,"href":"https:\/\/vocesparalelas.com.ar\/sitio\/wp-json\/wp\/v2\/categories?post=30835"},{"taxonomy":"post_tag","embeddable":true,"href":"https:\/\/vocesparalelas.com.ar\/sitio\/wp-json\/wp\/v2\/tags?post=30835"}],"curies":[{"name":"wp","href":"https:\/\/api.w.org\/{rel}","templated":true}]}}