{"id":30832,"date":"2020-09-03T22:33:16","date_gmt":"2020-09-04T01:33:16","guid":{"rendered":"http:\/\/vocesparalelas.com.ar\/sitio\/?p=30832"},"modified":"2020-09-04T16:59:57","modified_gmt":"2020-09-04T19:59:57","slug":"programa-radial-zona-esco-por-radio-universidad","status":"publish","type":"post","link":"https:\/\/vocesparalelas.com.ar\/sitio\/programa-radial-zona-esco-por-radio-universidad\/","title":{"rendered":"Programa radial \u201cZona Esco\u201d por Radio Universidad"},"content":{"rendered":"<p class=\"noticia\">Zona Esco es un programa de radio que, en tiempos de aislamiento obligatorio, hecha mano a las posibilidades tecnol\u00f3gicas.<\/p>\n<p>\u201cZona Esco\u201d ya tiene diez a\u00f1os al aire en Radio Universidad. Pero este a\u00f1o, por las circunstancias de la pandemia no se pudo comenzar con el proyecto de manera presencial en los estudios de la radio: \u201cLos chicos ten\u00edan muchas ganas de hacer el programa. As\u00ed es que se nos ocurri\u00f3 utilizar una plataforma\u00a0para hacer videollamadas, grabarlas y emitirlas por la radio, los s\u00e1bados a las 14 horas\u201d, cuenta la docente a cargo del espacio radial, Vanesa Olmos, profesora de Lengua y Literatura del Instituto Preuniversitario de la Universidad Nacional de San Juan, Escuela de Comercio \u00abLib. General San Mart\u00edn\u00bb y coordina el Taller de Radio.<\/p>\n<p>El programa es una v\u00eda de comunicaci\u00f3n para contar las novedades sobre la ECLGSM. Aunque los y las estudiantes no han estado yendo a la escuela, hay muchas actividades que se pueden comunicar: participaciones en concursos, clases virtuales, nuevas plataformas disponibles. Pero tambi\u00e9n, y esto puede ser lo m\u00e1s importante de este espacio radial hoy, Zona Esco ha servido para contar c\u00f3mo se sienten en esta etapa de aislamiento: \u201ccomo cuando los chicos de sexto no sab\u00edan si iban a comenzar las clases. Habl\u00e1bamos de lo que les pasaba, c\u00f3mo se sent\u00edan cuando empezamos nuevamente en la Fase 1, y esto genera empat\u00eda con el resto del alumnado. Es una experiencia que sirve de acompa\u00f1amiento a esta situaci\u00f3n\u201d, agrega la profe Olmos.<\/p>\n<p>Zona Esco se transmite por Radio Universidad (FM 93.1) los s\u00e1bados, a las 14 horas<\/p>\n<p>Se puede escuchar\u00a0<a href=\"http:\/\/radiounsj.com\/\">por streaming por la web de la radio<\/a><\/p>\n<p>Tambi\u00e9n los programas grabados pueden verse en <a href=\"https:\/\/www.youtube.com\/channel\/UCIGUauiQF7j_qvZ3rRBMFtw\">Zona Esco (Youtube)<\/a><\/p>\n<p>&nbsp;<\/p>\n<p><iframe loading=\"lazy\" title=\"9\u00ba Programa Zona Esco\" width=\"800\" height=\"450\" src=\"https:\/\/www.youtube.com\/embed\/2tmWQPTr7vs?feature=oembed\" frameborder=\"0\" allow=\"accelerometer; autoplay; encrypted-media; gyroscope; picture-in-picture\" allowfullscreen><\/iframe><\/p>\n<p>&nbsp;<\/p>\n<p>&nbsp;<\/p>\n<p><img loading=\"lazy\" decoding=\"async\" class=\"alignnone wp-image-14442 size-large\" src=\"https:\/\/vocesparalelas.com.ar\/sitio\/wp-content\/uploads\/2018\/08\/EIDFS-UNSJ-02-800x509.jpg\" alt=\"\" width=\"800\" height=\"509\" srcset=\"https:\/\/vocesparalelas.com.ar\/sitio\/wp-content\/uploads\/2018\/08\/EIDFS-UNSJ-02-800x509.jpg 800w, https:\/\/vocesparalelas.com.ar\/sitio\/wp-content\/uploads\/2018\/08\/EIDFS-UNSJ-02-300x191.jpg 300w, https:\/\/vocesparalelas.com.ar\/sitio\/wp-content\/uploads\/2018\/08\/EIDFS-UNSJ-02-768x488.jpg 768w, https:\/\/vocesparalelas.com.ar\/sitio\/wp-content\/uploads\/2018\/08\/EIDFS-UNSJ-02.jpg 1000w\" sizes=\"auto, (max-width: 800px) 100vw, 800px\" \/><\/p>\n","protected":false},"excerpt":{"rendered":"<p>Zona Esco es un programa de radio que, en tiempos de aislamiento obligatorio, hecha mano a las posibilidades tecnol\u00f3gicas. \u201cZona<\/p>\n","protected":false},"author":3,"featured_media":30833,"comment_status":"closed","ping_status":"closed","sticky":false,"template":"","format":"video","meta":{"_acf_changed":false,"_seopress_robots_primary_cat":"","_seopress_titles_title":"","_seopress_titles_desc":"","_seopress_robots_index":"","colormag_page_container_layout":"default_layout","colormag_page_sidebar_layout":"default_layout","footnotes":""},"categories":[6,7],"tags":[],"class_list":["post-30832","post","type-post","status-publish","format-video","has-post-thumbnail","hentry","category-eventos","category-videos","post_format-post-format-video"],"acf":[],"_links":{"self":[{"href":"https:\/\/vocesparalelas.com.ar\/sitio\/wp-json\/wp\/v2\/posts\/30832","targetHints":{"allow":["GET"]}}],"collection":[{"href":"https:\/\/vocesparalelas.com.ar\/sitio\/wp-json\/wp\/v2\/posts"}],"about":[{"href":"https:\/\/vocesparalelas.com.ar\/sitio\/wp-json\/wp\/v2\/types\/post"}],"author":[{"embeddable":true,"href":"https:\/\/vocesparalelas.com.ar\/sitio\/wp-json\/wp\/v2\/users\/3"}],"replies":[{"embeddable":true,"href":"https:\/\/vocesparalelas.com.ar\/sitio\/wp-json\/wp\/v2\/comments?post=30832"}],"version-history":[{"count":1,"href":"https:\/\/vocesparalelas.com.ar\/sitio\/wp-json\/wp\/v2\/posts\/30832\/revisions"}],"predecessor-version":[{"id":30834,"href":"https:\/\/vocesparalelas.com.ar\/sitio\/wp-json\/wp\/v2\/posts\/30832\/revisions\/30834"}],"wp:featuredmedia":[{"embeddable":true,"href":"https:\/\/vocesparalelas.com.ar\/sitio\/wp-json\/wp\/v2\/media\/30833"}],"wp:attachment":[{"href":"https:\/\/vocesparalelas.com.ar\/sitio\/wp-json\/wp\/v2\/media?parent=30832"}],"wp:term":[{"taxonomy":"category","embeddable":true,"href":"https:\/\/vocesparalelas.com.ar\/sitio\/wp-json\/wp\/v2\/categories?post=30832"},{"taxonomy":"post_tag","embeddable":true,"href":"https:\/\/vocesparalelas.com.ar\/sitio\/wp-json\/wp\/v2\/tags?post=30832"}],"curies":[{"name":"wp","href":"https:\/\/api.w.org\/{rel}","templated":true}]}}