{"id":30829,"date":"2020-09-03T21:53:07","date_gmt":"2020-09-04T00:53:07","guid":{"rendered":"http:\/\/vocesparalelas.com.ar\/sitio\/?p=30829"},"modified":"2020-09-04T17:55:07","modified_gmt":"2020-09-04T20:55:07","slug":"programas-para-personas-con-discapacidad-en-base-a-la-ley-de-cheques","status":"publish","type":"post","link":"https:\/\/vocesparalelas.com.ar\/sitio\/programas-para-personas-con-discapacidad-en-base-a-la-ley-de-cheques\/","title":{"rendered":"Programas para personas con discapacidad en base a la \u201cLey de Cheques\u201d"},"content":{"rendered":"<p>El Ministerio de Desarrollo Humano y Promoci\u00f3n Social del Gobierno de San Juan, a trav\u00e9s de la Direcci\u00f3n de Personas con Discapacidad, informa que desde la Agencia Nacional de Discapacidad se crearon siete programas destinados a mejorar la calidad de vida de muchas personas.<\/p>\n<p>Estos beneficios est\u00e1n en consonancia con los derechos establecidos en la Convenci\u00f3n sobre los Derechos de las Personas con Discapacidad.<\/p>\n<p>A trav\u00e9s del Comit\u00e9 Coordinador de Programas para Personas con Discapacidad, presidido por la ANDIS, se anunci\u00f3 la convocatoria a la presentaci\u00f3n de proyectos en el marco de las Leyes N\u00b0 24.452 y 25.730, destinados a organismos de gobierno, organizaciones civiles y personas f\u00edsicas.<\/p>\n<p>Los programas aprobados por el Comit\u00e9 son los siguientes:<\/p>\n<ul>\n<li>Programa de banco descentralizado de ayudas t\u00e9cnicas<\/li>\n<li>Programa de transporte institucional<\/li>\n<li>Programa de fortalecimiento de redes de rehabilitaci\u00f3n<\/li>\n<li>Programa de fortalecimiento de unidades productivas inclusivas<\/li>\n<li>Programa de mejoramiento de la infraestructura institucional<\/li>\n<li>Programa de apoyo a deportistas con discapacidad de alto rendimiento y paraol\u00edmpicos<\/li>\n<li>Programa de apoyos para las personas con discapacidad (productos de apoyo para la movilidad personal. productos para la autonom\u00eda en la vivienda. productos de apoyo para la comunicaci\u00f3n e informaci\u00f3n. productos de apoyo para la actividad laboral).<\/li>\n<\/ul>\n<p>El per\u00edodo de presentaci\u00f3n de proyectos es entre el 01 de Septiembre y el 30 de Octubre de 2020, la que se realizar\u00e1 exclusivamente a trav\u00e9s de la plataforma de Tr\u00e1mite a Distancia (TAD), a excepci\u00f3n de las personas humanas que podr\u00e1n hacerlo en forma alternativa mediante correo electr\u00f3nico a la siguiente direcci\u00f3n: <span id=\"cloaka87c65c663bb0423f5f30d17853a19d0\"><a href=\"mailto:programas2020@andis.gob.ar\">programas2020@andis.gob.ar<\/a><\/span>.<\/p>\n<p>Para acceder a la resoluci\u00f3n 641\/2020 que aprueba los programas ingres\u00e1 en este link<\/p>\n<p><a href=\"https:\/\/www.boletinoficial.gob.ar\/detalleAviso\/primera\/234159\/20200827\">https:\/\/www.boletinoficial.gob.ar\/detalleAviso\/primera\/234159\/20200827<\/a><\/p>\n<p>Para mayor informaci\u00f3n sobre cada programa, dudas o consultas, comunicate con la Direcci\u00f3n de Personas con Discapacidad al tel\u00e9fono: 4216606. O enviar un correo electr\u00f3nico a: <span id=\"cloak8620f879960f1b84d74765a0e695c9e8\"><a href=\"mailto:mdhdiscapacidadprogramas@gmail.com\">mdhdiscapacidadprogramas@gmail.com<\/a><\/span>.<\/p>\n","protected":false},"excerpt":{"rendered":"<p>El Ministerio de Desarrollo Humano y Promoci\u00f3n Social del Gobierno de San Juan, a trav\u00e9s de la Direcci\u00f3n de Personas<\/p>\n","protected":false},"author":3,"featured_media":30830,"comment_status":"closed","ping_status":"closed","sticky":false,"template":"","format":"standard","meta":{"_acf_changed":false,"_seopress_robots_primary_cat":"","_seopress_titles_title":"","_seopress_titles_desc":"","_seopress_robots_index":"","colormag_page_container_layout":"default_layout","colormag_page_sidebar_layout":"default_layout","footnotes":""},"categories":[2],"tags":[],"class_list":["post-30829","post","type-post","status-publish","format-standard","has-post-thumbnail","hentry","category-convocatorias"],"acf":[],"_links":{"self":[{"href":"https:\/\/vocesparalelas.com.ar\/sitio\/wp-json\/wp\/v2\/posts\/30829","targetHints":{"allow":["GET"]}}],"collection":[{"href":"https:\/\/vocesparalelas.com.ar\/sitio\/wp-json\/wp\/v2\/posts"}],"about":[{"href":"https:\/\/vocesparalelas.com.ar\/sitio\/wp-json\/wp\/v2\/types\/post"}],"author":[{"embeddable":true,"href":"https:\/\/vocesparalelas.com.ar\/sitio\/wp-json\/wp\/v2\/users\/3"}],"replies":[{"embeddable":true,"href":"https:\/\/vocesparalelas.com.ar\/sitio\/wp-json\/wp\/v2\/comments?post=30829"}],"version-history":[{"count":1,"href":"https:\/\/vocesparalelas.com.ar\/sitio\/wp-json\/wp\/v2\/posts\/30829\/revisions"}],"predecessor-version":[{"id":30831,"href":"https:\/\/vocesparalelas.com.ar\/sitio\/wp-json\/wp\/v2\/posts\/30829\/revisions\/30831"}],"wp:featuredmedia":[{"embeddable":true,"href":"https:\/\/vocesparalelas.com.ar\/sitio\/wp-json\/wp\/v2\/media\/30830"}],"wp:attachment":[{"href":"https:\/\/vocesparalelas.com.ar\/sitio\/wp-json\/wp\/v2\/media?parent=30829"}],"wp:term":[{"taxonomy":"category","embeddable":true,"href":"https:\/\/vocesparalelas.com.ar\/sitio\/wp-json\/wp\/v2\/categories?post=30829"},{"taxonomy":"post_tag","embeddable":true,"href":"https:\/\/vocesparalelas.com.ar\/sitio\/wp-json\/wp\/v2\/tags?post=30829"}],"curies":[{"name":"wp","href":"https:\/\/api.w.org\/{rel}","templated":true}]}}