{"id":30827,"date":"2020-09-03T19:49:50","date_gmt":"2020-09-03T22:49:50","guid":{"rendered":"http:\/\/vocesparalelas.com.ar\/sitio\/?p=30827"},"modified":"2020-09-04T17:49:05","modified_gmt":"2020-09-04T20:49:05","slug":"mesas-de-examen-para-los-alumnos-que-adeudan-materias-para-finalizar-el-secundarios","status":"publish","type":"post","link":"https:\/\/vocesparalelas.com.ar\/sitio\/mesas-de-examen-para-los-alumnos-que-adeudan-materias-para-finalizar-el-secundarios\/","title":{"rendered":"Mesas de examen para los alumnos que adeudan materias para finalizar el Secundarios"},"content":{"rendered":"<p>El Ministerio de Educaci\u00f3n informa a supervisores, directivos, profesores, padres y estudiantes, el cronograma y modalidad de Mesa de Examen de materias pendientes de: Educaci\u00f3n Secundaria Orientada y Art\u00edstica, Educaci\u00f3n de Adultos y Educaci\u00f3n Privada de Nivel Secundario y Modalidad J\u00f3venes y Adultos.<\/p>\n<p>El per\u00edodo establecido para la toma de evaluaciones es \u00fanicamente para los estudiantes que tienen materias pendientes y se establecieron mesas excepcionales de examen para finalizar los estudios secundarios.<\/p>\n<p>Las fechas de ex\u00e1menes son del 09 al 18 de Septiembre<\/p>\n<p><span style=\"color: #008000;\"><strong>Criterios a considerar<\/strong><\/span><\/p>\n<ul>\n<li>La modalidad del examen es no presencial, es decir v\u00eda remota.<\/li>\n<li>En caso de que el estudiante no disponga de recurso tecnol\u00f3gico y de conectividad, debe informar al director\/a quien informar\u00e1 la situaci\u00f3n a las autoridades superiores para arbitrar los medios necesarios para que el estudiante rinda con todos los elementos necesarios.<\/li>\n<li>Recursos y\/o herramientas tecnol\u00f3gicas sugeridas para evaluar son los siguientes: Google Forms, Microsoft Teams, Zoom, Google Meet, Skype Meet Now, Jitsi Meet, Quizizz, WhatApp, Evaluados, Plataforma Educativa y otros.<\/li>\n<li>El examen puede ser escrito u oral, cualquiera de las modalidades por la que se opte debe quedar resguardada en la instituci\u00f3n escolar. Si la opci\u00f3n elegida es oral, el soporte tecnol\u00f3gico debe permitir la grabaci\u00f3n de la evaluaci\u00f3n, la que debe ser enviada al directivo. El mismo procedimiento se realiza con el examen escrito, se env\u00eda a la autoridad escolar.<\/li>\n<li>Profesores y estudiantes, deben acordar mediante \u201cconsentimiento escrito\u201d, la herramienta tecnol\u00f3gica y criterios pedag\u00f3gicos previos al examen. La instituci\u00f3n resguardar\u00e1 este consentimiento e informar\u00e1 a los padres sobre el d\u00eda y horario.<\/li>\n<li>El estudiante rendir\u00e1 el examen con el Programa de Estudio del a\u00f1o que curs\u00f3, provisto por las autoridades de la instituci\u00f3n y\/o profesor responsable de la materia, a trav\u00e9s de medios electr\u00f3nicos.<\/li>\n<li>Debe constituirse un tribunal examinador con 2 profesores como m\u00ednimo<\/li>\n<li>Los estudiantes podr\u00e1n rendir hasta dos materias por d\u00eda.<\/li>\n<li>El per\u00edodo de tiempo establecido para cada examen no debe superar los 80 minutos<\/li>\n<li>Se tiene que confeccionar un registro con los datos de los estudiantes y nota obtenida.<\/li>\n<li>En caso de que el estudiante no apruebe en esta instancia \u201cexcepcional\u201d, podr\u00e1 presentarse en la instancia siguiente seg\u00fan Calendario Escolar Res. N\u00ba 3402-ME-2020.<\/li>\n<li>Los directivos deber\u00e1n informar a la autoridad superior inmediata, al finalizar el per\u00edodo de toma de ex\u00e1menes el registro de estudiantes que rindieron con: datos personales, espacio curricular, calificaci\u00f3n obtenida y el recurso utilizado.<\/li>\n<li>Al finalizar la etapa de ex\u00e1menes extraordinarios, los supervisores con los datos proporcionados por los directivos escolares, deben elaborar un informe y elevarlo a la directora de \u00c1rea.<\/li>\n<li>Se debe notificar a los padres y\/o tutores la calificaci\u00f3n del alumno.<\/li>\n<li>Los estudiantes acreditar\u00e1n los conocimientos, seg\u00fan normativa vigente Resoluci\u00f3n N\u00ba 0443-ME-2013.<\/li>\n<\/ul>\n<p><img loading=\"lazy\" decoding=\"async\" class=\"alignnone wp-image-30057 size-full\" src=\"https:\/\/vocesparalelas.com.ar\/sitio\/wp-content\/uploads\/2020\/07\/compu-10.jpg\" alt=\"\" width=\"800\" height=\"488\" srcset=\"https:\/\/vocesparalelas.com.ar\/sitio\/wp-content\/uploads\/2020\/07\/compu-10.jpg 800w, https:\/\/vocesparalelas.com.ar\/sitio\/wp-content\/uploads\/2020\/07\/compu-10-300x183.jpg 300w, https:\/\/vocesparalelas.com.ar\/sitio\/wp-content\/uploads\/2020\/07\/compu-10-768x468.jpg 768w\" sizes=\"auto, (max-width: 800px) 100vw, 800px\" \/><\/p>\n<p>&nbsp;<\/p>\n<p>&nbsp;<\/p>\n","protected":false},"excerpt":{"rendered":"<p>El Ministerio de Educaci\u00f3n informa a supervisores, directivos, profesores, padres y estudiantes, el cronograma y modalidad de Mesa de Examen<\/p>\n","protected":false},"author":3,"featured_media":28629,"comment_status":"closed","ping_status":"closed","sticky":false,"template":"","format":"standard","meta":{"_acf_changed":false,"_seopress_robots_primary_cat":"","_seopress_titles_title":"","_seopress_titles_desc":"","_seopress_robots_index":"","colormag_page_container_layout":"default_layout","colormag_page_sidebar_layout":"default_layout","footnotes":""},"categories":[5],"tags":[],"class_list":["post-30827","post","type-post","status-publish","format-standard","has-post-thumbnail","hentry","category-ofrecimientos"],"acf":[],"_links":{"self":[{"href":"https:\/\/vocesparalelas.com.ar\/sitio\/wp-json\/wp\/v2\/posts\/30827","targetHints":{"allow":["GET"]}}],"collection":[{"href":"https:\/\/vocesparalelas.com.ar\/sitio\/wp-json\/wp\/v2\/posts"}],"about":[{"href":"https:\/\/vocesparalelas.com.ar\/sitio\/wp-json\/wp\/v2\/types\/post"}],"author":[{"embeddable":true,"href":"https:\/\/vocesparalelas.com.ar\/sitio\/wp-json\/wp\/v2\/users\/3"}],"replies":[{"embeddable":true,"href":"https:\/\/vocesparalelas.com.ar\/sitio\/wp-json\/wp\/v2\/comments?post=30827"}],"version-history":[{"count":1,"href":"https:\/\/vocesparalelas.com.ar\/sitio\/wp-json\/wp\/v2\/posts\/30827\/revisions"}],"predecessor-version":[{"id":30828,"href":"https:\/\/vocesparalelas.com.ar\/sitio\/wp-json\/wp\/v2\/posts\/30827\/revisions\/30828"}],"wp:featuredmedia":[{"embeddable":true,"href":"https:\/\/vocesparalelas.com.ar\/sitio\/wp-json\/wp\/v2\/media\/28629"}],"wp:attachment":[{"href":"https:\/\/vocesparalelas.com.ar\/sitio\/wp-json\/wp\/v2\/media?parent=30827"}],"wp:term":[{"taxonomy":"category","embeddable":true,"href":"https:\/\/vocesparalelas.com.ar\/sitio\/wp-json\/wp\/v2\/categories?post=30827"},{"taxonomy":"post_tag","embeddable":true,"href":"https:\/\/vocesparalelas.com.ar\/sitio\/wp-json\/wp\/v2\/tags?post=30827"}],"curies":[{"name":"wp","href":"https:\/\/api.w.org\/{rel}","templated":true}]}}