{"id":30823,"date":"2020-09-03T19:28:48","date_gmt":"2020-09-03T22:28:48","guid":{"rendered":"http:\/\/vocesparalelas.com.ar\/sitio\/?p=30823"},"modified":"2020-09-03T19:28:48","modified_gmt":"2020-09-03T22:28:48","slug":"se-instalaron-pantallas-acrilicas-en-el-meson-de-informes","status":"publish","type":"post","link":"https:\/\/vocesparalelas.com.ar\/sitio\/se-instalaron-pantallas-acrilicas-en-el-meson-de-informes\/","title":{"rendered":"Se instalaron pantallas acr\u00edlicas en el mes\u00f3n de informes"},"content":{"rendered":"<div class=\"itemFullText jbintrotext\">\n<p>Durante la ma\u00f1ana del Jueves, 3 de Septiembre, en el edificio de la C\u00e1mara de Diputados, fueron instaladas pantallas acr\u00edlicas en el mes\u00f3n de informes ubicado en el acceso de calle Las Heras, como instrumento de protecci\u00f3n no tan s\u00f3lo para los empleados apostados, sino tambi\u00e9n para quienes ingresan a la Casa de las Leyes.<\/p>\n<\/div>\n<div class=\"itemFullText\">\n<p>Estos nuevos elementos fueron realizados por personal perteneciente al \u00e1rea Mantenimiento propio, quienes estuvieron abocados al dise\u00f1o y realizaci\u00f3n integral \u00a0de los mismos, que est\u00e1n en l\u00ednea con las medidas de prevenci\u00f3n y protocolo COVID-19 adoptado por el Poder Legislativo desde el inicio de la pandemia.<\/p>\n<p>Al respecto, el acceso tanto para los empleados como todo aquel que ingrese al edificio ser\u00e1 con ingreso y salida por calle Las Heras a trav\u00e9s de puertas diferenciadas y se\u00f1alizadas, deber\u00e1 hacerlo con barbijo y colocar sus pies sobre la bandeja sanitizante y a continuaci\u00f3n sobre la de secado; adem\u00e1s limpiar sus manos con una dosis de alcohol en gel y el personal de ingreso les tomar\u00e1 la temperatura corporal.<\/p>\n<p>Por \u00faltimo, las autoridades de la C\u00e1mara encabezadas por el vicegobernador Roberto Gattoni reiteran el agradecimiento por el esfuerzo y la colaboraci\u00f3n desplegada por la totalidad del personal legislativo en todo este tiempo.<\/p>\n<\/div>\n<p>&nbsp;<\/p>\n<p><img loading=\"lazy\" decoding=\"async\" class=\"alignnone wp-image-24189 size-full\" src=\"https:\/\/vocesparalelas.com.ar\/sitio\/wp-content\/uploads\/2019\/10\/CAMARA-SAN-JUAN.jpg\" alt=\"\" width=\"800\" height=\"600\" srcset=\"https:\/\/vocesparalelas.com.ar\/sitio\/wp-content\/uploads\/2019\/10\/CAMARA-SAN-JUAN.jpg 800w, https:\/\/vocesparalelas.com.ar\/sitio\/wp-content\/uploads\/2019\/10\/CAMARA-SAN-JUAN-300x225.jpg 300w, https:\/\/vocesparalelas.com.ar\/sitio\/wp-content\/uploads\/2019\/10\/CAMARA-SAN-JUAN-768x576.jpg 768w\" sizes=\"auto, (max-width: 800px) 100vw, 800px\" \/><\/p>\n","protected":false},"excerpt":{"rendered":"<p>Durante la ma\u00f1ana del Jueves, 3 de Septiembre, en el edificio de la C\u00e1mara de Diputados, fueron instaladas pantallas acr\u00edlicas<\/p>\n","protected":false},"author":3,"featured_media":30824,"comment_status":"closed","ping_status":"closed","sticky":false,"template":"","format":"standard","meta":{"_acf_changed":false,"_seopress_robots_primary_cat":"","_seopress_titles_title":"","_seopress_titles_desc":"","_seopress_robots_index":"","colormag_page_container_layout":"default_layout","colormag_page_sidebar_layout":"default_layout","footnotes":""},"categories":[1],"tags":[],"class_list":["post-30823","post","type-post","status-publish","format-standard","has-post-thumbnail","hentry","category-destacadas"],"acf":[],"_links":{"self":[{"href":"https:\/\/vocesparalelas.com.ar\/sitio\/wp-json\/wp\/v2\/posts\/30823","targetHints":{"allow":["GET"]}}],"collection":[{"href":"https:\/\/vocesparalelas.com.ar\/sitio\/wp-json\/wp\/v2\/posts"}],"about":[{"href":"https:\/\/vocesparalelas.com.ar\/sitio\/wp-json\/wp\/v2\/types\/post"}],"author":[{"embeddable":true,"href":"https:\/\/vocesparalelas.com.ar\/sitio\/wp-json\/wp\/v2\/users\/3"}],"replies":[{"embeddable":true,"href":"https:\/\/vocesparalelas.com.ar\/sitio\/wp-json\/wp\/v2\/comments?post=30823"}],"version-history":[{"count":1,"href":"https:\/\/vocesparalelas.com.ar\/sitio\/wp-json\/wp\/v2\/posts\/30823\/revisions"}],"predecessor-version":[{"id":30825,"href":"https:\/\/vocesparalelas.com.ar\/sitio\/wp-json\/wp\/v2\/posts\/30823\/revisions\/30825"}],"wp:featuredmedia":[{"embeddable":true,"href":"https:\/\/vocesparalelas.com.ar\/sitio\/wp-json\/wp\/v2\/media\/30824"}],"wp:attachment":[{"href":"https:\/\/vocesparalelas.com.ar\/sitio\/wp-json\/wp\/v2\/media?parent=30823"}],"wp:term":[{"taxonomy":"category","embeddable":true,"href":"https:\/\/vocesparalelas.com.ar\/sitio\/wp-json\/wp\/v2\/categories?post=30823"},{"taxonomy":"post_tag","embeddable":true,"href":"https:\/\/vocesparalelas.com.ar\/sitio\/wp-json\/wp\/v2\/tags?post=30823"}],"curies":[{"name":"wp","href":"https:\/\/api.w.org\/{rel}","templated":true}]}}