{"id":30802,"date":"2020-09-02T21:02:14","date_gmt":"2020-09-03T00:02:14","guid":{"rendered":"http:\/\/vocesparalelas.com.ar\/sitio\/?p=30802"},"modified":"2020-09-03T22:37:45","modified_gmt":"2020-09-04T01:37:45","slug":"nuevo-regimen-para-proveedores-del-estado","status":"publish","type":"post","link":"https:\/\/vocesparalelas.com.ar\/sitio\/nuevo-regimen-para-proveedores-del-estado\/","title":{"rendered":"Nuevo r\u00e9gimen para proveedores del Estado"},"content":{"rendered":"<p>La Ley 2000 A y Decreto Reglamentario Nro 0004-2020 establecen el nuevo\u00a0R\u00e9gimen de contrataciones de bienes y prestaci\u00f3n de servicios. En virtud de esto y ante la necesidad de adecuar los procedimientos existentes adecu\u00e1ndolos al nuevo r\u00e9gimen, el 1 de septiembre fue publicado en el Bolet\u00edn Oficial de la Provincia de San Juan el Decreto Nro 1148 MHF- 2020 que aprueba el Pliego \u00danico de Bases y Condiciones Generales y su Anexo I.<\/p>\n<p>En adelante, este pliego ser\u00e1 utilizado en todas las licitaciones para la compra de bienes o prestaci\u00f3n de servicios que realice el Poder Ejecutivo provincial y sus organismos centralizados, descentralizados y aut\u00e1rquicos.<\/p>\n<p>Entre las principales novedades que implica la puesta en vigencia de este pliego se destaca que unifica los requerimientos y requisitos que anteriormente se encontraban dispersos en distintos pliegos vigentes, por lo que a partir de este momento cualquiera sea el organismo licitante, el Pliego General ser\u00e1 el mismo. Tambi\u00e9n, el pliego prev\u00e9 menor cantidad de requisitos a la hora de presentarse a un llamado lo que facilita el procedimiento y posibilita que mayor cantidad de oferentes puedan presentarse.<\/p>\n<p>Corina Gallego, responsable de la Oficina Central de Contrataciones, coment\u00f3: \u201cEs un gran logro por el que todas las reparticiones han venido trabajando intensamente desde hace mucho tiempo. Este Pliego General \u00danico va a permitir mayor participaci\u00f3n de oferentes, simplifica procesos y suma celeridad, transparencia y econom\u00eda de recursos, garantizando un servicio de calidad\u00bb.<\/p>\n<p><span style=\"color: #ff6600;\"><strong>M\u00e1s informaci\u00f3n sobre la nueva normativa<\/strong><\/span><\/p>\n<p><a href=\"https:\/\/compraspublicas.sanjuan.gob.ar\/\">https:\/\/compraspublicas.sanjuan.gob.ar\/<\/a><\/p>\n<p><span style=\"color: #ff6600;\"><strong>Sobre la Oficina Central de Contrataciones<\/strong><\/span><\/p>\n<p>La Oficina Central de Contrataciones (OCC), depende del Ministerio de Hacienda y Finanzas y es el \u00f3rgano rector del Sistema de Contrataciones de la Provincia de San Juan. Se encuentra ubicada en el primer piso, n\u00facleo 6 del Centro C\u00edvico y tiene como funci\u00f3n organizar las pol\u00edticas de adquisiciones en el \u00e1mbito provincial.<\/p>\n<p>La OCC coordina las propuestas elevadas por cada jurisdicci\u00f3n o entidad respecto de las Unidades Operativas de Compras que se desarrollar\u00e1n en el \u00e1mbito de sus respectivas jurisdicciones, siendo el receptor de sus respectivos Planes Anuales de Compras y Contrataciones.<\/p>\n<p>Entre sus funciones como \u00f3rgano rector se encuentran: sugerir pol\u00edticas de contrataciones, proponer el dictado de normativa reglamentaria en la materia, administrar el sistema de informaci\u00f3n, proporcionar los precios de referencia, catalogaci\u00f3n, supervisar y evaluar el dise\u00f1o y operatividad del sistema de contrataciones y aplicar sanciones a oferentes y adjudicatarios en caso de corresponder, entre otras.<\/p>\n","protected":false},"excerpt":{"rendered":"<p>La Ley 2000 A y Decreto Reglamentario Nro 0004-2020 establecen el nuevo\u00a0R\u00e9gimen de contrataciones de bienes y prestaci\u00f3n de servicios.<\/p>\n","protected":false},"author":3,"featured_media":1245,"comment_status":"closed","ping_status":"closed","sticky":false,"template":"","format":"standard","meta":{"_acf_changed":false,"_seopress_robots_primary_cat":"","_seopress_titles_title":"","_seopress_titles_desc":"","_seopress_robots_index":"","colormag_page_container_layout":"default_layout","colormag_page_sidebar_layout":"default_layout","footnotes":""},"categories":[2],"tags":[],"class_list":["post-30802","post","type-post","status-publish","format-standard","has-post-thumbnail","hentry","category-convocatorias"],"acf":[],"_links":{"self":[{"href":"https:\/\/vocesparalelas.com.ar\/sitio\/wp-json\/wp\/v2\/posts\/30802","targetHints":{"allow":["GET"]}}],"collection":[{"href":"https:\/\/vocesparalelas.com.ar\/sitio\/wp-json\/wp\/v2\/posts"}],"about":[{"href":"https:\/\/vocesparalelas.com.ar\/sitio\/wp-json\/wp\/v2\/types\/post"}],"author":[{"embeddable":true,"href":"https:\/\/vocesparalelas.com.ar\/sitio\/wp-json\/wp\/v2\/users\/3"}],"replies":[{"embeddable":true,"href":"https:\/\/vocesparalelas.com.ar\/sitio\/wp-json\/wp\/v2\/comments?post=30802"}],"version-history":[{"count":1,"href":"https:\/\/vocesparalelas.com.ar\/sitio\/wp-json\/wp\/v2\/posts\/30802\/revisions"}],"predecessor-version":[{"id":30803,"href":"https:\/\/vocesparalelas.com.ar\/sitio\/wp-json\/wp\/v2\/posts\/30802\/revisions\/30803"}],"wp:featuredmedia":[{"embeddable":true,"href":"https:\/\/vocesparalelas.com.ar\/sitio\/wp-json\/wp\/v2\/media\/1245"}],"wp:attachment":[{"href":"https:\/\/vocesparalelas.com.ar\/sitio\/wp-json\/wp\/v2\/media?parent=30802"}],"wp:term":[{"taxonomy":"category","embeddable":true,"href":"https:\/\/vocesparalelas.com.ar\/sitio\/wp-json\/wp\/v2\/categories?post=30802"},{"taxonomy":"post_tag","embeddable":true,"href":"https:\/\/vocesparalelas.com.ar\/sitio\/wp-json\/wp\/v2\/tags?post=30802"}],"curies":[{"name":"wp","href":"https:\/\/api.w.org\/{rel}","templated":true}]}}