{"id":30799,"date":"2020-09-02T20:53:02","date_gmt":"2020-09-02T23:53:02","guid":{"rendered":"http:\/\/vocesparalelas.com.ar\/sitio\/?p=30799"},"modified":"2020-09-02T20:53:02","modified_gmt":"2020-09-02T23:53:02","slug":"sigue-avanzando-el-proyecto-minero-josemaria-en-san-juan","status":"publish","type":"post","link":"https:\/\/vocesparalelas.com.ar\/sitio\/sigue-avanzando-el-proyecto-minero-josemaria-en-san-juan\/","title":{"rendered":"Sigue avanzando el proyecto minero Josemar\u00eda en San Juan"},"content":{"rendered":"<p>El gobernador de San Juan, Dr. Sergio U\u00f1ac, junto al ministro de Miner\u00eda, Ing. Carlos Astudillo; el presidente de la C\u00e1mara Minera, Mario Hern\u00e1ndez y el responsable de Relaciones Institucionales del proyecto Josemar\u00eda, Lic. Iv\u00e1n Grgic, mantuvo una videoconferencia con el secretario de Miner\u00eda de la Naci\u00f3n, Dr. Alberto Hensel y el presidente de Desarrollo de Proyectos Mineros SA (Deprominsa), subsidiaria argentina de Josemar\u00eda Resources, Alfredo Vitaller.<\/p>\n<p>El encuentro tuvo como eje principal analizar los avances del proyecto Josemar\u00eda, que a pesar de la situaci\u00f3n sanitaria actual que est\u00e1 viviendo el mundo, contin\u00faa apostando al trabajo del sector minero.<\/p>\n<p>El presidente de la compa\u00f1\u00eda en Argentina, Alfredo Vitaller, pudo contarle al gobernador cu\u00e1les son los plazos que se est\u00e1n manejando y el cronograma hacia adelante respecto a la factibilidad del proyecto.<\/p>\n<p>\u201cHa sido una reuni\u00f3n muy fruct\u00edfera ya que siempre es positivo ver que los proyectos van avanzando\u201d, expres\u00f3 el presidente de la C\u00e1mara Minera.<\/p>\n<p>De aqu\u00ed a un mes se presentar\u00e1 factibilidad y a principios del a\u00f1o 2021 que se entregar\u00e1 el informe de impacto ambiental, \u201clo cual nos abre un camino de di\u00e1logo y construcci\u00f3n de una serie de acuerdos que son favorables no solo para el proyecto sino para la Provincia de San Juan en t\u00e9rmino de infraestructura, energ\u00eda y de desarrollo de proveedores, porque es un proyecto netamente sanjuanino, netamente argentino en toda su log\u00edstica y desarrollo\u201d, declar\u00f3 por su parte Grgic.<\/p>\n<p>&nbsp;<\/p>\n<p>&nbsp;<\/p>\n<p>&nbsp;<\/p>\n","protected":false},"excerpt":{"rendered":"<p>El gobernador de San Juan, Dr. Sergio U\u00f1ac, junto al ministro de Miner\u00eda, Ing. Carlos Astudillo; el presidente de la<\/p>\n","protected":false},"author":3,"featured_media":30800,"comment_status":"closed","ping_status":"closed","sticky":false,"template":"","format":"standard","meta":{"_acf_changed":false,"_seopress_robots_primary_cat":"","_seopress_titles_title":"","_seopress_titles_desc":"","_seopress_robots_index":"","colormag_page_container_layout":"default_layout","colormag_page_sidebar_layout":"default_layout","footnotes":""},"categories":[1],"tags":[],"class_list":["post-30799","post","type-post","status-publish","format-standard","has-post-thumbnail","hentry","category-destacadas"],"acf":[],"_links":{"self":[{"href":"https:\/\/vocesparalelas.com.ar\/sitio\/wp-json\/wp\/v2\/posts\/30799","targetHints":{"allow":["GET"]}}],"collection":[{"href":"https:\/\/vocesparalelas.com.ar\/sitio\/wp-json\/wp\/v2\/posts"}],"about":[{"href":"https:\/\/vocesparalelas.com.ar\/sitio\/wp-json\/wp\/v2\/types\/post"}],"author":[{"embeddable":true,"href":"https:\/\/vocesparalelas.com.ar\/sitio\/wp-json\/wp\/v2\/users\/3"}],"replies":[{"embeddable":true,"href":"https:\/\/vocesparalelas.com.ar\/sitio\/wp-json\/wp\/v2\/comments?post=30799"}],"version-history":[{"count":1,"href":"https:\/\/vocesparalelas.com.ar\/sitio\/wp-json\/wp\/v2\/posts\/30799\/revisions"}],"predecessor-version":[{"id":30801,"href":"https:\/\/vocesparalelas.com.ar\/sitio\/wp-json\/wp\/v2\/posts\/30799\/revisions\/30801"}],"wp:featuredmedia":[{"embeddable":true,"href":"https:\/\/vocesparalelas.com.ar\/sitio\/wp-json\/wp\/v2\/media\/30800"}],"wp:attachment":[{"href":"https:\/\/vocesparalelas.com.ar\/sitio\/wp-json\/wp\/v2\/media?parent=30799"}],"wp:term":[{"taxonomy":"category","embeddable":true,"href":"https:\/\/vocesparalelas.com.ar\/sitio\/wp-json\/wp\/v2\/categories?post=30799"},{"taxonomy":"post_tag","embeddable":true,"href":"https:\/\/vocesparalelas.com.ar\/sitio\/wp-json\/wp\/v2\/tags?post=30799"}],"curies":[{"name":"wp","href":"https:\/\/api.w.org\/{rel}","templated":true}]}}