{"id":30559,"date":"2020-08-21T23:58:03","date_gmt":"2020-08-22T02:58:03","guid":{"rendered":"http:\/\/vocesparalelas.com.ar\/sitio\/?p=30559"},"modified":"2020-08-21T23:58:03","modified_gmt":"2020-08-22T02:58:03","slug":"las-cartas-medicas-del-personal-esencial-de-caucete-y-departamentos-del-este-deben-solicitarse-online","status":"publish","type":"post","link":"https:\/\/vocesparalelas.com.ar\/sitio\/las-cartas-medicas-del-personal-esencial-de-caucete-y-departamentos-del-este-deben-solicitarse-online\/","title":{"rendered":"Las cartas m\u00e9dicas del personal esencial de Caucete y departamentos del Este deben solicitarse online"},"content":{"rendered":"<p>La Direcci\u00f3n de Reconocimientos M\u00e9dicos dependiente del Ministerio de Salud P\u00fablica del Gobierno de San Juan informa que el personal comprendido dentro de los servicios esenciales que trabaja en los departamentos de Caucete, 25 de Mayo, 9 de Julio y San Mart\u00edn o que tiene domicilio en esos departamentos y cumple tareas en alg\u00fan otro lugar de la provincia y necesite solicitar una carta m\u00e9dica, debe hacerlo de manera online, exclusivamente.<\/p>\n<p>La justificaci\u00f3n de la asistencia debe realizarse a trav\u00e9s de la p\u00e1gina del Ministerio de Salud P\u00fablica <a href=\"https:\/\/gedoc.sanjuan.gob.ar\/GeDoc\/DCRM\/SolicitudDeCartaMedica\">https:\/\/gedoc.sanjuan.gob.ar\/GeDoc\/DCRM\/SolicitudDeCartaMedica<\/a>\u00a0y completar el formulario. A su vez, comunicarse con su jefe de personal.<\/p>\n<p>Esta medida se debe a la nueva disposici\u00f3n del gobierno provincial en los departamentos de Caucete, 25 de Mayo, 9 de Julio y San Mart\u00edn.<\/p>\n<p>Para mayor informaci\u00f3n comunicarse a los tel\u00e9fonos 4212744, 4212586 \u00f3 4212726.<\/p>\n","protected":false},"excerpt":{"rendered":"<p>La Direcci\u00f3n de Reconocimientos M\u00e9dicos dependiente del Ministerio de Salud P\u00fablica del Gobierno de San Juan informa que el personal<\/p>\n","protected":false},"author":3,"featured_media":27237,"comment_status":"closed","ping_status":"closed","sticky":false,"template":"","format":"standard","meta":{"_acf_changed":false,"_seopress_robots_primary_cat":"","_seopress_titles_title":"","_seopress_titles_desc":"","_seopress_robots_index":"","colormag_page_container_layout":"default_layout","colormag_page_sidebar_layout":"default_layout","footnotes":""},"categories":[1],"tags":[],"class_list":["post-30559","post","type-post","status-publish","format-standard","has-post-thumbnail","hentry","category-destacadas"],"acf":[],"_links":{"self":[{"href":"https:\/\/vocesparalelas.com.ar\/sitio\/wp-json\/wp\/v2\/posts\/30559","targetHints":{"allow":["GET"]}}],"collection":[{"href":"https:\/\/vocesparalelas.com.ar\/sitio\/wp-json\/wp\/v2\/posts"}],"about":[{"href":"https:\/\/vocesparalelas.com.ar\/sitio\/wp-json\/wp\/v2\/types\/post"}],"author":[{"embeddable":true,"href":"https:\/\/vocesparalelas.com.ar\/sitio\/wp-json\/wp\/v2\/users\/3"}],"replies":[{"embeddable":true,"href":"https:\/\/vocesparalelas.com.ar\/sitio\/wp-json\/wp\/v2\/comments?post=30559"}],"version-history":[{"count":2,"href":"https:\/\/vocesparalelas.com.ar\/sitio\/wp-json\/wp\/v2\/posts\/30559\/revisions"}],"predecessor-version":[{"id":30579,"href":"https:\/\/vocesparalelas.com.ar\/sitio\/wp-json\/wp\/v2\/posts\/30559\/revisions\/30579"}],"wp:featuredmedia":[{"embeddable":true,"href":"https:\/\/vocesparalelas.com.ar\/sitio\/wp-json\/wp\/v2\/media\/27237"}],"wp:attachment":[{"href":"https:\/\/vocesparalelas.com.ar\/sitio\/wp-json\/wp\/v2\/media?parent=30559"}],"wp:term":[{"taxonomy":"category","embeddable":true,"href":"https:\/\/vocesparalelas.com.ar\/sitio\/wp-json\/wp\/v2\/categories?post=30559"},{"taxonomy":"post_tag","embeddable":true,"href":"https:\/\/vocesparalelas.com.ar\/sitio\/wp-json\/wp\/v2\/tags?post=30559"}],"curies":[{"name":"wp","href":"https:\/\/api.w.org\/{rel}","templated":true}]}}