{"id":30544,"date":"2020-08-20T22:42:06","date_gmt":"2020-08-21T01:42:06","guid":{"rendered":"http:\/\/vocesparalelas.com.ar\/sitio\/?p=30544"},"modified":"2020-08-20T22:42:06","modified_gmt":"2020-08-21T01:42:06","slug":"masterclass-introduccion-a-la-produccion-musical-y-la-transmision-via-streaming","status":"publish","type":"post","link":"https:\/\/vocesparalelas.com.ar\/sitio\/masterclass-introduccion-a-la-produccion-musical-y-la-transmision-via-streaming\/","title":{"rendered":"Masterclass \u00abIntroducci\u00f3n a la producci\u00f3n musical y la transmisi\u00f3n v\u00eda streaming\u00bb"},"content":{"rendered":"<p>En el marco del Proyecto de Extensi\u00f3n Universitaria del Departamento de M\u00fasica de la Facultad de Filosof\u00eda, Humanidades y Artes de la Universidad Nacional de San Juan invita a la masterclass \u00abIntroducci\u00f3n a la producci\u00f3n musical y la transmisi\u00f3n via streaming\u00bb a cargo del Lic. Gonzalo Ilutovich, de la Provincia de Buenos Aires, Argentina, el S\u00e1bado, 22 de Agosto, a las 15 hs. via ZOOM<\/p>\n<p>Esta actividad es en el marco de los Circuitos musicales creando nuevos v\u00ednculos entre la UNSJ y la sociedad dirigido por la Mg. Stella Mas, el cual se encuadra en el Programa de Industrias Creativas de la SEU, Rectorado y en colaboraci\u00f3n con MOMUSI San Juan<\/p>\n<p>La actividad es libre y gratuita con certificado<\/p>\n<p><span style=\"color: #008000;\"><strong>Inscripci\u00f3n<\/strong><\/span><\/p>\n<p>Completa el formulario en <a href=\"https:\/\/forms.gle\/c9JC54uy64betYus6\">https:\/\/forms.gle\/c9JC54uy64betYus6<\/a> luego por mail te mandan la clave para participar.<\/p>\n<p>&nbsp;<\/p>\n<p><img loading=\"lazy\" decoding=\"async\" class=\"alignnone wp-image-6323 size-large\" src=\"https:\/\/vocesparalelas.com.ar\/sitio\/wp-content\/uploads\/2017\/10\/FFHA-01-800x450.jpg\" alt=\"\" width=\"800\" height=\"450\" srcset=\"https:\/\/vocesparalelas.com.ar\/sitio\/wp-content\/uploads\/2017\/10\/FFHA-01-800x450.jpg 800w, https:\/\/vocesparalelas.com.ar\/sitio\/wp-content\/uploads\/2017\/10\/FFHA-01-300x169.jpg 300w, https:\/\/vocesparalelas.com.ar\/sitio\/wp-content\/uploads\/2017\/10\/FFHA-01-768x432.jpg 768w, https:\/\/vocesparalelas.com.ar\/sitio\/wp-content\/uploads\/2017\/10\/FFHA-01.jpg 1024w\" sizes=\"auto, (max-width: 800px) 100vw, 800px\" \/><\/p>\n<p>&nbsp;<\/p>\n<p>&nbsp;<\/p>\n<p>&nbsp;<\/p>\n<p>&nbsp;<\/p>\n<p>&nbsp;<\/p>\n<p>&nbsp;<\/p>\n<p>&nbsp;<\/p>\n","protected":false},"excerpt":{"rendered":"<p>En el marco del Proyecto de Extensi\u00f3n Universitaria del Departamento de M\u00fasica de la Facultad de Filosof\u00eda, Humanidades y Artes<\/p>\n","protected":false},"author":3,"featured_media":30548,"comment_status":"closed","ping_status":"closed","sticky":false,"template":"","format":"standard","meta":{"_acf_changed":false,"_seopress_robots_primary_cat":"","_seopress_titles_title":"","_seopress_titles_desc":"","_seopress_robots_index":"","colormag_page_container_layout":"default_layout","colormag_page_sidebar_layout":"default_layout","footnotes":""},"categories":[1],"tags":[],"class_list":["post-30544","post","type-post","status-publish","format-standard","has-post-thumbnail","hentry","category-destacadas"],"acf":[],"_links":{"self":[{"href":"https:\/\/vocesparalelas.com.ar\/sitio\/wp-json\/wp\/v2\/posts\/30544","targetHints":{"allow":["GET"]}}],"collection":[{"href":"https:\/\/vocesparalelas.com.ar\/sitio\/wp-json\/wp\/v2\/posts"}],"about":[{"href":"https:\/\/vocesparalelas.com.ar\/sitio\/wp-json\/wp\/v2\/types\/post"}],"author":[{"embeddable":true,"href":"https:\/\/vocesparalelas.com.ar\/sitio\/wp-json\/wp\/v2\/users\/3"}],"replies":[{"embeddable":true,"href":"https:\/\/vocesparalelas.com.ar\/sitio\/wp-json\/wp\/v2\/comments?post=30544"}],"version-history":[{"count":1,"href":"https:\/\/vocesparalelas.com.ar\/sitio\/wp-json\/wp\/v2\/posts\/30544\/revisions"}],"predecessor-version":[{"id":30549,"href":"https:\/\/vocesparalelas.com.ar\/sitio\/wp-json\/wp\/v2\/posts\/30544\/revisions\/30549"}],"wp:featuredmedia":[{"embeddable":true,"href":"https:\/\/vocesparalelas.com.ar\/sitio\/wp-json\/wp\/v2\/media\/30548"}],"wp:attachment":[{"href":"https:\/\/vocesparalelas.com.ar\/sitio\/wp-json\/wp\/v2\/media?parent=30544"}],"wp:term":[{"taxonomy":"category","embeddable":true,"href":"https:\/\/vocesparalelas.com.ar\/sitio\/wp-json\/wp\/v2\/categories?post=30544"},{"taxonomy":"post_tag","embeddable":true,"href":"https:\/\/vocesparalelas.com.ar\/sitio\/wp-json\/wp\/v2\/tags?post=30544"}],"curies":[{"name":"wp","href":"https:\/\/api.w.org\/{rel}","templated":true}]}}