{"id":30537,"date":"2020-08-20T17:35:42","date_gmt":"2020-08-20T20:35:42","guid":{"rendered":"http:\/\/vocesparalelas.com.ar\/sitio\/?p=30537"},"modified":"2020-08-20T17:35:42","modified_gmt":"2020-08-20T20:35:42","slug":"reunion-en-el-marco-del-programa-incluyendo-tecnologia","status":"publish","type":"post","link":"https:\/\/vocesparalelas.com.ar\/sitio\/reunion-en-el-marco-del-programa-incluyendo-tecnologia\/","title":{"rendered":"Reuni\u00f3n en el marco del Programa \u00abIncluyendo Tecnolog\u00eda\u00bb"},"content":{"rendered":"<p>El programa consiste en la capacitaci\u00f3n de personas con discapacidad y adultos mayores en el uso de herramientas tecnol\u00f3gicas de uso cotidiano por medio de cajeros autom\u00e1ticos, celulares y tablets. De este modo se pretende que los asistentes puedan adquirir los conocimientos necesarios para el desarrollo de operatorias como pago virtual y home banking. Por medio de estos encuentros, los asistentes son capacitados en forma gratuita por personal especializado del Banco San Juan.<\/p>\n<p>La reuni\u00f3n, efectuada en sede del municipio norte\u00f1o, tuvo por objetivo dar continuidad a las acciones del programa y coordinar las actividades con el fin de llevar esta actividad a las personas que necesitan ser incluidas en la vida digital. Por parte de la SECITI, estuvieron presentes el subsecretario de Transferencia e Innovaci\u00f3n, Germ\u00e1n Von Euw; la directora de Innovaci\u00f3n Tecnol\u00f3gica, Gabriela Rossomando y la directora de Comunicaci\u00f3n P\u00fablica de la Ciencia, Karina S\u00e1nchez. En representaci\u00f3n del municipio estuvieron presentes el intendente Miguel Vega y Cintia Aballay como miembro del Concejo Deliberante. Por parte de Banco San Juan, asisti\u00f3 el coordinador comercial, Carlos Mart\u00ednez.<\/p>\n<p>En la oportunidad, el subdirector Von Euw manifest\u00f3 que \u00absabemos que el departamento de J\u00e1chal estuvo con mucho trabajo con el Banco San Juan y la Fundaci\u00f3n del Banco San Juan. Es por eso que venimos al departamento para reforzar esta idea de brindar la ense\u00f1anza de algunas herramientas vinculadas al banco. La Secretar\u00eda de Estado de Ciencia, Tecnolog\u00eda e Innovaci\u00f3n apunta a fortalecer la idea de ense\u00f1arle al adulto mayor\u201d.<\/p>\n<p>En cuanto a la relevancia de la llegada de este tipo de programas tecnol\u00f3gicos a J\u00e1chal, Miguel Vega destac\u00f3 que \u00abla importancia de esta actividad conjunta para los adultos mayores necesitan perder ese miedo que tienen con un cajero o las herramientas bancarias digitales u online\u201d.<\/p>\n<p>Por su parte, Gabriela Rossomando manifest\u00f3 que \u00ablos adultos son las personas a las que se les dificulta, en algunas ocasiones, poder manejar las distintas herramientas que brinda el banco, sobre todo en esta situaci\u00f3n de pandemia. Sabemos de esta necesidad y vamos a brindar distintas formas y alternativas para que estas personas puedan ejecutar de manera correcta todos sus movimientos bancarios ya sea por cajero como de manera online\u201d.<\/p>\n<p>Por \u00faltimo, Carlos Mart\u00ednez en representaci\u00f3n de Banco San Juan afirm\u00f3 que \u00abes importante ense\u00f1ar cosas b\u00e1sicas y sencillas: c\u00f3mo generar una clave de n\u00fameros o de letras que es donde radica el mayor problema. Justamente para nosotros es algo totalmente sencillo que lo hacemos a diario, pero hay personas a las que les cuesta. Por este motivo, lo hacemos de una manera c\u00f3moda y \u00e1gil para que la gente se entusiasme y darle pie a que pregunte. Es un gusto hacer esto porque vemos a las personas que les hace falta y recibe una contenci\u00f3n nuestra desde la instituci\u00f3n como es el Banco San Juan y la Fundaci\u00f3n del Banco San Juan\u201d.<\/p>\n<p>&nbsp;<\/p>\n<p>&nbsp;<\/p>\n<p>&nbsp;<\/p>\n","protected":false},"excerpt":{"rendered":"<p>El programa consiste en la capacitaci\u00f3n de personas con discapacidad y adultos mayores en el uso de herramientas tecnol\u00f3gicas de<\/p>\n","protected":false},"author":3,"featured_media":30538,"comment_status":"closed","ping_status":"closed","sticky":false,"template":"","format":"standard","meta":{"_acf_changed":false,"_seopress_robots_primary_cat":"","_seopress_titles_title":"","_seopress_titles_desc":"","_seopress_robots_index":"","colormag_page_container_layout":"default_layout","colormag_page_sidebar_layout":"default_layout","footnotes":""},"categories":[1],"tags":[],"class_list":["post-30537","post","type-post","status-publish","format-standard","has-post-thumbnail","hentry","category-destacadas"],"acf":[],"_links":{"self":[{"href":"https:\/\/vocesparalelas.com.ar\/sitio\/wp-json\/wp\/v2\/posts\/30537","targetHints":{"allow":["GET"]}}],"collection":[{"href":"https:\/\/vocesparalelas.com.ar\/sitio\/wp-json\/wp\/v2\/posts"}],"about":[{"href":"https:\/\/vocesparalelas.com.ar\/sitio\/wp-json\/wp\/v2\/types\/post"}],"author":[{"embeddable":true,"href":"https:\/\/vocesparalelas.com.ar\/sitio\/wp-json\/wp\/v2\/users\/3"}],"replies":[{"embeddable":true,"href":"https:\/\/vocesparalelas.com.ar\/sitio\/wp-json\/wp\/v2\/comments?post=30537"}],"version-history":[{"count":1,"href":"https:\/\/vocesparalelas.com.ar\/sitio\/wp-json\/wp\/v2\/posts\/30537\/revisions"}],"predecessor-version":[{"id":30539,"href":"https:\/\/vocesparalelas.com.ar\/sitio\/wp-json\/wp\/v2\/posts\/30537\/revisions\/30539"}],"wp:featuredmedia":[{"embeddable":true,"href":"https:\/\/vocesparalelas.com.ar\/sitio\/wp-json\/wp\/v2\/media\/30538"}],"wp:attachment":[{"href":"https:\/\/vocesparalelas.com.ar\/sitio\/wp-json\/wp\/v2\/media?parent=30537"}],"wp:term":[{"taxonomy":"category","embeddable":true,"href":"https:\/\/vocesparalelas.com.ar\/sitio\/wp-json\/wp\/v2\/categories?post=30537"},{"taxonomy":"post_tag","embeddable":true,"href":"https:\/\/vocesparalelas.com.ar\/sitio\/wp-json\/wp\/v2\/tags?post=30537"}],"curies":[{"name":"wp","href":"https:\/\/api.w.org\/{rel}","templated":true}]}}