{"id":30482,"date":"2020-08-18T23:14:49","date_gmt":"2020-08-19T02:14:49","guid":{"rendered":"http:\/\/vocesparalelas.com.ar\/sitio\/?p=30482"},"modified":"2020-08-20T00:19:11","modified_gmt":"2020-08-20T03:19:11","slug":"curso-virtual-introduccion-a-los-derechos-humanos","status":"publish","type":"post","link":"https:\/\/vocesparalelas.com.ar\/sitio\/curso-virtual-introduccion-a-los-derechos-humanos\/","title":{"rendered":"Curso virtual \u00abIntroducci\u00f3n a los Derechos Humanos\u00bb"},"content":{"rendered":"<p>El 31 de Agosto de 2020 a trav\u00e9s del campus virtual de formaci\u00f3n de la Secretar\u00eda de Derechos Humanos de la Naci\u00f3n CampusDH, <a href=\"http:\/\/www.campusdh.gov.ar\/\">www.campusdh.gov.ar<\/a><\/p>\n<p>Este curso ser\u00e1 introductorio y de car\u00e1cter obligatorio para quienes quieran hacer el resto de los cursos del Campus.<\/p>\n<p>La finalidad de esta iniciativa es formar en Derechos Humanos a la poblaci\u00f3n provincial en general, haciendo un llamado amplio y con foco espec\u00edfico en los agentes p\u00fablicos provinciales, organismos de derechos humanos, fuerzas de seguridad, funcionarios y el p\u00fablico en general.<\/p>\n<p>La cursada comienza el 31 de Agosto \u00a0y est\u00e1 programada en 3 m\u00f3dulos y 5 semanas de duraci\u00f3n. Contar\u00e1n con el acompa\u00f1amiento de un tutor\/a provincial que los guiar\u00e1 y orientar\u00e1 en el recorrido de los contenidos del curso.<\/p>\n<p>Al finalizar el curso contar\u00e1n con un conjunto de conocimientos sobre los conceptos b\u00e1sicos vinculados a la protecci\u00f3n y promoci\u00f3n de los derechos humanos, la importancia del desarrollo normativo y de pol\u00edticas p\u00fablicas orientadas a promover el respeto y la vigencia de los mismos; reflexiones sobre las representaciones usuales respecto de los estereotipos \u00e9tnicos, etarios, de g\u00e9nero, entre otros, y los roles que se les asigna en nuestra sociedad y un an\u00e1lisis sobre la construcci\u00f3n de subjetividades vinculadas con el pasado reciente desde la perspectiva de los derechos humanos.<\/p>\n<p>Para aprobar el curso y obtener el certificado correspondiente, los\/las participantes deber\u00e1n cumplir y aprobar las actividades que se establezcan como obligatorias para cada uno de los m\u00f3dulos y completar el Cuestionario Final Obligatorio.<\/p>\n<p><span style=\"color: #339966;\"><strong>Inscripci\u00f3n<\/strong><\/span><\/p>\n<p>Las vacantes son limitadas. El primer curso tiene 200 vacantes provinciales.<\/p>\n<p><a href=\"https:\/\/docs.google.com\/forms\/d\/e\/1FAIpQLSeXw0S-VzWSp-FRZtN76tDNIbTJJ0yeLbB5Pu9iHg-4lJ0Nlg\/viewform\">https:\/\/docs.google.com\/forms\/d\/e\/1FAIpQLSeXw0S-VzWSp-FRZtN76tDNIbTJJ0yeLbB5Pu9iHg-4lJ0Nlg\/viewform <\/a>\u00a0y complet\u00e1 los campos solicitados.<\/p>\n<p>El per\u00edodo de inscripci\u00f3n es desde el 18 al 28 de Agosto.<\/p>\n<p>El d\u00eda 29 de agosto de 2020 se env\u00eda a todos los inscriptos un correo electr\u00f3nico inform\u00e1ndoles la confirmaci\u00f3n de la vacante y los datos de usuario y contrase\u00f1a para ingresar al CampusDH y al curso.<\/p>\n<p>El curso se dicta a trav\u00e9s de CampusDH, primera plataforma en Latinoam\u00e9rica dedicada exclusivamente a la educaci\u00f3n virtual en derechos humanos desde el Estado.<\/p>\n<p><strong><span style=\"color: #339966;\">Cronograma<\/span><\/strong><\/p>\n<ul>\n<li><span style=\"color: #339966;\"><strong>M\u00f3dulo 0 \u2013 del 31 de Agosto al 4 de Septiembre, <\/strong><\/span>se trabaja en loscontenidos: Presentaci\u00f3n de las y los participantes, familiarizaci\u00f3n con el CampusDH y actualizaci\u00f3n del perfil.<\/li>\n<li><strong style=\"line-height: 1.5;\"><span style=\"color: #339966;\">M\u00f3dulo 1 &#8211; del 7 al 11 de Septiembre,<\/span> <\/strong><span style=\"line-height: 1.5;\">publicaci\u00f3n de contenidos del M\u00f3dulo 1: \u201cIntroducci\u00f3n a los Derechos Humanos\u201d. Foro de debate grupal y cuestionario de opci\u00f3n m\u00faltiple.<\/span><\/li>\n<li><strong><span style=\"color: #339966;\">M\u00f3dulo 2- del 14 al 18 de Septiembre,<\/span>\u00a0<\/strong>publicaci\u00f3n de contenidos del M\u00f3dulo 2: \u201cLa institucionalizaci\u00f3n de los Derechos Humanos\u201d. Foro de debate grupal y cuestionario de opci\u00f3n m\u00faltiple.<\/li>\n<li><strong><span style=\"color: #339966;\">M\u00f3dulo 3 &#8211; del 21 al 25 de Septiembre,<\/span>\u00a0<\/strong>publicaci\u00f3n de contenidos del M\u00f3dulo 3: \u201cLos principios de Igualdad y No Discriminaci\u00f3n: estrategias para su aplicaci\u00f3n\u201d. Foro de debate grupal y cuestionario de opci\u00f3n m\u00faltiple.<\/li>\n<li><strong><span style=\"color: #339966;\">Publicaci\u00f3n del CFO,\u00a0Cuestionario Final Obligatorio: <\/span><span style=\"color: #339966;\">28 de Septiembre,<\/span><\/strong>el Cuestionario Final Obligatorio est\u00e1 habilitado desde el 28 al 30 de Septiembre.<\/li>\n<li><strong><span style=\"color: #339966;\">Foro de reflexi\u00f3n y despedida \u2013 29 y 30 de Septiembre,<\/span>\u00a0<\/strong>se trabaja en el cierre del curso a trav\u00e9s del Foro de Reflexi\u00f3n y Despedida.<\/li>\n<li><span style=\"color: #339966;\"><strong>Descarga del certificado: entre el 1 y el 2 de Octubre<\/strong><\/span><\/li>\n<li><span style=\"color: #339966;\"><strong>Cierre del curso: 2 de Octubre<\/strong><\/span><\/li>\n<\/ul>\n","protected":false},"excerpt":{"rendered":"<p>El 31 de Agosto de 2020 a trav\u00e9s del campus virtual de formaci\u00f3n de la Secretar\u00eda de Derechos Humanos de<\/p>\n","protected":false},"author":3,"featured_media":30483,"comment_status":"closed","ping_status":"closed","sticky":false,"template":"","format":"standard","meta":{"_acf_changed":false,"_seopress_robots_primary_cat":"","_seopress_titles_title":"","_seopress_titles_desc":"","_seopress_robots_index":"","colormag_page_container_layout":"default_layout","colormag_page_sidebar_layout":"default_layout","footnotes":""},"categories":[9],"tags":[],"class_list":["post-30482","post","type-post","status-publish","format-standard","has-post-thumbnail","hentry","category-cursos"],"acf":[],"_links":{"self":[{"href":"https:\/\/vocesparalelas.com.ar\/sitio\/wp-json\/wp\/v2\/posts\/30482","targetHints":{"allow":["GET"]}}],"collection":[{"href":"https:\/\/vocesparalelas.com.ar\/sitio\/wp-json\/wp\/v2\/posts"}],"about":[{"href":"https:\/\/vocesparalelas.com.ar\/sitio\/wp-json\/wp\/v2\/types\/post"}],"author":[{"embeddable":true,"href":"https:\/\/vocesparalelas.com.ar\/sitio\/wp-json\/wp\/v2\/users\/3"}],"replies":[{"embeddable":true,"href":"https:\/\/vocesparalelas.com.ar\/sitio\/wp-json\/wp\/v2\/comments?post=30482"}],"version-history":[{"count":2,"href":"https:\/\/vocesparalelas.com.ar\/sitio\/wp-json\/wp\/v2\/posts\/30482\/revisions"}],"predecessor-version":[{"id":30516,"href":"https:\/\/vocesparalelas.com.ar\/sitio\/wp-json\/wp\/v2\/posts\/30482\/revisions\/30516"}],"wp:featuredmedia":[{"embeddable":true,"href":"https:\/\/vocesparalelas.com.ar\/sitio\/wp-json\/wp\/v2\/media\/30483"}],"wp:attachment":[{"href":"https:\/\/vocesparalelas.com.ar\/sitio\/wp-json\/wp\/v2\/media?parent=30482"}],"wp:term":[{"taxonomy":"category","embeddable":true,"href":"https:\/\/vocesparalelas.com.ar\/sitio\/wp-json\/wp\/v2\/categories?post=30482"},{"taxonomy":"post_tag","embeddable":true,"href":"https:\/\/vocesparalelas.com.ar\/sitio\/wp-json\/wp\/v2\/tags?post=30482"}],"curies":[{"name":"wp","href":"https:\/\/api.w.org\/{rel}","templated":true}]}}