{"id":30479,"date":"2020-08-18T22:58:08","date_gmt":"2020-08-19T01:58:08","guid":{"rendered":"http:\/\/vocesparalelas.com.ar\/sitio\/?p=30479"},"modified":"2020-08-19T00:47:42","modified_gmt":"2020-08-19T03:47:42","slug":"ciclo-de-charlas-virtuales-de-la-red-protierra","status":"publish","type":"post","link":"https:\/\/vocesparalelas.com.ar\/sitio\/ciclo-de-charlas-virtuales-de-la-red-protierra\/","title":{"rendered":"Ciclo de charlas virtuales de la Red Protierra"},"content":{"rendered":"<p>La Facultad de Arquitectura, Urbanismo y Dise\u00f1o de la Universidad Nacional de San Juan, invita a participar del ciclo de charlas virtuales abiertas y gratuitas de la Red Protierra; espacio donde se comparte y debate sobre temas referidos al h\u00e1bitat y la construcci\u00f3n natural.<\/p>\n<p>Bajo el t\u00f3pico \u00bfEs legal construir con tierra? Algunos municipios la promueven, otros la proh\u00edben, la mayor\u00eda no la tienen en cuenta. \u00bfC\u00f3mo es la situaci\u00f3n actual y qu\u00e9 podemos hacer para formalizar el uso de la tierra en la construcci\u00f3n de nuestros h\u00e1bitats?, se dar\u00e1 inicio al ciclo de charlas.<\/p>\n<p>Relevamiento y an\u00e1lisis de las normas vigentes en Argentina. La charla propone compartir y debatir el \u00abRelevamiento y an\u00e1lisis de normas jur\u00eddicas y t\u00e9cnicas referidas a la construcci\u00f3n con tierra vigentes en la Rep\u00fablica Argentina\u00bb que realiz\u00f3 la Comisi\u00f3n Normativa de la Red Protierra Argentina.<\/p>\n<p>Se realiza el Jueves, 20 Agosto, a las 18 horas mediante Google Meet, accediendo desde el siguiente enlace <a href=\"https:\/\/meet.google.com\/wmq-srpt-miw\">https:\/\/meet.google.com\/wmq-srpt-miw<\/a> , con una extensi\u00f3n de 40 minutos de exposici\u00f3n y 20 de intercambio\/preguntas.<\/p>\n<p><strong><span style=\"color: #ff0000;\">Cronograma<\/span><\/strong><\/p>\n<ul>\n<li>Jueves, 3 de Septiembre, a las 18 hs. Estufas de inercia t\u00e9rmica de alto rendimiento y la le\u00f1a como energ\u00eda viable a escala humana. Un recorrido por las distintas tecnolog\u00edas de calefacci\u00f3n eficientes y de bajo impacto ambiental m\u00e1s difundidas en Argentina: Rocket Jota, SARA, Rocket BBR, Gymse y PAR, entre otras. En esta charla entenderemos mejor el fuego para poder ver las caracter\u00edsticas de estas estufas que maximizan la eficiencia energ\u00e9tica y compartiremos algunas experiencias de transferencia.\u00a0<span style=\"line-height: 1.5;\">A cargo de Rodolfo Rotondaro, equipo INTI Tecnolog\u00edas Sustentables y Pablo Kulbaba,<\/span><\/li>\n<li>Jueves, 17 de Septiembre, a las 18 hs. Sustentabilidad y eficiencia energ\u00e9tica de las construcciones con tierra. Bioclim\u00e1tica, habitabilidad y desempe\u00f1o de algunas t\u00e9cnicas de construcci\u00f3n con tierra.\u00a0<span style=\"line-height: 1.5;\">A cargo de Guadalupe Cuiti\u00f1o y Victoria Di Cesare.<\/span><\/li>\n<li>Jueves, 1 de Octubre, a las 18 hs. Herramientas de dise\u00f1o y tecnolog\u00eda para la bioconstrucci\u00f3n. Transferencia tecnol\u00f3gica y desarrollo de m\u00e1quinas y accesorios para facilitar el trabajo de autoconstructores y Pymes del sector. Soluciones creativas desde la visi\u00f3n integral del pensamiento de dise\u00f1o. Una mirada para repensar procesos.\u00a0<span style=\"line-height: 1.5;\">A cargo de la Dise\u00f1adora Industrial Victoria Di Cesare y el Dise\u00f1ador Industrial Mauricio Zangara.<\/span><\/li>\n<li>Jueves, 15 de Octubre, a las 18 hs. M\u00e9todos de preservaci\u00f3n de ca\u00f1as y madera. Experiencias locales con productos y procedimientos para proteger y alargar la vida \u00fatil de estos elementos.\u00a0<span style=\"line-height: 1.5;\">A cargo de integrantes de la red e invitados.<\/span><\/li>\n<li>Jueves, 29 de Octubre, a las 18 hs. \u00bfQu\u00e9 es Passivhaus o casa pasiva?. Criterios de dise\u00f1o, t\u00e9cnicos y constructivos que se siguen en el est\u00e1ndar Passivhaus para crear viviendas confortables, saludables y de consumo casi nulo. Una propuesta que apunta a la reducci\u00f3n de la demanda energ\u00e9tica de los edificios y en consecuencia a la reducci\u00f3n de los gases efecto invernadero (GEI).\u00a0<span style=\"line-height: 1.5;\">A cargo del Ing. Agr. Juan Manuel V\u00e1zquez (Argentina) del Instituto Latinoamericano de Passivhaus.<\/span><\/li>\n<\/ul>\n<p>&nbsp;<\/p>\n<p>&nbsp;<\/p>\n<p>&nbsp;<\/p>\n","protected":false},"excerpt":{"rendered":"<p>La Facultad de Arquitectura, Urbanismo y Dise\u00f1o de la Universidad Nacional de San Juan, invita a participar del ciclo de<\/p>\n","protected":false},"author":3,"featured_media":30480,"comment_status":"closed","ping_status":"closed","sticky":false,"template":"","format":"standard","meta":{"_acf_changed":false,"_seopress_robots_primary_cat":"","_seopress_titles_title":"","_seopress_titles_desc":"","_seopress_robots_index":"","colormag_page_container_layout":"default_layout","colormag_page_sidebar_layout":"default_layout","footnotes":""},"categories":[9],"tags":[],"class_list":["post-30479","post","type-post","status-publish","format-standard","has-post-thumbnail","hentry","category-cursos"],"acf":[],"_links":{"self":[{"href":"https:\/\/vocesparalelas.com.ar\/sitio\/wp-json\/wp\/v2\/posts\/30479","targetHints":{"allow":["GET"]}}],"collection":[{"href":"https:\/\/vocesparalelas.com.ar\/sitio\/wp-json\/wp\/v2\/posts"}],"about":[{"href":"https:\/\/vocesparalelas.com.ar\/sitio\/wp-json\/wp\/v2\/types\/post"}],"author":[{"embeddable":true,"href":"https:\/\/vocesparalelas.com.ar\/sitio\/wp-json\/wp\/v2\/users\/3"}],"replies":[{"embeddable":true,"href":"https:\/\/vocesparalelas.com.ar\/sitio\/wp-json\/wp\/v2\/comments?post=30479"}],"version-history":[{"count":1,"href":"https:\/\/vocesparalelas.com.ar\/sitio\/wp-json\/wp\/v2\/posts\/30479\/revisions"}],"predecessor-version":[{"id":30481,"href":"https:\/\/vocesparalelas.com.ar\/sitio\/wp-json\/wp\/v2\/posts\/30479\/revisions\/30481"}],"wp:featuredmedia":[{"embeddable":true,"href":"https:\/\/vocesparalelas.com.ar\/sitio\/wp-json\/wp\/v2\/media\/30480"}],"wp:attachment":[{"href":"https:\/\/vocesparalelas.com.ar\/sitio\/wp-json\/wp\/v2\/media?parent=30479"}],"wp:term":[{"taxonomy":"category","embeddable":true,"href":"https:\/\/vocesparalelas.com.ar\/sitio\/wp-json\/wp\/v2\/categories?post=30479"},{"taxonomy":"post_tag","embeddable":true,"href":"https:\/\/vocesparalelas.com.ar\/sitio\/wp-json\/wp\/v2\/tags?post=30479"}],"curies":[{"name":"wp","href":"https:\/\/api.w.org\/{rel}","templated":true}]}}