{"id":30477,"date":"2020-08-18T22:39:41","date_gmt":"2020-08-19T01:39:41","guid":{"rendered":"http:\/\/vocesparalelas.com.ar\/sitio\/?p=30477"},"modified":"2020-08-20T00:18:08","modified_gmt":"2020-08-20T03:18:08","slug":"reanudacion-de-actos-de-ofrecimientos-de-nivel-secundario-modalidad-orientada-y-artistica","status":"publish","type":"post","link":"https:\/\/vocesparalelas.com.ar\/sitio\/reanudacion-de-actos-de-ofrecimientos-de-nivel-secundario-modalidad-orientada-y-artistica\/","title":{"rendered":"Reanudaci\u00f3n de actos de ofrecimientos de Nivel Secundario, Modalidad Orientada y Art\u00edstica"},"content":{"rendered":"<p>El Ministerio de Educaci\u00f3n, a trav\u00e9s de la Direcci\u00f3n de \u00c1rea Administrativa informa que \u00fanicamente para los actos de ofrecimientos de horas c\u00e1tedra y cargos de Nivel Secundario, Modalidad Orientada y Art\u00edstica, previstos para el 14 de Agosto, se reanudan el 20 de Agosto, en virtud de la suspensi\u00f3n determinada.<\/p>\n<p>Adem\u00e1s se aclara que los actos de ofrecimientos mencionados se llevan a cabo solamente con los aspirantes que registraron su inscripci\u00f3n v\u00eda on line durante el periodo que fue habilitado y en conformidad al orden de prelaci\u00f3n que son determinado y notificado.<\/p>\n<p>Los actos de ofrecimientos de horas y cargos de Nivel Secundario, Modalidad T\u00e9cnico Profesional \u2013 Escuelas T\u00e9cnicas y Agrot\u00e9cnicas, se llevan a cabo a partir del 24 de Agosto.<\/p>\n<p>&nbsp;<\/p>\n<p>&nbsp;<\/p>\n","protected":false},"excerpt":{"rendered":"<p>El Ministerio de Educaci\u00f3n, a trav\u00e9s de la Direcci\u00f3n de \u00c1rea Administrativa informa que \u00fanicamente para los actos de ofrecimientos<\/p>\n","protected":false},"author":3,"featured_media":28629,"comment_status":"closed","ping_status":"closed","sticky":false,"template":"","format":"standard","meta":{"_acf_changed":false,"_seopress_robots_primary_cat":"","_seopress_titles_title":"","_seopress_titles_desc":"","_seopress_robots_index":"","colormag_page_container_layout":"default_layout","colormag_page_sidebar_layout":"default_layout","footnotes":""},"categories":[5],"tags":[],"class_list":["post-30477","post","type-post","status-publish","format-standard","has-post-thumbnail","hentry","category-ofrecimientos"],"acf":[],"_links":{"self":[{"href":"https:\/\/vocesparalelas.com.ar\/sitio\/wp-json\/wp\/v2\/posts\/30477","targetHints":{"allow":["GET"]}}],"collection":[{"href":"https:\/\/vocesparalelas.com.ar\/sitio\/wp-json\/wp\/v2\/posts"}],"about":[{"href":"https:\/\/vocesparalelas.com.ar\/sitio\/wp-json\/wp\/v2\/types\/post"}],"author":[{"embeddable":true,"href":"https:\/\/vocesparalelas.com.ar\/sitio\/wp-json\/wp\/v2\/users\/3"}],"replies":[{"embeddable":true,"href":"https:\/\/vocesparalelas.com.ar\/sitio\/wp-json\/wp\/v2\/comments?post=30477"}],"version-history":[{"count":1,"href":"https:\/\/vocesparalelas.com.ar\/sitio\/wp-json\/wp\/v2\/posts\/30477\/revisions"}],"predecessor-version":[{"id":30478,"href":"https:\/\/vocesparalelas.com.ar\/sitio\/wp-json\/wp\/v2\/posts\/30477\/revisions\/30478"}],"wp:featuredmedia":[{"embeddable":true,"href":"https:\/\/vocesparalelas.com.ar\/sitio\/wp-json\/wp\/v2\/media\/28629"}],"wp:attachment":[{"href":"https:\/\/vocesparalelas.com.ar\/sitio\/wp-json\/wp\/v2\/media?parent=30477"}],"wp:term":[{"taxonomy":"category","embeddable":true,"href":"https:\/\/vocesparalelas.com.ar\/sitio\/wp-json\/wp\/v2\/categories?post=30477"},{"taxonomy":"post_tag","embeddable":true,"href":"https:\/\/vocesparalelas.com.ar\/sitio\/wp-json\/wp\/v2\/tags?post=30477"}],"curies":[{"name":"wp","href":"https:\/\/api.w.org\/{rel}","templated":true}]}}