{"id":30471,"date":"2020-08-18T22:29:54","date_gmt":"2020-08-19T01:29:54","guid":{"rendered":"http:\/\/vocesparalelas.com.ar\/sitio\/?p=30471"},"modified":"2020-08-18T22:29:54","modified_gmt":"2020-08-19T01:29:54","slug":"se-inauguro-la-empresa-de-productos-lacteos-luz-azul","status":"publish","type":"post","link":"https:\/\/vocesparalelas.com.ar\/sitio\/se-inauguro-la-empresa-de-productos-lacteos-luz-azul\/","title":{"rendered":"Se inaugur\u00f3 la Empresa de productos l\u00e1cteos \u00abLuz Azul\u00bb"},"content":{"rendered":"<p>l gobernador de San Juan, Sergio U\u00f1ac particip\u00f3 de la inauguraci\u00f3n de un nuevo local comercial ubicado en Capital. Se trata de la franquicia n\u00famero 42 de Luz Azul, una empresa de l\u00e1cteos que desembarca en San Juan gracias a la apuesta de empresarios locales.<\/p>\n<p>Junto al mandatario estuvieron presentes el intendente de la Capital, Emilio Baistrocchi; el ministro de Producci\u00f3n y Desarrollo Econ\u00f3mico, Andr\u00e9s D\u00edaz Cano; y los empresarios locales Juan Paulo L\u00f3pez y Bernardo Barrag\u00e1n, due\u00f1os de la franquicia n\u00famero 42 de la marca y la primera en la provincia. La misma est\u00e1 ubicada en Avenida Ignacio de la Roza 1119 oeste.<\/p>\n<p><img loading=\"lazy\" decoding=\"async\" class=\"alignnone wp-image-30474 size-full\" src=\"https:\/\/vocesparalelas.com.ar\/sitio\/wp-content\/uploads\/2020\/08\/LUZ-AZUL-02.jpg\" alt=\"\" width=\"800\" height=\"499\" srcset=\"https:\/\/vocesparalelas.com.ar\/sitio\/wp-content\/uploads\/2020\/08\/LUZ-AZUL-02.jpg 800w, https:\/\/vocesparalelas.com.ar\/sitio\/wp-content\/uploads\/2020\/08\/LUZ-AZUL-02-300x187.jpg 300w, https:\/\/vocesparalelas.com.ar\/sitio\/wp-content\/uploads\/2020\/08\/LUZ-AZUL-02-768x479.jpg 768w\" sizes=\"auto, (max-width: 800px) 100vw, 800px\" \/><\/p>\n<p>Tras el corte de cintas y la bendici\u00f3n religiosa, el gobernador puso en valor \u00abla apuesta de empresarios sanjuaninos que, en un contexto de pandemia, generando trabajo y apostando a la construcci\u00f3n de un nuevo sentido de bienestar en la provincia\u201d.<\/p>\n<p>Seguidamente se refiri\u00f3 al actual estatus sanitario local, ubicado entre los mejores del pa\u00eds, al se\u00f1alar que \u00abel trabajo realizado por todos los sanjuaninos se refleja en la inauguraci\u00f3n de hoy. Sin el acompa\u00f1amiento de cada sanjuanino, este tipo de situaciones no podr\u00edan ser una realidad\u201d.<\/p>\n<p>Agreg\u00f3 adem\u00e1s que \u201ces una muy buena noticia en tiempos de pandemia, hablar que se genera un nuevo local, nuevos puestos de trabajo, mayores servicios al ciudadano\u201d.<\/p>\n<p>\u201cSan Juan est\u00e1 de pie y nos sentimos orgullosos de poder darle una nueva y buena noticia, que nuestros empresarios ponen al servicio de todos este lugar que es de servicio de venta, pero tambi\u00e9n de generaci\u00f3n de empleo\u201d, finaliz\u00f3 el mandatario.<\/p>\n<p><img loading=\"lazy\" decoding=\"async\" class=\"alignnone wp-image-30475 size-full\" src=\"https:\/\/vocesparalelas.com.ar\/sitio\/wp-content\/uploads\/2020\/08\/LUZ-AZUL-03.jpg\" alt=\"\" width=\"800\" height=\"534\" srcset=\"https:\/\/vocesparalelas.com.ar\/sitio\/wp-content\/uploads\/2020\/08\/LUZ-AZUL-03.jpg 800w, https:\/\/vocesparalelas.com.ar\/sitio\/wp-content\/uploads\/2020\/08\/LUZ-AZUL-03-300x200.jpg 300w, https:\/\/vocesparalelas.com.ar\/sitio\/wp-content\/uploads\/2020\/08\/LUZ-AZUL-03-768x513.jpg 768w\" sizes=\"auto, (max-width: 800px) 100vw, 800px\" \/><\/p>\n<p>Por su parte, el ministro D\u00edaz Cano, afirm\u00f3 que \u201cen San Juan la actividad productiva se encuentra activa, como ejemplo de ello vemos que el consumo sigue circulando en la provincia. Ese consumo que es tan deseado por todo el mundo en tiempo de pandemia\u201d.<\/p>\n<p>El intendente Baistrocchi por su parte, destac\u00f3 la decisi\u00f3n de los empresarios sanjuaninos al decir que \u00abinvertir y trabajar a riesgo, es algo que sale del molde en este contexto. Esto es para destacar, sostener y cuidarlo\u00bb.<\/p>\n<p><img loading=\"lazy\" decoding=\"async\" class=\"alignnone wp-image-30472 size-full\" src=\"https:\/\/vocesparalelas.com.ar\/sitio\/wp-content\/uploads\/2020\/08\/LUZ-AZUL-04.jpg\" alt=\"\" width=\"800\" height=\"534\" srcset=\"https:\/\/vocesparalelas.com.ar\/sitio\/wp-content\/uploads\/2020\/08\/LUZ-AZUL-04.jpg 800w, https:\/\/vocesparalelas.com.ar\/sitio\/wp-content\/uploads\/2020\/08\/LUZ-AZUL-04-300x200.jpg 300w, https:\/\/vocesparalelas.com.ar\/sitio\/wp-content\/uploads\/2020\/08\/LUZ-AZUL-04-768x513.jpg 768w\" sizes=\"auto, (max-width: 800px) 100vw, 800px\" \/><\/p>\n<p>Uno de los emprendedores, Juan Paulo L\u00f3pez, coment\u00f3 que el proyecto comenz\u00f3 a finales de enero y pudo materializarse gracias al actual estatus sanitario de San Juan. \u201cDespu\u00e9s de tres meses de mucho trabajo, nos decidimos hacer la alianza con Luz Azul e instalarnos en San Juan. Tenemos todas las expectativas, comienza un proyecto muy ambicioso\u201d, se\u00f1al\u00f3.<\/p>\n<p>&nbsp;<\/p>\n<p><iframe loading=\"lazy\" title=\"U\u00f1ac particip\u00f3 de la inauguraci\u00f3n de un nuevo emprendimiento de productos l\u00e1cteos\" width=\"800\" height=\"450\" src=\"https:\/\/www.youtube.com\/embed\/ckVJ9_Vg4RE?feature=oembed\" frameborder=\"0\" allow=\"accelerometer; autoplay; encrypted-media; gyroscope; picture-in-picture\" allowfullscreen><\/iframe><\/p>\n","protected":false},"excerpt":{"rendered":"<p>l gobernador de San Juan, Sergio U\u00f1ac particip\u00f3 de la inauguraci\u00f3n de un nuevo local comercial ubicado en Capital. Se<\/p>\n","protected":false},"author":3,"featured_media":30473,"comment_status":"closed","ping_status":"closed","sticky":false,"template":"","format":"video","meta":{"_acf_changed":false,"_seopress_robots_primary_cat":"","_seopress_titles_title":"","_seopress_titles_desc":"","_seopress_robots_index":"","colormag_page_container_layout":"default_layout","colormag_page_sidebar_layout":"default_layout","footnotes":""},"categories":[1,7],"tags":[],"class_list":["post-30471","post","type-post","status-publish","format-video","has-post-thumbnail","hentry","category-destacadas","category-videos","post_format-post-format-video"],"acf":[],"_links":{"self":[{"href":"https:\/\/vocesparalelas.com.ar\/sitio\/wp-json\/wp\/v2\/posts\/30471","targetHints":{"allow":["GET"]}}],"collection":[{"href":"https:\/\/vocesparalelas.com.ar\/sitio\/wp-json\/wp\/v2\/posts"}],"about":[{"href":"https:\/\/vocesparalelas.com.ar\/sitio\/wp-json\/wp\/v2\/types\/post"}],"author":[{"embeddable":true,"href":"https:\/\/vocesparalelas.com.ar\/sitio\/wp-json\/wp\/v2\/users\/3"}],"replies":[{"embeddable":true,"href":"https:\/\/vocesparalelas.com.ar\/sitio\/wp-json\/wp\/v2\/comments?post=30471"}],"version-history":[{"count":1,"href":"https:\/\/vocesparalelas.com.ar\/sitio\/wp-json\/wp\/v2\/posts\/30471\/revisions"}],"predecessor-version":[{"id":30476,"href":"https:\/\/vocesparalelas.com.ar\/sitio\/wp-json\/wp\/v2\/posts\/30471\/revisions\/30476"}],"wp:featuredmedia":[{"embeddable":true,"href":"https:\/\/vocesparalelas.com.ar\/sitio\/wp-json\/wp\/v2\/media\/30473"}],"wp:attachment":[{"href":"https:\/\/vocesparalelas.com.ar\/sitio\/wp-json\/wp\/v2\/media?parent=30471"}],"wp:term":[{"taxonomy":"category","embeddable":true,"href":"https:\/\/vocesparalelas.com.ar\/sitio\/wp-json\/wp\/v2\/categories?post=30471"},{"taxonomy":"post_tag","embeddable":true,"href":"https:\/\/vocesparalelas.com.ar\/sitio\/wp-json\/wp\/v2\/tags?post=30471"}],"curies":[{"name":"wp","href":"https:\/\/api.w.org\/{rel}","templated":true}]}}