{"id":30452,"date":"2020-08-17T21:38:54","date_gmt":"2020-08-18T00:38:54","guid":{"rendered":"http:\/\/vocesparalelas.com.ar\/sitio\/?p=30452"},"modified":"2020-08-18T13:22:59","modified_gmt":"2020-08-18T16:22:59","slug":"se-inauguro-obras-en-la-celda-historica-de-san-martin","status":"publish","type":"post","link":"https:\/\/vocesparalelas.com.ar\/sitio\/se-inauguro-obras-en-la-celda-historica-de-san-martin\/","title":{"rendered":"Se inaugur\u00f3 obras en la Celda Hist\u00f3rica de San Mart\u00edn"},"content":{"rendered":"<p>En el interior del convento Santo Domingo se encuentra la celda que ocup\u00f3 el General Jos\u00e9 de San Mart\u00edn en 1815, cedida por el prior de los dominicos para que preparase la campa\u00f1a libertadora a Chile y al Alto Per\u00fa. En el aniversario 170 del fallecimiento del \u201cPadre de la Patria\u201d, el gobernador Dr. Sergio U\u00f1ac inaugur\u00f3 obras de ampliaci\u00f3n, refacci\u00f3n y remodelaci\u00f3n en el lugar donde funciona la Asociaci\u00f3n Cultural Sanmartiniana.<\/p>\n<p>El acto fue presidido por el gobernador de San Juan, Dr. Sergio U\u00f1ac, quien se comunic\u00f3 v\u00eda teleconferencia con el presidente del Instituto Nacional Sanmartiniano, Dr. Eduardo Garc\u00eda Caffi. Participaron adem\u00e1s del acto el ministro de la Corte de Justicia, Dr. Daniel Olivares Yapur; el intendente de la Capital, Dr. Emilio Baistrocchi; el arzobispo de San Juan de Cuyo, monse\u00f1or Jorge Lozano; el jefe del Regimiento de Infanter\u00eda de Monta\u00f1a 22, Rolando Alberto Labrousse; los ministros de Obras y Servicios P\u00fablicos, Ing. Julio Ortiz Andino y de Turismo y Cultura, Lic. Claudia Grynszpan; el secretario de Seguridad, Dr. Carlos Munisaga; el presidente de la Asociaci\u00f3n Cultural Sanmartiniana, Dr. Miguel \u00c1ngel Licciardi; legisladores provinciales y nacionales; as\u00ed como representantes de las fuerzas vivas y dem\u00e1s funcionarios de Gobierno.<\/p>\n<p><img loading=\"lazy\" decoding=\"async\" class=\"alignnone wp-image-30460 size-full\" src=\"https:\/\/vocesparalelas.com.ar\/sitio\/wp-content\/uploads\/2020\/08\/CELDA-SAN-MARTIN-08.jpg\" alt=\"\" width=\"800\" height=\"534\" srcset=\"https:\/\/vocesparalelas.com.ar\/sitio\/wp-content\/uploads\/2020\/08\/CELDA-SAN-MARTIN-08.jpg 800w, https:\/\/vocesparalelas.com.ar\/sitio\/wp-content\/uploads\/2020\/08\/CELDA-SAN-MARTIN-08-300x200.jpg 300w, https:\/\/vocesparalelas.com.ar\/sitio\/wp-content\/uploads\/2020\/08\/CELDA-SAN-MARTIN-08-768x513.jpg 768w\" sizes=\"auto, (max-width: 800px) 100vw, 800px\" \/><\/p>\n<p>A trav\u00e9s de la comunicaci\u00f3n virtual, el primer mandatario se dirigi\u00f3 al Dr. Garc\u00eda Caffi y asegur\u00f3 que \u00abesta inauguraci\u00f3n nos debe enorgullecer a todos y y lo que tambi\u00e9n tenemos que hacer como argentinos para construir esta gran naci\u00f3n que nos leg\u00f3 el general, es recordar nuestra propia historia y tambi\u00e9n fundamentalmente respetar la historia que nos ha permitido tener est\u00e1 gran rep\u00fablica. Nos enorgullece esta inauguraci\u00f3n formal, de la que que ha sido un gran gestor el doctor Licciardi. Lo sanjuaninos y tambi\u00e9n quienes visitan nuestra querida provincia desde otras provincias argentinas o de otros pa\u00edses puedan mirar que por ac\u00e1 pas\u00f3 el general y cuya obra tuvo tambi\u00e9n el inestimable apoyo y participaci\u00f3n de sanjuaninos que tambi\u00e9n decidieron ser parte de esta gesta hist\u00f3rica, qu\u00e9 es una de las m\u00e1s importantes del mundo\u00bb.<\/p>\n<p>En consonancia con los dichos del gobernador, Garc\u00eda Caffi desde Buenos Aires se dirigi\u00f3 a U\u00f1ac y afirm\u00f3 que \u00abestoy aqu\u00ed en el hist\u00f3rico Regimiento de Granaderos a Caballo esperando al presidente de la Naci\u00f3n, que en pocos minutos m\u00e1s presidir\u00e1 el acto central por el 170 aniversario del paso a la inmortalidad del Libertador San Mart\u00edn. Nos enorgullece que el presidente est\u00e9 encabezando este acto y que usted est\u00e9 haciendo lo mismo all\u00ed en San Juan, inaugurando esa maravillosa obra no solo para los argentinos sino para los americanos. San Mart\u00edn nos lego la libertad con sus ej\u00e9rcitos de liberaci\u00f3n y no de ocupaci\u00f3n, ya que entend\u00eda que el ser humano quer\u00eda ser formado y educado para elegir sus autoridades. Por ello fund\u00f3 bibliotecas para instruir a los americanos y jam\u00e1s acepto ser parte de una facci\u00f3n que operara en contra de los intereses de la Naci\u00f3n. Para m\u00ed es un orgullo estar compartiendo contigo, Sergio, est\u00e1 maravillosa inauguraci\u00f3n\u00bb.<\/p>\n<p>Para cerrar la comunicaci\u00f3n con el titular del Instituto Nacional Sanmartiniano, el gobernador U\u00f1ac agradeci\u00f3 la participaci\u00f3n v\u00eda teleconferencia del funcionario nacional y aprovech\u00f3 la ocasi\u00f3n para enviar \u00abun saludo al presidente de los argentinos de todos los sanjuaninos. Por \u00faltimo, quiero decirte en la provincia de San Juan estamos trabajando en la provincia para mantener el estatus sanitario alcanzado y que nos ha permitido reactivar la actividad econ\u00f3mica y el regreso a las clases presenciales en 14 departamentos. Te mando un gran abrazo, espero que tengan un gran acto y que esto que hoy estamos inaugurando pueda ser visitado por vos pasada una vez que pase la pandemia\u00bb.<\/p>\n<p>Seguidamente, el primer mandatario provincial se dirigi\u00f3 a los presentes en la Celda Hist\u00f3rica y elogi\u00f3 la gesti\u00f3n del Dr. Licciardi y su equipo de trabajo \u00abpara que esto sea una realidad. Este es es un patrimonio que los sanjuaninos llevamos en el coraz\u00f3n, que nos permite recordar y pensar en el legado que nos dej\u00f3 el General San Mart\u00edn, en c\u00f3mo lo hizo, teniendo en cuenta las distancias y las circunstancias. Eso s\u00ed es inconmensurable los grandes hombres pueden proponerse grandes proezas, pero adem\u00e1s lograrlas. Tenemos que intentar ser dignos depositarios del legado del general, de los valores que permitieron liberar a otros pa\u00edses y permitieron que muchos latinoamericanos gozaran de una absoluta libertad. A la historia tenemos no solamente que recordarla sino tambi\u00e9n respetarla fundamentalmente, y respetar la historia es estar ac\u00e1 inaugurando estas obras\u00bb.<\/p>\n<p>Para finalizar su discurso, U\u00f1ac asever\u00f3 que \u00ablos sanjuaninos no queremos ser espectadores de la historia, queremos ser protagonistas. Muchas mujeres y muchos hombres de esta tierra se desprendieron de cuestiones materiales para lograr que esa gesta fuera una realidad e incluso algunos hasta se desprendieron de la vida misma para lograr la libertad de varios pueblos de esta querida Latinoam\u00e9rica. En este d\u00eda tan especial, en que conmemoramos el 170 aniversario del paso a la inmortalidad de uno de los pr\u00f3ceres m\u00e1s importantes que dio la historia argentina, me enorgullezco de estar con ustedes de participando de esta inauguraci\u00f3n y dejar esto al servicio de los sanjuaninos, de los argentinos, y fundamentalmente de la propia historia que nos hizo grandes\u00bb.<\/p>\n<p>Por su parte, Licciardi hizo un repaso de las gestiones que a lo largo de los a\u00f1os la Asociaci\u00f3n Cultural Sanmartiniana llev\u00f3 adelante para concretar las remodelaciones que se inauguran en la jornada y consider\u00f3 que \u00abesto es para San Juan y para todos los argentinos y americanos. Esta es una obra magn\u00edfica, \u00fanica en el pa\u00eds\u00bb.<\/p>\n<p><iframe loading=\"lazy\" title=\"U\u00f1ac inaugur\u00f3 obras en la Celda Hist\u00f3rica de San Mart\u00edn\" width=\"800\" height=\"450\" src=\"https:\/\/www.youtube.com\/embed\/OFYlmggGb-s?feature=oembed\" frameborder=\"0\" allow=\"accelerometer; autoplay; encrypted-media; gyroscope; picture-in-picture\" allowfullscreen><\/iframe><\/p>\n<p><strong><span style=\"color: #0000ff;\">Sobre la obra<\/span><\/strong><\/p>\n<p><img loading=\"lazy\" decoding=\"async\" class=\"alignnone wp-image-30461 size-full\" src=\"https:\/\/vocesparalelas.com.ar\/sitio\/wp-content\/uploads\/2020\/08\/CELDA-SAN-MARTIN-09.jpg\" alt=\"\" width=\"800\" height=\"534\" srcset=\"https:\/\/vocesparalelas.com.ar\/sitio\/wp-content\/uploads\/2020\/08\/CELDA-SAN-MARTIN-09.jpg 800w, https:\/\/vocesparalelas.com.ar\/sitio\/wp-content\/uploads\/2020\/08\/CELDA-SAN-MARTIN-09-300x200.jpg 300w, https:\/\/vocesparalelas.com.ar\/sitio\/wp-content\/uploads\/2020\/08\/CELDA-SAN-MARTIN-09-768x513.jpg 768w\" sizes=\"auto, (max-width: 800px) 100vw, 800px\" \/><\/p>\n<p>Se propuso destacar la arquitectura hist\u00f3rica y patrimonial de la Celda Sanmartiniana, teniendo en cuenta las caracter\u00edsticas propias del terreno. Para ello, la propuesta arquitect\u00f3nica se bas\u00f3 en una construcci\u00f3n contempor\u00e1nea y sobria en el sector oeste del terreno, destinando el costado este para el \u00e1rea administrativa. De esta manera, la accesibilidad hacia la Celda quedar\u00e1 despejada, con un espacio amplio y directo. Tambi\u00e9n, las actividades diarias de la Asociaci\u00f3n quedar\u00e1n bien sectorizadas: el \u00e1rea de administraci\u00f3n y servicios por un lado y el Centro Cultural (sala de conferencias y relicario) por el otro.<\/p>\n<p><img loading=\"lazy\" decoding=\"async\" class=\"alignnone wp-image-30457 size-full\" src=\"https:\/\/vocesparalelas.com.ar\/sitio\/wp-content\/uploads\/2020\/08\/CELDA-SAN-MARTIN-04.jpg\" alt=\"\" width=\"800\" height=\"534\" srcset=\"https:\/\/vocesparalelas.com.ar\/sitio\/wp-content\/uploads\/2020\/08\/CELDA-SAN-MARTIN-04.jpg 800w, https:\/\/vocesparalelas.com.ar\/sitio\/wp-content\/uploads\/2020\/08\/CELDA-SAN-MARTIN-04-300x200.jpg 300w, https:\/\/vocesparalelas.com.ar\/sitio\/wp-content\/uploads\/2020\/08\/CELDA-SAN-MARTIN-04-768x513.jpg 768w\" sizes=\"auto, (max-width: 800px) 100vw, 800px\" \/><\/p>\n<p><img loading=\"lazy\" decoding=\"async\" class=\"alignnone wp-image-30454 size-full\" src=\"https:\/\/vocesparalelas.com.ar\/sitio\/wp-content\/uploads\/2020\/08\/CELDA-SAN-MARTIN-01.jpg\" alt=\"\" width=\"800\" height=\"534\" srcset=\"https:\/\/vocesparalelas.com.ar\/sitio\/wp-content\/uploads\/2020\/08\/CELDA-SAN-MARTIN-01.jpg 800w, https:\/\/vocesparalelas.com.ar\/sitio\/wp-content\/uploads\/2020\/08\/CELDA-SAN-MARTIN-01-300x200.jpg 300w, https:\/\/vocesparalelas.com.ar\/sitio\/wp-content\/uploads\/2020\/08\/CELDA-SAN-MARTIN-01-768x513.jpg 768w\" sizes=\"auto, (max-width: 800px) 100vw, 800px\" \/><\/p>\n<p>En primer lugar, se remodel\u00f3 y ampli\u00f3 el sector del edificio ya existente, comenzando por la Biblioteca. Se remodelaron los sanitarios y se refuncionaliz\u00f3 la oficina privada, destinada para la comisi\u00f3n directiva de la Asociaci\u00f3n. La obra refaccionada y refuncionalizada tiene una superficie de 53m<sup>2<\/sup>.<\/p>\n<p>Por otro lado, se construy\u00f3 una nueva sala de conferencias- SUM, una sala de exposiciones y relicario. La obra nueva tiene una superficie de 148,38 m<sup>2<\/sup> y se ejecut\u00f3 utilizando un sistema constructivo liviano, de montaje en seco tipo <em>steel framing<\/em>, compuesto por un conjunto de perfiles de acero galvanizado de bajo espesor. El montaje se realiz\u00f3 sobre las fundaciones tradicionales. Los cerramientos, tanto interiores como exteriores, se resolvieron mediante la colocaci\u00f3n de placas sujetas a la estructura met\u00e1lica principal. Las terminaciones exteriores se hicieron con placas cementicias y revoques elastopl\u00e1sticos.<\/p>\n<p><img loading=\"lazy\" decoding=\"async\" class=\"alignnone wp-image-30455 size-full\" src=\"https:\/\/vocesparalelas.com.ar\/sitio\/wp-content\/uploads\/2020\/08\/CELDA-SAN-MARTIN-02.jpg\" alt=\"\" width=\"800\" height=\"534\" srcset=\"https:\/\/vocesparalelas.com.ar\/sitio\/wp-content\/uploads\/2020\/08\/CELDA-SAN-MARTIN-02.jpg 800w, https:\/\/vocesparalelas.com.ar\/sitio\/wp-content\/uploads\/2020\/08\/CELDA-SAN-MARTIN-02-300x200.jpg 300w, https:\/\/vocesparalelas.com.ar\/sitio\/wp-content\/uploads\/2020\/08\/CELDA-SAN-MARTIN-02-768x513.jpg 768w\" sizes=\"auto, (max-width: 800px) 100vw, 800px\" \/><\/p>\n<p>&nbsp;<\/p>\n","protected":false},"excerpt":{"rendered":"<p>En el interior del convento Santo Domingo se encuentra la celda que ocup\u00f3 el General Jos\u00e9 de San Mart\u00edn en<\/p>\n","protected":false},"author":3,"featured_media":30453,"comment_status":"closed","ping_status":"closed","sticky":false,"template":"","format":"video","meta":{"_acf_changed":false,"_seopress_robots_primary_cat":"","_seopress_titles_title":"","_seopress_titles_desc":"","_seopress_robots_index":"","colormag_page_container_layout":"default_layout","colormag_page_sidebar_layout":"default_layout","footnotes":""},"categories":[1,7],"tags":[],"class_list":["post-30452","post","type-post","status-publish","format-video","has-post-thumbnail","hentry","category-destacadas","category-videos","post_format-post-format-video"],"acf":[],"_links":{"self":[{"href":"https:\/\/vocesparalelas.com.ar\/sitio\/wp-json\/wp\/v2\/posts\/30452","targetHints":{"allow":["GET"]}}],"collection":[{"href":"https:\/\/vocesparalelas.com.ar\/sitio\/wp-json\/wp\/v2\/posts"}],"about":[{"href":"https:\/\/vocesparalelas.com.ar\/sitio\/wp-json\/wp\/v2\/types\/post"}],"author":[{"embeddable":true,"href":"https:\/\/vocesparalelas.com.ar\/sitio\/wp-json\/wp\/v2\/users\/3"}],"replies":[{"embeddable":true,"href":"https:\/\/vocesparalelas.com.ar\/sitio\/wp-json\/wp\/v2\/comments?post=30452"}],"version-history":[{"count":2,"href":"https:\/\/vocesparalelas.com.ar\/sitio\/wp-json\/wp\/v2\/posts\/30452\/revisions"}],"predecessor-version":[{"id":30464,"href":"https:\/\/vocesparalelas.com.ar\/sitio\/wp-json\/wp\/v2\/posts\/30452\/revisions\/30464"}],"wp:featuredmedia":[{"embeddable":true,"href":"https:\/\/vocesparalelas.com.ar\/sitio\/wp-json\/wp\/v2\/media\/30453"}],"wp:attachment":[{"href":"https:\/\/vocesparalelas.com.ar\/sitio\/wp-json\/wp\/v2\/media?parent=30452"}],"wp:term":[{"taxonomy":"category","embeddable":true,"href":"https:\/\/vocesparalelas.com.ar\/sitio\/wp-json\/wp\/v2\/categories?post=30452"},{"taxonomy":"post_tag","embeddable":true,"href":"https:\/\/vocesparalelas.com.ar\/sitio\/wp-json\/wp\/v2\/tags?post=30452"}],"curies":[{"name":"wp","href":"https:\/\/api.w.org\/{rel}","templated":true}]}}