{"id":29887,"date":"2020-07-24T01:24:37","date_gmt":"2020-07-24T04:24:37","guid":{"rendered":"http:\/\/vocesparalelas.com.ar\/sitio\/?p=29887"},"modified":"2020-07-24T01:24:37","modified_gmt":"2020-07-24T04:24:37","slug":"plan-jurisdiccional-del-retorno-a-clases-presenciales-de-san-juan","status":"publish","type":"post","link":"https:\/\/vocesparalelas.com.ar\/sitio\/plan-jurisdiccional-del-retorno-a-clases-presenciales-de-san-juan\/","title":{"rendered":"\u00abPlan Jurisdiccional del retorno a clases presenciales de San Juan\u00bb"},"content":{"rendered":"<p>El ministro de Educaci\u00f3n del Gobierno de San Juan, Lic. Felipe De Los R\u00edos, junto a las directoras de Nivel y Gabinetes T\u00e9cnicos Interdisciplinarios presidi\u00f3 la reuni\u00f3n para cerrar el protocolo provincial para el gradual retorno presencial a las aulas con los gremios docentes representados por los secretarios generales de UDAP, Prof. Luis Lucero, de UDA Prof. Julio Rosa y de AMET, Prof. Daniel Quiroga.<\/p>\n<p>Del encuentro tambi\u00e9n participaron por el Ministerio de Salud la secretaria de Planificaci\u00f3n, Dra. Alina Almaz\u00e1n; la jefa de la Divisi\u00f3n Pediatr\u00eda de Materno Infancia, Dra. Andrea Weidmann y la jefa de la secci\u00f3n Salud Escolar, Dra. D\u00e9bora Tolotto.<\/p>\n<p>Mientras que por el Ministerio de Gobierno asisti\u00f3 el secretario de Tr\u00e1nsito y Transporte, Jorge Armend\u00e1riz y en representaci\u00f3n de la Secretaria de Seguridad estuvo presente el comisario Daniel Castro.<\/p>\n<p>En la reuni\u00f3n, las autoridades realizaron la presentaci\u00f3n formal del \u201cPlan Jurisdiccional del retorno a clases presenciales en todos los niveles y modalidades del Sistema Educativo de gesti\u00f3n estatal y privada de San Juan\u201d, tras un exhaustivo an\u00e1lisis, sumadas las sugerencias, fue aprobado por todos los presentes. En virtud de ello ya comienza el proceso de evaluaci\u00f3n, ma\u00f1ana viernes ser\u00e1 expuesto ante el Comit\u00e9 COVID-19 de la provincia. mientras que el s\u00e1bado\u00a0ser\u00e1 presentado al ministro de Educaci\u00f3n de la Naci\u00f3n. Dr. Nicol\u00e1s Trotta. Una vez que sea aprobado por las autoridades nacionales, ser\u00e1 presentado oficialmente a la comunidad educativa y sanjuanina en su totalidad, en d\u00eda y horario a designar.<\/p>\n<p>Culminado el encuentro, el secretario general de AMET, Prof. Daniel Quiroga se\u00f1al\u00f3 que \u00abhemos culminado un arduo trabajo. Felicito sinceramente al ministro de Educaci\u00f3n Felipe De Los R\u00edos por su disposici\u00f3n y constante trabajo, al igual que a sus funcionarios y a los compa\u00f1eros de los otros gremios porque logramos elaborar el manual para el retorno presencial a clases. Adem\u00e1s, establecimos que el 30 de noviembre secomience una nueva titularizaci\u00f3n para los docentes y comenzaremos a trabajar en el manual de funciones de escuelas t\u00e9cnicas. Estamos muy conformes por estos resultados\u201d.<\/p>\n<p>Por su parte, el secretario general de UDA, Prof. Roberto Rosa, manifest\u00f3 que \u00abse culmin\u00f3 un trabajo muy importante en el \u00e1mbito ministerial bajo la responsabilidad del ministro Lic. Felipe De Los R\u00edos. Un expreso reconocimiento a la voluntad y coherencia con la que se trabaj\u00f3, que permiti\u00f3 estos resultados. Adem\u00e1s es muy significativo que los docentes van a tener un reconocimiento por parte del ministerio, como es la estabilidad laboral y al mismo tiempo comenzamos a trabajar el Manual de funciones\u201d.<\/p>\n<p>Desde UDAP, el secretario general, Prof. \u00a0Luis Lucero dijo que \u00abmuy satisfecho de haber dado cumplimiento con una tarea que involucr\u00f3 a muchos sectores. Hay que destacar la apertura y voluntad del ministro de Educaci\u00f3n y sus funcionarios, sumado a los integrantes de los diferentes \u00e1mbitos involucrados pudimos constituir este consejo que logr\u00f3 un objetivo fundamental que es el \u201cPlan Jurisdiccional del retorno a clases presenciales en todos los niveles y modalidades del Sistema Educativo de gesti\u00f3n estatal y privada de San Juan\u201d. Reconocer que fue una tarea ardua con una participaci\u00f3n plural, responsable, objetiva de todos. Sumado a la posibilidad de seguir ganando derechos para los trabajadores de la educaci\u00f3n, con la titularizaci\u00f3n para Nivel Secundario para todas las modalidades, normativa que quedar\u00e1 homologada al partir del 30 de noviembre de este a\u00f1o. Y seguir trabajando para la reglamentaci\u00f3n de las escuelas t\u00e9cnicas y agropecuarias. Es un avance m\u00e1s en un favorable ambiente de di\u00e1logo\u201d.<\/p>\n<p>El ministro de Educaci\u00f3n, Lic. Felipe De Los R\u00edos, por su parte indic\u00f3 que \u00ablos ejes que abordamos son reclamos justos del sector docente que vienen a subsanar una deuda importante como es el complemento de la titularizaci\u00f3n para todos los niveles y modalidades del a\u00f1o 2015. Y a la vez el tratamiento de un manual de funciones, que qued\u00f3 desactualizado tras todas las transformaciones que tuvo el sistema educativo, que es en el \u00e1mbito de la escuela t\u00e9cnico profesional. Sin lugar a duda vendr\u00e1 acompa\u00f1ado de otros manuales para las escuelas secundarias. Satisfacer este requerimiento es poder resolver para una mejor funcionalidad del sistema\u201d.<\/p>\n<p>Adem\u00e1s, el ministro destac\u00f3 sobre el protocolo que \u00abfueron muchas las reuniones, todos participamos, con aportes que han sido escuchados para tener un protocolo cuya columna vertebral es el protocolo nacional y que tiene la contextualizaci\u00f3n que San Juan requiere para los 14 departamentos, para Capital y el Gran San Juan. Sin duda todos pusimos lo mejor, ahora queda en manos del Ministerio de Educaci\u00f3n de la Naci\u00f3n y sus especialistas en Salud y Pedagog\u00eda que analizaran la propuesta de San Juan. Ma\u00f1ana nos reuniremos con los integrantes del Comit\u00e9 COVID-19 para interiorizarlos de este gran trabajo conjunto, ya que deben tener conocimiento al ser los responsables de la aplicaci\u00f3n durante la pandemia. Y el s\u00e1bado, le presentaremos al ministro Nicol\u00e1s Trotta esta normativa para su an\u00e1lisis\u00bb.<\/p>\n","protected":false},"excerpt":{"rendered":"<p>El ministro de Educaci\u00f3n del Gobierno de San Juan, Lic. Felipe De Los R\u00edos, junto a las directoras de Nivel<\/p>\n","protected":false},"author":3,"featured_media":29888,"comment_status":"closed","ping_status":"closed","sticky":false,"template":"","format":"standard","meta":{"_acf_changed":false,"_seopress_robots_primary_cat":"","_seopress_titles_title":"","_seopress_titles_desc":"","_seopress_robots_index":"","colormag_page_container_layout":"default_layout","colormag_page_sidebar_layout":"default_layout","footnotes":""},"categories":[1],"tags":[],"class_list":["post-29887","post","type-post","status-publish","format-standard","has-post-thumbnail","hentry","category-destacadas"],"acf":[],"_links":{"self":[{"href":"https:\/\/vocesparalelas.com.ar\/sitio\/wp-json\/wp\/v2\/posts\/29887","targetHints":{"allow":["GET"]}}],"collection":[{"href":"https:\/\/vocesparalelas.com.ar\/sitio\/wp-json\/wp\/v2\/posts"}],"about":[{"href":"https:\/\/vocesparalelas.com.ar\/sitio\/wp-json\/wp\/v2\/types\/post"}],"author":[{"embeddable":true,"href":"https:\/\/vocesparalelas.com.ar\/sitio\/wp-json\/wp\/v2\/users\/3"}],"replies":[{"embeddable":true,"href":"https:\/\/vocesparalelas.com.ar\/sitio\/wp-json\/wp\/v2\/comments?post=29887"}],"version-history":[{"count":1,"href":"https:\/\/vocesparalelas.com.ar\/sitio\/wp-json\/wp\/v2\/posts\/29887\/revisions"}],"predecessor-version":[{"id":29889,"href":"https:\/\/vocesparalelas.com.ar\/sitio\/wp-json\/wp\/v2\/posts\/29887\/revisions\/29889"}],"wp:featuredmedia":[{"embeddable":true,"href":"https:\/\/vocesparalelas.com.ar\/sitio\/wp-json\/wp\/v2\/media\/29888"}],"wp:attachment":[{"href":"https:\/\/vocesparalelas.com.ar\/sitio\/wp-json\/wp\/v2\/media?parent=29887"}],"wp:term":[{"taxonomy":"category","embeddable":true,"href":"https:\/\/vocesparalelas.com.ar\/sitio\/wp-json\/wp\/v2\/categories?post=29887"},{"taxonomy":"post_tag","embeddable":true,"href":"https:\/\/vocesparalelas.com.ar\/sitio\/wp-json\/wp\/v2\/tags?post=29887"}],"curies":[{"name":"wp","href":"https:\/\/api.w.org\/{rel}","templated":true}]}}