{"id":29870,"date":"2020-07-23T23:33:32","date_gmt":"2020-07-24T02:33:32","guid":{"rendered":"http:\/\/vocesparalelas.com.ar\/sitio\/?p=29870"},"modified":"2020-07-24T23:51:17","modified_gmt":"2020-07-25T02:51:17","slug":"reinicio-de-actividades-del-2-semestre-en-la-faud-de-la-unsj","status":"publish","type":"post","link":"https:\/\/vocesparalelas.com.ar\/sitio\/reinicio-de-actividades-del-2-semestre-en-la-faud-de-la-unsj\/","title":{"rendered":"Reinicio de actividades del 2\u00b0 Semestre en la FAUD de la UNSJ"},"content":{"rendered":"<p><span style=\"font-size: 16px; line-height: 1.5;\">La FAUD informa a la comunidad educativa que, en concordancia con lo dispuesto por Resoluci\u00f3n N\u00b0 0916\/20-Rectorado de la UNSJ, se resolvi\u00f3 que a partir del 27 de Julio \u201c<\/span>todo el personal no docente de la Universidad Nacional de San Juan, deber\u00e1 cumplir funciones en forma presencial en su lugar de trabajo<span style=\"font-size: 16px; line-height: 1.5;\">, tomando en cuenta las medidas de prevenci\u00f3n establecidas en el <\/span>Protocolo de Actuaci\u00f3n y Plan de Contingencia frente al Coronavirus COVID- 19<span style=\"font-size: 16px; line-height: 1.5;\"> aprobado por Resoluci\u00f3n N\u00b0 30\/20-Consejo Superior\u201d.<\/span><\/p>\n<div id=\"contentNoticia\">\n<p><strong><span style=\"color: #008000;\">Estableci\u00e9ndose a tal fin el siguiente cronograma:<\/span><\/strong><\/p>\n<ul>\n<li><span style=\"color: #008000;\"><strong>Lunes, 27 de julio.<\/strong><\/span> Inicio actividades de servicios, limpieza y acondicionamiento del edificio<\/li>\n<li><strong><span style=\"color: #008000;\">Jueves, 30 de julio<\/span>.<\/strong> Inicio actividades esenciales en horario de 9:00 a 13:00 hs.<\/li>\n<\/ul>\n<p><span style=\"color: #008000;\"><strong>Viernes, 31 de julio.<\/strong><\/span> Fecha l\u00edmite para presentar DDJJ COVID-19 personas en grupo de riesgo de acuerdo con las siguientes excepciones:<\/p>\n<ul>\n<li>Personal no docente mayores de 60 a\u00f1os.<\/li>\n<li><span style=\"line-height: 1.5;\">Personal no docente que se encuentre dentro del grupo de riesgo por razones de salud.<\/span><\/li>\n<li><span style=\"line-height: 1.5;\">Padre o madre por cuidado de ni\u00f1os, ni\u00f1as o adolescentes (mientras dure la suspensi\u00f3n de clases en la provincia de San Juan).<\/span><\/li>\n<\/ul>\n<p>En todos los casos citados se deber\u00e1 presentar el certificado correspondiente de acuerdo a las circulares\u00a0N\u00b0 9 y N\u00b0 de la Secretar\u00eda Administrativo Financiera de la UNSJ.<\/p>\n<p>Por otra parte, el personal mayor de 60 a\u00f1os que NO est\u00e9 comprendido en el grupo de riesgo, podr\u00e1 voluntariamente presentarse a trabajar previa presentaci\u00f3n de declaraci\u00f3n jurada.<\/p>\n<p><strong>Lunes 03 de agosto.<\/strong> Inicio actividades resto personal nodocente en horario de 8:00 a 13:00 hs.<\/p>\n<p><span style=\"color: #008000;\"><strong>Evaluaciones<\/strong><\/span><\/p>\n<ul>\n<li><span style=\"color: #008000;\"><strong>Del lunes 03 al viernes 07 de agosto.<\/strong><\/span> Mesas de ex\u00e1menes modalidad virtual.<\/li>\n<li><span style=\"color: #008000;\"><strong>Lunes 10 de agosto.<\/strong><\/span> Inicio actividades clases segundo semestre.<\/li>\n<li><span style=\"color: #008000;\"><strong>Del lunes 10 al viernes 14 de agosto<\/strong><\/span> los titulares de c\u00e1tedra deber\u00e1n comunicar a los Departamentos la modalidad de examen presencial (oral, escrito, oral y escrito) a fin de asignar los espacios necesarios.<\/li>\n<li><span style=\"color: #008000;\"><strong>Del martes 18 al viernes 21de agosto.<\/strong> <\/span>Consulta previa al examen presencial, el mismo d\u00eda del examen a contraturno de cursado. Cada Departamento asignar\u00e1 el espacio correspondiente.<\/li>\n<li><span style=\"color: #008000;\"><strong>Del lunes 24 al viernes 28 de agosto.<\/strong> <\/span>Mesas de ex\u00e1menes modalidad presencial de acuerdo a Protocolo.<\/li>\n<li><span style=\"line-height: 1.5;\">Se recuerda que el horario de trabajo establecido es de 8 a 13 horas.<\/span><\/li>\n<\/ul>\n<p><strong><span style=\"color: #008000;\">Se Adjunta el Documento<\/span><\/strong><\/p>\n<\/div>\n<p><a href=\"https:\/\/vocesparalelas.com.ar\/sitio\/wp-content\/uploads\/2020\/07\/FAUD-Resolucion_N_0916_20_R_5043_0.pdf\">FAUD-Resolucion_N_0916_20_R_5043_0<\/a><\/p>\n","protected":false},"excerpt":{"rendered":"<p>La FAUD informa a la comunidad educativa que, en concordancia con lo dispuesto por Resoluci\u00f3n N\u00b0 0916\/20-Rectorado de la UNSJ,<\/p>\n","protected":false},"author":3,"featured_media":22249,"comment_status":"closed","ping_status":"closed","sticky":false,"template":"","format":"standard","meta":{"_acf_changed":false,"_seopress_robots_primary_cat":"","_seopress_titles_title":"","_seopress_titles_desc":"","_seopress_robots_index":"","colormag_page_container_layout":"default_layout","colormag_page_sidebar_layout":"default_layout","footnotes":""},"categories":[5],"tags":[],"class_list":["post-29870","post","type-post","status-publish","format-standard","has-post-thumbnail","hentry","category-ofrecimientos"],"acf":[],"_links":{"self":[{"href":"https:\/\/vocesparalelas.com.ar\/sitio\/wp-json\/wp\/v2\/posts\/29870","targetHints":{"allow":["GET"]}}],"collection":[{"href":"https:\/\/vocesparalelas.com.ar\/sitio\/wp-json\/wp\/v2\/posts"}],"about":[{"href":"https:\/\/vocesparalelas.com.ar\/sitio\/wp-json\/wp\/v2\/types\/post"}],"author":[{"embeddable":true,"href":"https:\/\/vocesparalelas.com.ar\/sitio\/wp-json\/wp\/v2\/users\/3"}],"replies":[{"embeddable":true,"href":"https:\/\/vocesparalelas.com.ar\/sitio\/wp-json\/wp\/v2\/comments?post=29870"}],"version-history":[{"count":1,"href":"https:\/\/vocesparalelas.com.ar\/sitio\/wp-json\/wp\/v2\/posts\/29870\/revisions"}],"predecessor-version":[{"id":29872,"href":"https:\/\/vocesparalelas.com.ar\/sitio\/wp-json\/wp\/v2\/posts\/29870\/revisions\/29872"}],"wp:featuredmedia":[{"embeddable":true,"href":"https:\/\/vocesparalelas.com.ar\/sitio\/wp-json\/wp\/v2\/media\/22249"}],"wp:attachment":[{"href":"https:\/\/vocesparalelas.com.ar\/sitio\/wp-json\/wp\/v2\/media?parent=29870"}],"wp:term":[{"taxonomy":"category","embeddable":true,"href":"https:\/\/vocesparalelas.com.ar\/sitio\/wp-json\/wp\/v2\/categories?post=29870"},{"taxonomy":"post_tag","embeddable":true,"href":"https:\/\/vocesparalelas.com.ar\/sitio\/wp-json\/wp\/v2\/tags?post=29870"}],"curies":[{"name":"wp","href":"https:\/\/api.w.org\/{rel}","templated":true}]}}