{"id":29860,"date":"2020-07-22T23:36:28","date_gmt":"2020-07-23T02:36:28","guid":{"rendered":"http:\/\/vocesparalelas.com.ar\/sitio\/?p=29860"},"modified":"2020-07-22T23:36:28","modified_gmt":"2020-07-23T02:36:28","slug":"reunion-virtual-entre-el-cofecyt-y-el-ministerio-de-desarrollo-productivo-de-la-nacion","status":"publish","type":"post","link":"https:\/\/vocesparalelas.com.ar\/sitio\/reunion-virtual-entre-el-cofecyt-y-el-ministerio-de-desarrollo-productivo-de-la-nacion\/","title":{"rendered":"Reuni\u00f3n virtual entre el COFECyT y el Ministerio de Desarrollo Productivo de la Naci\u00f3n"},"content":{"rendered":"<p>En representaci\u00f3n de la Provincia de San Juan, el coordinador de Gesti\u00f3n y Proyectos de la Secretaria de Estado de Ciencia, Tecnolog\u00eda e Innovaci\u00f3n &#8211; SECITI -, Dr. \u00c1ngel Torres, integr\u00f3 la reuni\u00f3n virtual que se llev\u00f3 a cabo desde el Consejo Federal de Ciencia y Tecnolog\u00eda (COFECyT) en conjunto con la Subsecretar\u00eda de Econom\u00eda del Conocimiento que depende del Ministerio de Desarrollo Productivo de la Naci\u00f3n, a cargo de la Lic. Mar\u00eda Apolito.<\/p>\n<p>En la oportunidad, estuvieron presentes casi la totalidad de los representantes provinciales del COFECyT en conjunto con el Comit\u00e9 Ejecutivo del mismo.<\/p>\n<p>Se abordaron temas entre los que se pueden destacar las l\u00edneas de trabajo y programas que financian proyectos vinculados a la Ciencia y a la Tecnolog\u00eda.<\/p>\n<p><img loading=\"lazy\" decoding=\"async\" class=\"alignnone wp-image-29862 size-full\" src=\"https:\/\/vocesparalelas.com.ar\/sitio\/wp-content\/uploads\/2020\/07\/VIRTUAL-02.jpg\" alt=\"\" width=\"800\" height=\"600\" srcset=\"https:\/\/vocesparalelas.com.ar\/sitio\/wp-content\/uploads\/2020\/07\/VIRTUAL-02.jpg 800w, https:\/\/vocesparalelas.com.ar\/sitio\/wp-content\/uploads\/2020\/07\/VIRTUAL-02-300x225.jpg 300w, https:\/\/vocesparalelas.com.ar\/sitio\/wp-content\/uploads\/2020\/07\/VIRTUAL-02-768x576.jpg 768w\" sizes=\"auto, (max-width: 800px) 100vw, 800px\" \/><\/p>\n<p><img loading=\"lazy\" decoding=\"async\" class=\"alignnone wp-image-29861 size-full\" src=\"https:\/\/vocesparalelas.com.ar\/sitio\/wp-content\/uploads\/2020\/07\/VIRTUAL-01.jpg\" alt=\"\" width=\"800\" height=\"600\" srcset=\"https:\/\/vocesparalelas.com.ar\/sitio\/wp-content\/uploads\/2020\/07\/VIRTUAL-01.jpg 800w, https:\/\/vocesparalelas.com.ar\/sitio\/wp-content\/uploads\/2020\/07\/VIRTUAL-01-300x225.jpg 300w, https:\/\/vocesparalelas.com.ar\/sitio\/wp-content\/uploads\/2020\/07\/VIRTUAL-01-768x576.jpg 768w\" sizes=\"auto, (max-width: 800px) 100vw, 800px\" \/><\/p>\n<p>&nbsp;<\/p>\n","protected":false},"excerpt":{"rendered":"<p>En representaci\u00f3n de la Provincia de San Juan, el coordinador de Gesti\u00f3n y Proyectos de la Secretaria de Estado de<\/p>\n","protected":false},"author":3,"featured_media":29863,"comment_status":"closed","ping_status":"closed","sticky":false,"template":"","format":"standard","meta":{"_acf_changed":false,"_seopress_robots_primary_cat":"","_seopress_titles_title":"","_seopress_titles_desc":"","_seopress_robots_index":"","colormag_page_container_layout":"default_layout","colormag_page_sidebar_layout":"default_layout","footnotes":""},"categories":[1],"tags":[],"class_list":["post-29860","post","type-post","status-publish","format-standard","has-post-thumbnail","hentry","category-destacadas"],"acf":[],"_links":{"self":[{"href":"https:\/\/vocesparalelas.com.ar\/sitio\/wp-json\/wp\/v2\/posts\/29860","targetHints":{"allow":["GET"]}}],"collection":[{"href":"https:\/\/vocesparalelas.com.ar\/sitio\/wp-json\/wp\/v2\/posts"}],"about":[{"href":"https:\/\/vocesparalelas.com.ar\/sitio\/wp-json\/wp\/v2\/types\/post"}],"author":[{"embeddable":true,"href":"https:\/\/vocesparalelas.com.ar\/sitio\/wp-json\/wp\/v2\/users\/3"}],"replies":[{"embeddable":true,"href":"https:\/\/vocesparalelas.com.ar\/sitio\/wp-json\/wp\/v2\/comments?post=29860"}],"version-history":[{"count":1,"href":"https:\/\/vocesparalelas.com.ar\/sitio\/wp-json\/wp\/v2\/posts\/29860\/revisions"}],"predecessor-version":[{"id":29864,"href":"https:\/\/vocesparalelas.com.ar\/sitio\/wp-json\/wp\/v2\/posts\/29860\/revisions\/29864"}],"wp:featuredmedia":[{"embeddable":true,"href":"https:\/\/vocesparalelas.com.ar\/sitio\/wp-json\/wp\/v2\/media\/29863"}],"wp:attachment":[{"href":"https:\/\/vocesparalelas.com.ar\/sitio\/wp-json\/wp\/v2\/media?parent=29860"}],"wp:term":[{"taxonomy":"category","embeddable":true,"href":"https:\/\/vocesparalelas.com.ar\/sitio\/wp-json\/wp\/v2\/categories?post=29860"},{"taxonomy":"post_tag","embeddable":true,"href":"https:\/\/vocesparalelas.com.ar\/sitio\/wp-json\/wp\/v2\/tags?post=29860"}],"curies":[{"name":"wp","href":"https:\/\/api.w.org\/{rel}","templated":true}]}}