{"id":29855,"date":"2020-07-22T23:31:06","date_gmt":"2020-07-23T02:31:06","guid":{"rendered":"http:\/\/vocesparalelas.com.ar\/sitio\/?p=29855"},"modified":"2020-07-24T00:46:56","modified_gmt":"2020-07-24T03:46:56","slug":"convocatoria-activar-patrimonio-becas-de-ayuda-economica-para-artistas-investigadores-y-curadores","status":"publish","type":"post","link":"https:\/\/vocesparalelas.com.ar\/sitio\/convocatoria-activar-patrimonio-becas-de-ayuda-economica-para-artistas-investigadores-y-curadores\/","title":{"rendered":"Convocatoria \u00abActivar Patrimonio\u00bb becas de ayuda econ\u00f3mica para artistas, investigadores y curadores"},"content":{"rendered":"<p>El Ministerio de Cultura de la Naci\u00f3n Argentina, a trav\u00e9s de la Secretar\u00eda de Patrimonio Cultural, presenta Activar Patrimonio, becas de ayuda econ\u00f3mica a personas que trabajen con el patrimonio cultural y que, en estos momentos, no se encuentren vinculadas de manera contractual ni en relaci\u00f3n de dependencia con ning\u00fan tipo de instituci\u00f3n u organismo.<\/p>\n<p>Otorgan 30 becas de $ 50.000 cada una a artistas, investigadores, investigadoras, curadores y curadoras de todo el pa\u00eds para llevar a cabo durante el lapso de dos meses una propuesta de trabajo con los acervos y\/o colecciones presentes en Institutos y\/o Museos Nacionales que se encuentren en la \u00f3rbita de dicha Secretar\u00eda.<\/p>\n<p>El formato es libre elecci\u00f3n: la propuesta puede incluir la realizaci\u00f3n de una investigaci\u00f3n, catalogaci\u00f3n, gui\u00f3n curatorial o intervenci\u00f3n art\u00edstica, entre otras posibilidades, cuyos resultados puedan difundirse en formatos digitales y en redes sociales, a trav\u00e9s de la web.<\/p>\n<p>Las presentaciones son individuales y no hay l\u00edmite de edad para los postulantes.<\/p>\n<p><span style=\"color: #800000;\"><strong>El plazo de inscripci\u00f3n hasta el s\u00e1bado 15 de agosto de 2020.<\/strong><\/span><\/p>\n<p class=\"p1\"><span class=\"s1\"><strong><span style=\"color: #800000;\">Preguntas frecuentes<\/span><\/strong><\/span><\/p>\n<ul>\n<li><span class=\"s1\"><span style=\"color: #800000;\"><strong>\u00bfQui\u00e9nes pueden presentarse?<\/strong><\/span><br \/>\n<\/span><span class=\"s1\"><span class=\"s1\">Artistas, investigadores e investigadoras de cualquier disciplina y curadores y curadoras que vivan en cualquier parte del pa\u00eds y que trabajen con el patrimonio cultural.<\/span><\/span><\/li>\n<li><span class=\"s1\"><span style=\"color: #800000;\"><strong>\u00bfCu\u00e1les son el monto y la duraci\u00f3n de la beca?<\/strong><\/span><br \/>\n<\/span><span class=\"s1\"><span class=\"s1\">El monto de la beca ser\u00e1 de $50.000, otorgados en un \u00fanico pago. Al t\u00e9rmino de dos meses de trabajo, se dar\u00e1 por finalizado el per\u00edodo de la beca, y se deber\u00e1 presentar el resultado de lo propuesto.<\/span><\/span><\/li>\n<li><span class=\"s1\"><span style=\"color: #800000;\"><strong>\u00bfCu\u00e1les son los requisitos para inscribirse?<\/strong><\/span><br \/>\n<\/span><span class=\"s1\"><span class=\"s1\">Ser ciudadano argentino o naturalizado, sin restricci\u00f3n de edad; no poseer vinculaci\u00f3n contractual ni de relaci\u00f3n de dependencia con ning\u00fan tipo de instituci\u00f3n u organismo.<\/span><\/span><\/li>\n<li><span class=\"s1\"><span style=\"color: #800000;\"><strong>\u00bfC\u00f3mo hago mi postulaci\u00f3n?<\/strong><\/span><br \/>\n<\/span><span class=\"s1\">Completando el formulario de inscripci\u00f3n en l\u00ednea <\/span><\/li>\n<\/ul>\n<p><span class=\"s1\"><a href=\"https:\/\/forms.cultura.gob.ar\/index.php\/965913?lang=es\">https:\/\/forms.cultura.gob.ar\/index.php\/965913?lang=es <\/a><\/span><\/p>\n<p><span class=\"s1\">y adjuntando digitalmente la documentaci\u00f3n correspondiente, detallada en las Bases y Condiciones.<\/span><\/p>\n<p><a href=\"https:\/\/vocesparalelas.com.ar\/sitio\/wp-content\/uploads\/2020\/07\/activar_patrimonio_bases_y_anexos_final.pdf\">activar_patrimonio_bases_y_anexos_final<\/a><\/p>\n<p><strong><span style=\"color: #800000;\">Por consultas, escribir a<\/span><\/strong><\/p>\n<p><span id=\"cloaka6f067de8cab3882b65641c1d1bed483\"><a href=\"mailto:activarpatrimonio@cultura.gob.ar\" target=\"_blank\" rel=\"noopener noreferrer\">activarpatrimonio@cultura.gob.ar<\/a><\/span><\/p>\n<p>&nbsp;<\/p>\n<p>&nbsp;<\/p>\n<p>&nbsp;<\/p>\n<p>&nbsp;<\/p>\n","protected":false},"excerpt":{"rendered":"<p>El Ministerio de Cultura de la Naci\u00f3n Argentina, a trav\u00e9s de la Secretar\u00eda de Patrimonio Cultural, presenta Activar Patrimonio, becas<\/p>\n","protected":false},"author":3,"featured_media":29857,"comment_status":"closed","ping_status":"closed","sticky":false,"template":"","format":"standard","meta":{"_acf_changed":false,"_seopress_robots_primary_cat":"","_seopress_titles_title":"","_seopress_titles_desc":"","_seopress_robots_index":"","colormag_page_container_layout":"default_layout","colormag_page_sidebar_layout":"default_layout","footnotes":""},"categories":[2],"tags":[],"class_list":["post-29855","post","type-post","status-publish","format-standard","has-post-thumbnail","hentry","category-convocatorias"],"acf":[],"_links":{"self":[{"href":"https:\/\/vocesparalelas.com.ar\/sitio\/wp-json\/wp\/v2\/posts\/29855","targetHints":{"allow":["GET"]}}],"collection":[{"href":"https:\/\/vocesparalelas.com.ar\/sitio\/wp-json\/wp\/v2\/posts"}],"about":[{"href":"https:\/\/vocesparalelas.com.ar\/sitio\/wp-json\/wp\/v2\/types\/post"}],"author":[{"embeddable":true,"href":"https:\/\/vocesparalelas.com.ar\/sitio\/wp-json\/wp\/v2\/users\/3"}],"replies":[{"embeddable":true,"href":"https:\/\/vocesparalelas.com.ar\/sitio\/wp-json\/wp\/v2\/comments?post=29855"}],"version-history":[{"count":1,"href":"https:\/\/vocesparalelas.com.ar\/sitio\/wp-json\/wp\/v2\/posts\/29855\/revisions"}],"predecessor-version":[{"id":29859,"href":"https:\/\/vocesparalelas.com.ar\/sitio\/wp-json\/wp\/v2\/posts\/29855\/revisions\/29859"}],"wp:featuredmedia":[{"embeddable":true,"href":"https:\/\/vocesparalelas.com.ar\/sitio\/wp-json\/wp\/v2\/media\/29857"}],"wp:attachment":[{"href":"https:\/\/vocesparalelas.com.ar\/sitio\/wp-json\/wp\/v2\/media?parent=29855"}],"wp:term":[{"taxonomy":"category","embeddable":true,"href":"https:\/\/vocesparalelas.com.ar\/sitio\/wp-json\/wp\/v2\/categories?post=29855"},{"taxonomy":"post_tag","embeddable":true,"href":"https:\/\/vocesparalelas.com.ar\/sitio\/wp-json\/wp\/v2\/tags?post=29855"}],"curies":[{"name":"wp","href":"https:\/\/api.w.org\/{rel}","templated":true}]}}