{"id":29850,"date":"2020-07-22T23:14:26","date_gmt":"2020-07-23T02:14:26","guid":{"rendered":"http:\/\/vocesparalelas.com.ar\/sitio\/?p=29850"},"modified":"2020-07-22T23:14:26","modified_gmt":"2020-07-23T02:14:26","slug":"el-sector-financiero-ya-tiene-sus-acciones-en-el-acuerdo-san-juan","status":"publish","type":"post","link":"https:\/\/vocesparalelas.com.ar\/sitio\/el-sector-financiero-ya-tiene-sus-acciones-en-el-acuerdo-san-juan\/","title":{"rendered":"El sector Financiero ya tiene sus acciones en el Acuerdo San Juan"},"content":{"rendered":"<p>La ministro de Hacienda y Finanzas del Gobierno de San Juan, CPN Marisa L\u00f3pez, dio la bienvenida al segundo encuentro de la mesa del sector Financiero.<\/p>\n<p>Record\u00f3 la coordinadora de la mesa que Acuerdo San Juan busca acciones a corto plazo para la pospandemia que permitan recuperar el desarrollo econ\u00f3mico y social de la provincia.<\/p>\n<p>Marcelo Zunino, de Banco San Juan, se\u00f1al\u00f3 que capacitaci\u00f3n, tecnolog\u00eda, bancarizaci\u00f3n y est\u00edmulos econ\u00f3micos son los pilares de la inclusi\u00f3n financiera. \u201cEl 80 % de adultos tiene cuenta bancaria pero no todos lo saben, lo que muestra que hay un camino recorrido pero falta\u201d.<\/p>\n<p>Propuso potenciar el uso de canales, estimular pagos y transacciones por medios electr\u00f3nicos en entes p\u00fablicos y privados de toda la provincia: tarjetas de d\u00e9bito, cr\u00e9dito, d\u00e9bitos autom\u00e1ticos, billetera electr\u00f3nica, bot\u00f3n de pagos, comercio electr\u00f3nico.<\/p>\n<p>Se propuso trabajar en alianza con las c\u00e1maras de comercio, los municipios y el Ministerio de Turismo para adhesi\u00f3n, por ejemplo, en puntos tur\u00edsticos de los comercios referentes. Dise\u00f1ar campa\u00f1as de est\u00edmulo lo cual implica beneficios para clientes usuarios, comercios, Gobierno, municipios.<\/p>\n<p><img loading=\"lazy\" decoding=\"async\" class=\"alignnone wp-image-29851 size-full\" src=\"https:\/\/vocesparalelas.com.ar\/sitio\/wp-content\/uploads\/2020\/07\/ASJ-FINANZAS-01.jpg\" alt=\"\" width=\"800\" height=\"534\" srcset=\"https:\/\/vocesparalelas.com.ar\/sitio\/wp-content\/uploads\/2020\/07\/ASJ-FINANZAS-01.jpg 800w, https:\/\/vocesparalelas.com.ar\/sitio\/wp-content\/uploads\/2020\/07\/ASJ-FINANZAS-01-300x200.jpg 300w, https:\/\/vocesparalelas.com.ar\/sitio\/wp-content\/uploads\/2020\/07\/ASJ-FINANZAS-01-768x513.jpg 768w\" sizes=\"auto, (max-width: 800px) 100vw, 800px\" \/><\/p>\n<p>En el \u00e1rea educaci\u00f3n financiera se propuso potenciar la capacitaci\u00f3n en los distintos sectores de la sociedad sanjuanina.<\/p>\n<p>Respecto al acceso al cr\u00e9dito se habl\u00f3 de homogeneizar la informaci\u00f3n de contribuyentes en DGR, por CUIT a fin de alimentar motores de scoring que permitan al sistema financiero local, mayor conocimiento de sus clientes.<\/p>\n<p>Por su parte, Banco Macro, a trav\u00e9s de Eduardo Hijano, ofreci\u00f3 los productos actuales de la entidad y adhiri\u00f3 a la propuesta de Zunino, de Banco San Juan.<\/p>\n<p>Pablo \u00c1lvarez, de Banco Naci\u00f3n, apost\u00f3 a potenciar las mejores herramientas crediticias del banco como la l\u00ednea de cr\u00e9dito para personas no bancarizadas que no tienen financiamiento en el sistema: microempresas y pymes para capital de trabajo. \u201cMostrar la uni\u00f3n de esta mesa generando espacios comunes desde donde podamos aportar formaci\u00f3n financiera con proyecto comunes que muestren nuestro compromiso\u201d, dijo \u00c1lvarez.<\/p>\n<p>Del Banco Credicoop, Fabi\u00e1n Garc\u00eda, propuso capacitaciones a todos los usuarios del sistema. Se\u00f1al\u00f3 que van a desarrollar l\u00edneas de cr\u00e9dito vigente que tenemos con subsidio de tasa del gobierno, como la FODEFIN y otra con tasa exclusiva para pymes, entre otras.<\/p>\n<p>V\u00eda Zoom, Eduardo Ciancio, de la fundaci\u00f3n Credicoop, mencion\u00f3 los programas de capacitaci\u00f3n que llevan a cabo en otras provincias y que se ofrecieron para San Juan.<\/p>\n<p>Mencion\u00f3 que en San Juan se puso en marcha el programa Crecer Cooperando, con el BID, que apunta a la inclusi\u00f3n financiera para una agricultura clim\u00e1ticamente inteligente.<\/p>\n<p><img loading=\"lazy\" decoding=\"async\" class=\"alignnone wp-image-29853 size-full\" src=\"https:\/\/vocesparalelas.com.ar\/sitio\/wp-content\/uploads\/2020\/07\/ASJ-FINANZAS-03.jpg\" alt=\"\" width=\"800\" height=\"534\" srcset=\"https:\/\/vocesparalelas.com.ar\/sitio\/wp-content\/uploads\/2020\/07\/ASJ-FINANZAS-03.jpg 800w, https:\/\/vocesparalelas.com.ar\/sitio\/wp-content\/uploads\/2020\/07\/ASJ-FINANZAS-03-300x200.jpg 300w, https:\/\/vocesparalelas.com.ar\/sitio\/wp-content\/uploads\/2020\/07\/ASJ-FINANZAS-03-768x513.jpg 768w\" sizes=\"auto, (max-width: 800px) 100vw, 800px\" \/><\/p>\n<p>Otro programa con aportes del BID es Tomate 2000, que beneficiar\u00e1 a 250 tomateros de la provincia. Y el primer tramo de COVIAR, con fondos para fertilizantes y control de plagas para las plantaciones vitivin\u00edcolas de San Juan.<\/p>\n<p>Adem\u00e1s, comenzaron a trabajar en el desarrollo econ\u00f3mico territorial con varios municipios de la provincia, con vista a la pospandemia, donde participan instituciones p\u00fablico y privadas.<\/p>\n<p>\u201cContamos con m\u00e1s de 70 especialistas en distintas tem\u00e1ticas para salir de la mejor forma productiva de esta situaci\u00f3n. Lanzamos un producto para lo relacionado con la innovaci\u00f3n y pr\u00f3ximamente estar\u00e1 esta l\u00ednea para financiar 100 % proyectos de institutos\u201d, dijo.<\/p>\n<p>Gustavo Rosales, de ICBC, cont\u00f3 que tambi\u00e9n trabajan a trav\u00e9s de su fundaci\u00f3n en varios proyectos.<\/p>\n<p>Dami\u00e1n Ventura, de Bolsa de Comercio de San Juan, realiz\u00f3 varios aportes potenciados con herramientas que est\u00e1n en el mercado de capitales. Propuso que se cree un ente rector para la articulaci\u00f3n de todas estas herramientas.<\/p>\n<p>Tambi\u00e9n propuso la creaci\u00f3n de un comit\u00e9 de cr\u00e9dito p\u00fablico-privado.<\/p>\n<p>Osvaldo Rebollo, prosecretario de la Federaci\u00f3n Argentina de Profesionales de Ciencias Econ\u00f3micas, destac\u00f3 que \u201cestamos ac\u00e1 porque hay un problema serio, no sabemos c\u00f3mo salir de esto: la crisis sanitaria que deriv\u00f3 en crisis econ\u00f3mica. La visi\u00f3n que tiene cada uno de la crisis es b\u00e1sicamente de incertidumbre. Este debe ser un espacio de generosidad para aportar herramientas en lo que en otras mesas se presenta como demanda, pedido de ayuda\u201d.<\/p>\n<p>Agreg\u00f3 Rebollo que este es un momento hist\u00f3rico para ver c\u00f3mo participar del sistema financiero con herramientas novedosas. \u201cHace falta articular, ver la forma de potenciar Garant\u00eda San Juan y eso deber\u00edan apoyar los bancos ac\u00e1 presentes y el gobierno instrumentar la forma de que sea una herramienta m\u00e1s fuerte porque es una gran herramienta. Esto debe ser el comienzo de algo m\u00e1s grande, m\u00e1s importante. Me sumo a la idea de armar una mesa de trabajo conjunto. Este sistema para que funcione debe tener un ente rector, un mesa de inteligencia financiera\u201d, asegur\u00f3.<\/p>\n<p>Del Banco Galicia, Pablo Cortesi, apoy\u00f3 la idea de armar un comit\u00e9 p\u00fablico- privado para regular, y tener presente a Garant\u00eda San Juan para que todos puedan trabajar con ese organismo \u201cy que este m\u00e1s adaptado a lo que cada banco pueda pedir y podamos usar todos\u201d.<\/p>\n<p>Eugenia Chufan, del Banco Supervielle, cont\u00f3 que cuentan con el programa Abuelos en Red y otros de educaci\u00f3n. \u201cEn los \u00faltimos tres meses muchos comercios nos preguntaron si no tenemos gu\u00eda del estilo de FONDEFIN. En este momento tenemos que ver la emergencia econ\u00f3mica y eso requiere una l\u00ednea especial de capital de trabajo que sea la misma para todos los bancos\u201d.<\/p>\n<p>Ra\u00fal Molina, del Banco BICE, cont\u00f3 las l\u00edneas vigentes de capital de trabajo y firma digital. \u201cVenimos trabajando con las econom\u00edas regionales y en San Juan con las cadenas vitivin\u00edcola y oliv\u00edcola. Somos banca de desarrollo y este directorio est\u00e1 orientado a la peque\u00f1a y mediana empresa\u201d.<\/p>\n<p>Hern\u00e1n Gonz\u00e1lez Viberti, de Banco Comafi, dijo que la incertidumbre actual frena la inversi\u00f3n. \u201cHoy las empresas est\u00e1n frenadas y no toman decisiones por esa incertidumbre. Igual San Juan est\u00e1 muy bien. Coincidimos con todas las propuestas mencionadas. Tenemos todas las l\u00edneas de financiamiento para todos los segmentos, est\u00e1 bueno este \u00e1mbito aunque la soluci\u00f3n no surja ahora. Cuentan con todo nuestro apoyo. Nosotros s\u00ed trabajamos con Garant\u00eda San Juan y es un buen momento para reeditar eso, revisar topes para que a la empresa le sea m\u00e1s sencillo poder aplicar y que no se frene la rueda\u201d, se\u00f1al\u00f3.<\/p>\n<p><iframe loading=\"lazy\" title=\"ACUERDO SAN JUAN\" width=\"800\" height=\"450\" src=\"https:\/\/www.youtube.com\/embed\/wFPHTPoW4RI?feature=oembed\" frameborder=\"0\" allow=\"accelerometer; autoplay; encrypted-media; gyroscope; picture-in-picture\" allowfullscreen><\/iframe><\/p>\n<p>&nbsp;<\/p>\n<p>Los aportes de la mesa del sector Financiero, que ser\u00e1n ajustadas antes de las mesas intersectoriales, son:<\/p>\n<ol>\n<li>Crear una Unidad de Coordinaci\u00f3n que potencie la articulaci\u00f3n de las distintas herramientas que ha desarrollado la provincia de San Juan (Agencia Calidad San Juan, Fiduciaria San Juan, Garant\u00eda San Juan, Agencia San Juan de Desarrollo de Inversiones).<\/li>\n<li>Impulsar un modelo de intervenci\u00f3n de financiamiento responsable mixto, p\u00fablico-privado, que desarrolle la pol\u00edtica de cr\u00e9dito para cada sector y constituya un Fondo de Desarrollo Productivo de San Juan, que podr\u00e1 destinarse a: la compra de instrumentos en el mercado de capitales, tales como cheques avalados, FCE y obligaciones negociables; al dise\u00f1o e instrumentaci\u00f3n de programas de emisi\u00f3n de bonos verdes, buscando involucrar a las grandes compa\u00f1\u00edas que generan un mayor impacto ambiental en la provincia.<\/li>\n<li>Difusi\u00f3n de cheques de pago diferidos avalados como herramienta de financiamiento de capital de trabajo.<\/li>\n<li>Gestionar, junto a las grandes empresas locales incluidas en el listado de AFIP, la utilizaci\u00f3n de la Factura de Cr\u00e9dito Electr\u00f3nica como herramienta de financiaci\u00f3n de capital de trabajo de las pymes locales.<\/li>\n<li>Otorgar avales del Fondo de Riesgo Provincial a la emisi\u00f3n de deuda local de pymes locales para fondear proyectos de mediano plazo.<\/li>\n<li>Potenciar la educaci\u00f3n financiera por medio de capacitaciones a los distintos sectores de la sociedad sanjuanina, haciendo foco en los sectores m\u00e1s vulnerables (adultos mayores, sectores de menor nivel educativo, comercios) a fin de promover el acceso a las nuevas tecnolog\u00edas y el uso de las herramientas que ofrece el sistema bancario y del mercado de capitales. Proponer incluir en la curr\u00edcula escolar la educaci\u00f3n financiera.<\/li>\n<li>Potenciar el uso de canales electr\u00f3nicos para hacer pagos y transacciones en entes p\u00fablicos y privados de toda la Provincia y propiciar la diversificaci\u00f3n de los puntos de acceso para la extracci\u00f3n de efectivo mediante la adhesi\u00f3n de los principales comercios al servicio Extracash\/Cashback, en los distintos departamentos de la Provincia.<\/li>\n<li>Poner en funcionamiento una Carpeta Crediticia Digital \u00danica como herramienta del servicio de informaci\u00f3n crediticia y asesoramiento financiero que desarrollar\u00e1 la Agencia San Juan de Desarrollo de Inversiones, con el compromiso de todas las entidades financieras de actualizarla informaci\u00f3n peri\u00f3dicamente.<\/li>\n<\/ol>\n<p>&nbsp;<\/p>\n<p><img loading=\"lazy\" decoding=\"async\" class=\"alignnone wp-image-29104 size-full\" src=\"https:\/\/vocesparalelas.com.ar\/sitio\/wp-content\/uploads\/2020\/06\/ACUERDO-SAN-JUAN-LOGO.jpg\" alt=\"\" width=\"800\" height=\"432\" srcset=\"https:\/\/vocesparalelas.com.ar\/sitio\/wp-content\/uploads\/2020\/06\/ACUERDO-SAN-JUAN-LOGO.jpg 800w, https:\/\/vocesparalelas.com.ar\/sitio\/wp-content\/uploads\/2020\/06\/ACUERDO-SAN-JUAN-LOGO-300x162.jpg 300w, https:\/\/vocesparalelas.com.ar\/sitio\/wp-content\/uploads\/2020\/06\/ACUERDO-SAN-JUAN-LOGO-768x415.jpg 768w\" sizes=\"auto, (max-width: 800px) 100vw, 800px\" \/><\/p>\n","protected":false},"excerpt":{"rendered":"<p>La ministro de Hacienda y Finanzas del Gobierno de San Juan, CPN Marisa L\u00f3pez, dio la bienvenida al segundo encuentro<\/p>\n","protected":false},"author":3,"featured_media":29852,"comment_status":"closed","ping_status":"closed","sticky":false,"template":"","format":"video","meta":{"_acf_changed":false,"_seopress_robots_primary_cat":"","_seopress_titles_title":"","_seopress_titles_desc":"","_seopress_robots_index":"","colormag_page_container_layout":"default_layout","colormag_page_sidebar_layout":"default_layout","footnotes":""},"categories":[1,7],"tags":[],"class_list":["post-29850","post","type-post","status-publish","format-video","has-post-thumbnail","hentry","category-destacadas","category-videos","post_format-post-format-video"],"acf":[],"_links":{"self":[{"href":"https:\/\/vocesparalelas.com.ar\/sitio\/wp-json\/wp\/v2\/posts\/29850","targetHints":{"allow":["GET"]}}],"collection":[{"href":"https:\/\/vocesparalelas.com.ar\/sitio\/wp-json\/wp\/v2\/posts"}],"about":[{"href":"https:\/\/vocesparalelas.com.ar\/sitio\/wp-json\/wp\/v2\/types\/post"}],"author":[{"embeddable":true,"href":"https:\/\/vocesparalelas.com.ar\/sitio\/wp-json\/wp\/v2\/users\/3"}],"replies":[{"embeddable":true,"href":"https:\/\/vocesparalelas.com.ar\/sitio\/wp-json\/wp\/v2\/comments?post=29850"}],"version-history":[{"count":1,"href":"https:\/\/vocesparalelas.com.ar\/sitio\/wp-json\/wp\/v2\/posts\/29850\/revisions"}],"predecessor-version":[{"id":29854,"href":"https:\/\/vocesparalelas.com.ar\/sitio\/wp-json\/wp\/v2\/posts\/29850\/revisions\/29854"}],"wp:featuredmedia":[{"embeddable":true,"href":"https:\/\/vocesparalelas.com.ar\/sitio\/wp-json\/wp\/v2\/media\/29852"}],"wp:attachment":[{"href":"https:\/\/vocesparalelas.com.ar\/sitio\/wp-json\/wp\/v2\/media?parent=29850"}],"wp:term":[{"taxonomy":"category","embeddable":true,"href":"https:\/\/vocesparalelas.com.ar\/sitio\/wp-json\/wp\/v2\/categories?post=29850"},{"taxonomy":"post_tag","embeddable":true,"href":"https:\/\/vocesparalelas.com.ar\/sitio\/wp-json\/wp\/v2\/tags?post=29850"}],"curies":[{"name":"wp","href":"https:\/\/api.w.org\/{rel}","templated":true}]}}