{"id":29844,"date":"2020-07-22T22:32:09","date_gmt":"2020-07-23T01:32:09","guid":{"rendered":"http:\/\/vocesparalelas.com.ar\/sitio\/?p=29844"},"modified":"2020-07-22T22:54:04","modified_gmt":"2020-07-23T01:54:04","slug":"se-trabaja-para-finalizar-el-edificio-de-la-escuela-de-capacitacion-laboral-ing-luis-noussan","status":"publish","type":"post","link":"https:\/\/vocesparalelas.com.ar\/sitio\/se-trabaja-para-finalizar-el-edificio-de-la-escuela-de-capacitacion-laboral-ing-luis-noussan\/","title":{"rendered":"Se trabaja para finalizar el edificio de la Escuela de Capacitaci\u00f3n Laboral Ing. Luis Noussan"},"content":{"rendered":"<p>La Direcci\u00f3n de Infraestructura Escolar del Ministerio de Obras y Servicios P\u00fablicos del Gobierno de San Juan est\u00e1 a punto de finalizar los trabajos de sustituci\u00f3n del edificio propio de la Escuela de Capacitaci\u00f3n Laboral Ing. Luis Noussan, Maestro Aciar y Nieto, en la localidad de Campo Afuera, Departamento Albard\u00f3n. Las tareas tienen un avance aproximado del 98% y prometen satisfacer las necesidades planteadas por la comunidad educativa.<\/p>\n<p>El proyecto de esta escuela fue dise\u00f1ado en un nivel, teniendo en cuenta la interrelaci\u00f3n con el conjunto de edificios educativos que funcionan en otros sectores de la manzana y con miras a lograr la independencia funcional de cada espacio. Con tres accesos diferenciados, el edificio posee su ingreso principal sobre esquina Aciar y Nieto, el ingreso secundario sobre calle Anea y el de servicio sobre calle Aciar.<\/p>\n<p>La nueva obra funcionalmente consta de: sector de gobierno (con direcci\u00f3n, vicedirecci\u00f3n, sala de docentes, administrador de redes, sanitario para personas con discapacidad y para personal docente). Adem\u00e1s, sector te\u00f3rico (compuesto por 3 aulas) y sector de talleres (integrado por 5 relativos a industria de la alimentaci\u00f3n, instalaciones el\u00e9ctricas domiciliarias, corte y confecci\u00f3n, carpinter\u00eda y artes gr\u00e1ficas) cada uno con su correspondiente dep\u00f3sito. El sector servicios cuenta con dep\u00f3sito general y maestranza, sanitarios de alumnas y alumnos y pa\u00f1ol de herramientas.<\/p>\n<p>Sumado a ello, la infraestructura tambi\u00e9n cuenta con patio t\u00e9cnico, que incluye una torre met\u00e1lica para tanques de reserva de agua, tanques de cisternas para consumo de agua y servicio contra incendio. El predio posee a su vez un patio c\u00edvico.<\/p>\n<p>El proyecto en su totalidad abarc\u00f3 1.190 m<sup>2<\/sup> de superficie a construida y la obra se desarroll\u00f3 en dos etapas. Las instalaciones contra incendio \u2013mediante hidrantes-, sanitarias, el\u00e9ctricas, de gas y de seguridad como tambi\u00e9n la calefacci\u00f3n con equipos de aires acondicionados fr\u00edo-calor fueron contempladas en la obra.<\/p>\n<p><img loading=\"lazy\" decoding=\"async\" class=\"alignnone wp-image-29846 size-full\" src=\"https:\/\/vocesparalelas.com.ar\/sitio\/wp-content\/uploads\/2020\/07\/ECL-Ing.-Luis-Noussan-01.jpg\" alt=\"\" width=\"800\" height=\"534\" srcset=\"https:\/\/vocesparalelas.com.ar\/sitio\/wp-content\/uploads\/2020\/07\/ECL-Ing.-Luis-Noussan-01.jpg 800w, https:\/\/vocesparalelas.com.ar\/sitio\/wp-content\/uploads\/2020\/07\/ECL-Ing.-Luis-Noussan-01-300x200.jpg 300w, https:\/\/vocesparalelas.com.ar\/sitio\/wp-content\/uploads\/2020\/07\/ECL-Ing.-Luis-Noussan-01-768x513.jpg 768w\" sizes=\"auto, (max-width: 800px) 100vw, 800px\" \/><\/p>\n<p><img loading=\"lazy\" decoding=\"async\" class=\"alignnone wp-image-29847 size-full\" src=\"https:\/\/vocesparalelas.com.ar\/sitio\/wp-content\/uploads\/2020\/07\/ECL-Ing.-Luis-Noussan-02.jpg\" alt=\"\" width=\"800\" height=\"534\" srcset=\"https:\/\/vocesparalelas.com.ar\/sitio\/wp-content\/uploads\/2020\/07\/ECL-Ing.-Luis-Noussan-02.jpg 800w, https:\/\/vocesparalelas.com.ar\/sitio\/wp-content\/uploads\/2020\/07\/ECL-Ing.-Luis-Noussan-02-300x200.jpg 300w, https:\/\/vocesparalelas.com.ar\/sitio\/wp-content\/uploads\/2020\/07\/ECL-Ing.-Luis-Noussan-02-768x513.jpg 768w\" sizes=\"auto, (max-width: 800px) 100vw, 800px\" \/><\/p>\n<p><img loading=\"lazy\" decoding=\"async\" class=\"alignnone wp-image-29848 size-full\" src=\"https:\/\/vocesparalelas.com.ar\/sitio\/wp-content\/uploads\/2020\/07\/ECL-Ing.-Luis-Noussan-03.jpg\" alt=\"\" width=\"800\" height=\"534\" srcset=\"https:\/\/vocesparalelas.com.ar\/sitio\/wp-content\/uploads\/2020\/07\/ECL-Ing.-Luis-Noussan-03.jpg 800w, https:\/\/vocesparalelas.com.ar\/sitio\/wp-content\/uploads\/2020\/07\/ECL-Ing.-Luis-Noussan-03-300x200.jpg 300w, https:\/\/vocesparalelas.com.ar\/sitio\/wp-content\/uploads\/2020\/07\/ECL-Ing.-Luis-Noussan-03-768x513.jpg 768w\" sizes=\"auto, (max-width: 800px) 100vw, 800px\" \/><\/p>\n<p>&nbsp;<\/p>\n<p>&nbsp;<\/p>\n","protected":false},"excerpt":{"rendered":"<p>La Direcci\u00f3n de Infraestructura Escolar del Ministerio de Obras y Servicios P\u00fablicos del Gobierno de San Juan est\u00e1 a punto<\/p>\n","protected":false},"author":3,"featured_media":29845,"comment_status":"closed","ping_status":"closed","sticky":false,"template":"","format":"standard","meta":{"_acf_changed":false,"_seopress_robots_primary_cat":"","_seopress_titles_title":"","_seopress_titles_desc":"","_seopress_robots_index":"","colormag_page_container_layout":"default_layout","colormag_page_sidebar_layout":"default_layout","footnotes":""},"categories":[1],"tags":[],"class_list":["post-29844","post","type-post","status-publish","format-standard","has-post-thumbnail","hentry","category-destacadas"],"acf":[],"_links":{"self":[{"href":"https:\/\/vocesparalelas.com.ar\/sitio\/wp-json\/wp\/v2\/posts\/29844","targetHints":{"allow":["GET"]}}],"collection":[{"href":"https:\/\/vocesparalelas.com.ar\/sitio\/wp-json\/wp\/v2\/posts"}],"about":[{"href":"https:\/\/vocesparalelas.com.ar\/sitio\/wp-json\/wp\/v2\/types\/post"}],"author":[{"embeddable":true,"href":"https:\/\/vocesparalelas.com.ar\/sitio\/wp-json\/wp\/v2\/users\/3"}],"replies":[{"embeddable":true,"href":"https:\/\/vocesparalelas.com.ar\/sitio\/wp-json\/wp\/v2\/comments?post=29844"}],"version-history":[{"count":1,"href":"https:\/\/vocesparalelas.com.ar\/sitio\/wp-json\/wp\/v2\/posts\/29844\/revisions"}],"predecessor-version":[{"id":29849,"href":"https:\/\/vocesparalelas.com.ar\/sitio\/wp-json\/wp\/v2\/posts\/29844\/revisions\/29849"}],"wp:featuredmedia":[{"embeddable":true,"href":"https:\/\/vocesparalelas.com.ar\/sitio\/wp-json\/wp\/v2\/media\/29845"}],"wp:attachment":[{"href":"https:\/\/vocesparalelas.com.ar\/sitio\/wp-json\/wp\/v2\/media?parent=29844"}],"wp:term":[{"taxonomy":"category","embeddable":true,"href":"https:\/\/vocesparalelas.com.ar\/sitio\/wp-json\/wp\/v2\/categories?post=29844"},{"taxonomy":"post_tag","embeddable":true,"href":"https:\/\/vocesparalelas.com.ar\/sitio\/wp-json\/wp\/v2\/tags?post=29844"}],"curies":[{"name":"wp","href":"https:\/\/api.w.org\/{rel}","templated":true}]}}