{"id":29841,"date":"2020-07-22T22:00:08","date_gmt":"2020-07-23T01:00:08","guid":{"rendered":"http:\/\/vocesparalelas.com.ar\/sitio\/?p=29841"},"modified":"2020-07-22T22:00:08","modified_gmt":"2020-07-23T01:00:08","slug":"4-cuota-de-fonid-suma-extraordinaria-de-junio","status":"publish","type":"post","link":"https:\/\/vocesparalelas.com.ar\/sitio\/4-cuota-de-fonid-suma-extraordinaria-de-junio\/","title":{"rendered":"4\u00b0 cuota de FONID suma extraordinaria de junio"},"content":{"rendered":"<p>El Ministerio de Educaci\u00f3n del Gobierno de San Juan informa que el Jueves, 23 de Julio, est\u00e1 disponoble en las cuentas del Banco San Juan de los docentes y que se puede retirar por el cajeros autom\u00e1ticos, la cuarta cuota de FONID suma extraordinaria &#8211; Decreto N\u00b00420-ME-2020, correspondiente al mes de junio de 2020.<\/p>\n","protected":false},"excerpt":{"rendered":"<p>El Ministerio de Educaci\u00f3n del Gobierno de San Juan informa que el Jueves, 23 de Julio, est\u00e1 disponoble en las<\/p>\n","protected":false},"author":3,"featured_media":28416,"comment_status":"closed","ping_status":"closed","sticky":false,"template":"","format":"standard","meta":{"_acf_changed":false,"_seopress_robots_primary_cat":"","_seopress_titles_title":"","_seopress_titles_desc":"","_seopress_robots_index":"","colormag_page_container_layout":"default_layout","colormag_page_sidebar_layout":"default_layout","footnotes":""},"categories":[1],"tags":[],"class_list":["post-29841","post","type-post","status-publish","format-standard","has-post-thumbnail","hentry","category-destacadas"],"acf":[],"_links":{"self":[{"href":"https:\/\/vocesparalelas.com.ar\/sitio\/wp-json\/wp\/v2\/posts\/29841","targetHints":{"allow":["GET"]}}],"collection":[{"href":"https:\/\/vocesparalelas.com.ar\/sitio\/wp-json\/wp\/v2\/posts"}],"about":[{"href":"https:\/\/vocesparalelas.com.ar\/sitio\/wp-json\/wp\/v2\/types\/post"}],"author":[{"embeddable":true,"href":"https:\/\/vocesparalelas.com.ar\/sitio\/wp-json\/wp\/v2\/users\/3"}],"replies":[{"embeddable":true,"href":"https:\/\/vocesparalelas.com.ar\/sitio\/wp-json\/wp\/v2\/comments?post=29841"}],"version-history":[{"count":1,"href":"https:\/\/vocesparalelas.com.ar\/sitio\/wp-json\/wp\/v2\/posts\/29841\/revisions"}],"predecessor-version":[{"id":29842,"href":"https:\/\/vocesparalelas.com.ar\/sitio\/wp-json\/wp\/v2\/posts\/29841\/revisions\/29842"}],"wp:featuredmedia":[{"embeddable":true,"href":"https:\/\/vocesparalelas.com.ar\/sitio\/wp-json\/wp\/v2\/media\/28416"}],"wp:attachment":[{"href":"https:\/\/vocesparalelas.com.ar\/sitio\/wp-json\/wp\/v2\/media?parent=29841"}],"wp:term":[{"taxonomy":"category","embeddable":true,"href":"https:\/\/vocesparalelas.com.ar\/sitio\/wp-json\/wp\/v2\/categories?post=29841"},{"taxonomy":"post_tag","embeddable":true,"href":"https:\/\/vocesparalelas.com.ar\/sitio\/wp-json\/wp\/v2\/tags?post=29841"}],"curies":[{"name":"wp","href":"https:\/\/api.w.org\/{rel}","templated":true}]}}