{"id":29837,"date":"2020-07-22T21:56:57","date_gmt":"2020-07-23T00:56:57","guid":{"rendered":"http:\/\/vocesparalelas.com.ar\/sitio\/?p=29837"},"modified":"2020-07-24T00:53:25","modified_gmt":"2020-07-24T03:53:25","slug":"inscripciones-becas-para-el-curso-intensivo-de-aleman","status":"publish","type":"post","link":"https:\/\/vocesparalelas.com.ar\/sitio\/inscripciones-becas-para-el-curso-intensivo-de-aleman\/","title":{"rendered":"Inscripciones becas para el curso intensivo de alem\u00e1n"},"content":{"rendered":"<p>La Secretar\u00eda de Posgrado y Relaciones Internacionales de la Universidad Nacional de San Juan abre el plazo de inscripci\u00f3n, online, para las becas de idiomas Alem\u00e1n, Nivel A1 y A2 ofertadas en colaboraci\u00f3n con la Fundaci\u00f3n Instituto Alem\u00e1n \u2013Goethe Zentrum San Juan.<\/p>\n<p><span style=\"color: #ff6600;\"><strong>Beneficiarios<\/strong><\/span><\/p>\n<p>Alumnos regulares de la Universidad Nacional de San Juan.<\/p>\n<p>Modalidad: Una beca completa (100%) y una media beca (50%), para cada una de las facultades y la Escuela Universitaria de Ciencias de la Salud.<\/p>\n<p><span style=\"color: #ff6600;\"><strong>Informes e Inscripci\u00f3n<\/strong><\/span><\/p>\n<p>Secretar\u00eda de Posgrado y Relaciones Internacionales, enviando online, en formato PDF, la siguiente documentaci\u00f3n a<\/p>\n<p style=\"text-align: center;\"><a href=\"cooperacion@unsj.edu.ar\">cooperacion@unsj.edu.ar<\/a><\/p>\n<ul>\n<li>Formulario de inscripci\u00f3n completo (Se adjunta modelo)<\/li>\n<li>Certificado Alumno regular<\/li>\n<li>Certificado anal\u00edtico (con aplazos)<\/li>\n<\/ul>\n<p>Fecha l\u00edmite recepci\u00f3n de documentaci\u00f3n: martes 28 de Julio de 2020.<\/p>\n<p>Fecha comunicaci\u00f3n resultados: 31 de Julio, a trav\u00e9s de correo electr\u00f3nico.<\/p>\n<p>Inicio de clases: lunes 03 de agosto<\/p>\n<p><span style=\"color: #ff6600;\"><strong>Horarios<\/strong><\/span><\/p>\n<ul>\n<li><strong><span style=\"color: #ff6600;\">Alem\u00e1n Nivel A1:<\/span><\/strong> Lunes, Martes y Jueves de 15 a 17 hs.<\/li>\n<li><strong><span style=\"color: #ff6600;\">Alem\u00e1n A2:<\/span> <\/strong>Lunes, Martes y Mi\u00e9rcoles de 15 a 17 hs.<\/li>\n<li><strong><span style=\"color: #ff6600;\">Inscripci\u00f3n:<\/span><\/strong>$1.000<\/li>\n<li><strong><span style=\"color: #ff6600;\">Costo mensual:<\/span><\/strong> $3.800<\/li>\n<li><strong><span style=\"color: #ff6600;\">Formulario inscripci\u00f3n:<\/span> <\/strong>Formulario 2do Semestre 2020 Inscripci\u00f3n Curso Idiomas.docx<\/li>\n<\/ul>\n<p><span style=\"color: #ff6600;\"><strong>Archivos<\/strong><\/span><\/p>\n<p><a href=\"https:\/\/vocesparalelas.com.ar\/sitio\/wp-content\/uploads\/2020\/07\/Formulario_2do_Semestre_2020_Inscripci\u00f3n_Curso_Idiomas_5042_0.docx\">Formulario_2do_Semestre_2020_Inscripci\u00f3n_Curso_Idiomas_5042_0<\/a><\/p>\n<p>&nbsp;<\/p>\n<p><img loading=\"lazy\" decoding=\"async\" class=\"alignnone wp-image-29839 size-full\" src=\"https:\/\/vocesparalelas.com.ar\/sitio\/wp-content\/uploads\/2020\/07\/ALEMAN-BECAS.jpg\" alt=\"\" width=\"800\" height=\"600\" srcset=\"https:\/\/vocesparalelas.com.ar\/sitio\/wp-content\/uploads\/2020\/07\/ALEMAN-BECAS.jpg 800w, https:\/\/vocesparalelas.com.ar\/sitio\/wp-content\/uploads\/2020\/07\/ALEMAN-BECAS-300x225.jpg 300w, https:\/\/vocesparalelas.com.ar\/sitio\/wp-content\/uploads\/2020\/07\/ALEMAN-BECAS-768x576.jpg 768w\" sizes=\"auto, (max-width: 800px) 100vw, 800px\" \/><\/p>\n","protected":false},"excerpt":{"rendered":"<p>La Secretar\u00eda de Posgrado y Relaciones Internacionales de la Universidad Nacional de San Juan abre el plazo de inscripci\u00f3n, online,<\/p>\n","protected":false},"author":3,"featured_media":27682,"comment_status":"closed","ping_status":"closed","sticky":false,"template":"","format":"standard","meta":{"_acf_changed":false,"_seopress_robots_primary_cat":"","_seopress_titles_title":"","_seopress_titles_desc":"","_seopress_robots_index":"","colormag_page_container_layout":"default_layout","colormag_page_sidebar_layout":"default_layout","footnotes":""},"categories":[9],"tags":[],"class_list":["post-29837","post","type-post","status-publish","format-standard","has-post-thumbnail","hentry","category-cursos"],"acf":[],"_links":{"self":[{"href":"https:\/\/vocesparalelas.com.ar\/sitio\/wp-json\/wp\/v2\/posts\/29837","targetHints":{"allow":["GET"]}}],"collection":[{"href":"https:\/\/vocesparalelas.com.ar\/sitio\/wp-json\/wp\/v2\/posts"}],"about":[{"href":"https:\/\/vocesparalelas.com.ar\/sitio\/wp-json\/wp\/v2\/types\/post"}],"author":[{"embeddable":true,"href":"https:\/\/vocesparalelas.com.ar\/sitio\/wp-json\/wp\/v2\/users\/3"}],"replies":[{"embeddable":true,"href":"https:\/\/vocesparalelas.com.ar\/sitio\/wp-json\/wp\/v2\/comments?post=29837"}],"version-history":[{"count":1,"href":"https:\/\/vocesparalelas.com.ar\/sitio\/wp-json\/wp\/v2\/posts\/29837\/revisions"}],"predecessor-version":[{"id":29840,"href":"https:\/\/vocesparalelas.com.ar\/sitio\/wp-json\/wp\/v2\/posts\/29837\/revisions\/29840"}],"wp:featuredmedia":[{"embeddable":true,"href":"https:\/\/vocesparalelas.com.ar\/sitio\/wp-json\/wp\/v2\/media\/27682"}],"wp:attachment":[{"href":"https:\/\/vocesparalelas.com.ar\/sitio\/wp-json\/wp\/v2\/media?parent=29837"}],"wp:term":[{"taxonomy":"category","embeddable":true,"href":"https:\/\/vocesparalelas.com.ar\/sitio\/wp-json\/wp\/v2\/categories?post=29837"},{"taxonomy":"post_tag","embeddable":true,"href":"https:\/\/vocesparalelas.com.ar\/sitio\/wp-json\/wp\/v2\/tags?post=29837"}],"curies":[{"name":"wp","href":"https:\/\/api.w.org\/{rel}","templated":true}]}}