{"id":29834,"date":"2020-07-22T21:24:43","date_gmt":"2020-07-23T00:24:43","guid":{"rendered":"http:\/\/vocesparalelas.com.ar\/sitio\/?p=29834"},"modified":"2020-07-22T23:38:31","modified_gmt":"2020-07-23T02:38:31","slug":"san-juan-y-mendoza-fortalecen-controles-en-pasos-alternativos-frente-al-covid-19","status":"publish","type":"post","link":"https:\/\/vocesparalelas.com.ar\/sitio\/san-juan-y-mendoza-fortalecen-controles-en-pasos-alternativos-frente-al-covid-19\/","title":{"rendered":"San Juan y Mendoza fortalecen controles en pasos alternativos frente al COVID &#8211; 19"},"content":{"rendered":"<p>El Comit\u00e9 COVID-19 San Juan redobla esfuerzos para controlar el ingreso a la provincia. En San Juan existen tres corredores viales sanitarios seguros para el ingreso y egreso del territorio. Todo otro paso por v\u00eda terrestre a nuestra provincia es considerado paso lim\u00edtrofe no habilitado como Corredor Sanitario Seguro.<\/p>\n<p>Acorde a estos lineamientos, la Polic\u00eda de San Juan extrema medidas de control en los denominados \u201ccaminos alternativos\u201d.<\/p>\n<p>El jefe de la fuerza de seguridad provincial, Luis Mart\u00ednez explic\u00f3 que en esos operativos est\u00e1n afectados el personal del grupo G.E.R.A.S, Guardia de Infanter\u00eda, Canes y Montada y efectivos de las distintas comisar\u00edas departamentales.<\/p>\n<p>Anunci\u00f3 que con la Polic\u00eda de Mendoza, se trabajar\u00e1 en forma conjunta para llevar adelante el control de esos caminos. \u201cCon el director general de la Polic\u00eda de Mendoza, Crio. Gral. Roberto Munives, acordamos realizar estos operativos en forma conjunta. Nosotros en la zona sur de San Juan y ellos en la zona norte, coordinando estrategias para detectar y neutralizar cualquier acci\u00f3n de cualquier ciudadano que intente cruzar en forma clandestina desde Mendoza hacia San Juan y viceversa\u201d, dijo Mart\u00ednez.<\/p>\n<p><strong><span style=\"color: #ff0000;\">Corredores viales seguros<\/span><\/strong><\/p>\n<p>Los tres corredores viales sanitarios seguros para la conexi\u00f3n con provincias lim\u00edtrofes son:<\/p>\n<ul>\n<li>Con la provincia de Mendoza: la ruta nacional 40 con controles en San Carlos.<\/li>\n<li>Con la Provincia de San Luis: la ruta nacional 20 con controles en El Enc\u00f3n.<\/li>\n<li>Con la Provincia de La Rioja: en la intersecci\u00f3n de la ruta provincial 150 y ruta nacional 141, con control en Marayes.<\/li>\n<li>Horario de ingreso: 08:00, 15:00 y 23:00 horas.<\/li>\n<li>En el horario previsto la columna de veh\u00edculos parte escoltada por personal de la fuerza policial hasta la Terminal. Se realiza el procedimiento sanitario estipulado y los controles m\u00e9dicos correspondiente. Los particulares que lleguen a cada control deben aguardar a los horarios citados.<\/li>\n<\/ul>\n<p>Cabe destacar que, conforme a lo dispuesto por decreto provincial, todas las personas que ingresen a la provincia ser\u00e1n trasladadas a hoteles para cumplir con la cuarentena obligatoria durante 14 d\u00edas.<\/p>\n<p>&nbsp;<\/p>\n<p>&nbsp;<\/p>\n<p>&nbsp;<\/p>\n<p>&nbsp;<\/p>\n","protected":false},"excerpt":{"rendered":"<p>El Comit\u00e9 COVID-19 San Juan redobla esfuerzos para controlar el ingreso a la provincia. En San Juan existen tres corredores<\/p>\n","protected":false},"author":3,"featured_media":29835,"comment_status":"closed","ping_status":"closed","sticky":false,"template":"","format":"standard","meta":{"_acf_changed":false,"_seopress_robots_primary_cat":"","_seopress_titles_title":"","_seopress_titles_desc":"","_seopress_robots_index":"","colormag_page_container_layout":"default_layout","colormag_page_sidebar_layout":"default_layout","footnotes":""},"categories":[6],"tags":[],"class_list":["post-29834","post","type-post","status-publish","format-standard","has-post-thumbnail","hentry","category-eventos"],"acf":[],"_links":{"self":[{"href":"https:\/\/vocesparalelas.com.ar\/sitio\/wp-json\/wp\/v2\/posts\/29834","targetHints":{"allow":["GET"]}}],"collection":[{"href":"https:\/\/vocesparalelas.com.ar\/sitio\/wp-json\/wp\/v2\/posts"}],"about":[{"href":"https:\/\/vocesparalelas.com.ar\/sitio\/wp-json\/wp\/v2\/types\/post"}],"author":[{"embeddable":true,"href":"https:\/\/vocesparalelas.com.ar\/sitio\/wp-json\/wp\/v2\/users\/3"}],"replies":[{"embeddable":true,"href":"https:\/\/vocesparalelas.com.ar\/sitio\/wp-json\/wp\/v2\/comments?post=29834"}],"version-history":[{"count":1,"href":"https:\/\/vocesparalelas.com.ar\/sitio\/wp-json\/wp\/v2\/posts\/29834\/revisions"}],"predecessor-version":[{"id":29836,"href":"https:\/\/vocesparalelas.com.ar\/sitio\/wp-json\/wp\/v2\/posts\/29834\/revisions\/29836"}],"wp:featuredmedia":[{"embeddable":true,"href":"https:\/\/vocesparalelas.com.ar\/sitio\/wp-json\/wp\/v2\/media\/29835"}],"wp:attachment":[{"href":"https:\/\/vocesparalelas.com.ar\/sitio\/wp-json\/wp\/v2\/media?parent=29834"}],"wp:term":[{"taxonomy":"category","embeddable":true,"href":"https:\/\/vocesparalelas.com.ar\/sitio\/wp-json\/wp\/v2\/categories?post=29834"},{"taxonomy":"post_tag","embeddable":true,"href":"https:\/\/vocesparalelas.com.ar\/sitio\/wp-json\/wp\/v2\/tags?post=29834"}],"curies":[{"name":"wp","href":"https:\/\/api.w.org\/{rel}","templated":true}]}}