{"id":29831,"date":"2020-07-22T21:17:19","date_gmt":"2020-07-23T00:17:19","guid":{"rendered":"http:\/\/vocesparalelas.com.ar\/sitio\/?p=29831"},"modified":"2020-07-22T21:17:19","modified_gmt":"2020-07-23T00:17:19","slug":"por-justicia-simbolo-de-esperanza-frente-al-dolor","status":"publish","type":"post","link":"https:\/\/vocesparalelas.com.ar\/sitio\/por-justicia-simbolo-de-esperanza-frente-al-dolor\/","title":{"rendered":"Por justicia s\u00edmbolo de esperanza frente al dolor"},"content":{"rendered":"<p>El Jueves, 23 de Julio, a las 12 hs.; en el Lateral de Circunvalaci\u00f3n y Maip\u00fa, Barrio Kenedy, Santa Luc\u00eda, la Agrupaci\u00f3n Familias del Dolor y la Esperanza invita a la comunidad a acompa\u00f1ar a los padres y familiares de Lucio Lahora, a la colocaci\u00f3n del cartel con su nombre para crear consciencia y pedir justicia.<\/p>\n<p>Es importante recordar que Lucio Lahora, un joven de 19 a\u00f1os, falleci\u00f3 como consecuencia de un accidente de tr\u00e1nsito cuando fue atropellado por un automovilista en lateral de avenida de Circunvalaci\u00f3n y Maip\u00fa, Barrio Kenedy, hace un a\u00f1o.<\/p>\n<p>Adem\u00e1s, se invita a los amigos y conocidos de Lucio y su familia a la misa que se realiza el Jueves, 23 de Julio a las 19 hs en la Parroquia de Nuestra Sra. de Tulum, Villa Carolina.<\/p>\n<p>Lucio Ricardo Lahora era un joven deportista que integr\u00f3 el equipo de Futsal del Barrio CGT Rawson. La imprudencia de un tercero, que manej\u00f3 a gran velocidad en plena capital sanjuanina, termin\u00f3 con su vida y sus proyectos.<\/p>\n<p><iframe loading=\"lazy\" title=\"FAMILIA DEL DOLOR Y ESPERANZA\" width=\"800\" height=\"600\" src=\"https:\/\/www.youtube.com\/embed\/J7NJxAIxvvY?feature=oembed\" frameborder=\"0\" allow=\"accelerometer; autoplay; encrypted-media; gyroscope; picture-in-picture\" allowfullscreen><\/iframe><\/p>\n<p>&nbsp;<\/p>\n<p>&nbsp;<\/p>\n<p>&nbsp;<\/p>\n<p>&nbsp;<\/p>\n","protected":false},"excerpt":{"rendered":"<p>El Jueves, 23 de Julio, a las 12 hs.; en el Lateral de Circunvalaci\u00f3n y Maip\u00fa, Barrio Kenedy, Santa Luc\u00eda,<\/p>\n","protected":false},"author":3,"featured_media":29832,"comment_status":"closed","ping_status":"closed","sticky":false,"template":"","format":"video","meta":{"_acf_changed":false,"_seopress_robots_primary_cat":"","_seopress_titles_title":"","_seopress_titles_desc":"","_seopress_robots_index":"","colormag_page_container_layout":"default_layout","colormag_page_sidebar_layout":"default_layout","footnotes":""},"categories":[1,7],"tags":[],"class_list":["post-29831","post","type-post","status-publish","format-video","has-post-thumbnail","hentry","category-destacadas","category-videos","post_format-post-format-video"],"acf":[],"_links":{"self":[{"href":"https:\/\/vocesparalelas.com.ar\/sitio\/wp-json\/wp\/v2\/posts\/29831","targetHints":{"allow":["GET"]}}],"collection":[{"href":"https:\/\/vocesparalelas.com.ar\/sitio\/wp-json\/wp\/v2\/posts"}],"about":[{"href":"https:\/\/vocesparalelas.com.ar\/sitio\/wp-json\/wp\/v2\/types\/post"}],"author":[{"embeddable":true,"href":"https:\/\/vocesparalelas.com.ar\/sitio\/wp-json\/wp\/v2\/users\/3"}],"replies":[{"embeddable":true,"href":"https:\/\/vocesparalelas.com.ar\/sitio\/wp-json\/wp\/v2\/comments?post=29831"}],"version-history":[{"count":1,"href":"https:\/\/vocesparalelas.com.ar\/sitio\/wp-json\/wp\/v2\/posts\/29831\/revisions"}],"predecessor-version":[{"id":29833,"href":"https:\/\/vocesparalelas.com.ar\/sitio\/wp-json\/wp\/v2\/posts\/29831\/revisions\/29833"}],"wp:featuredmedia":[{"embeddable":true,"href":"https:\/\/vocesparalelas.com.ar\/sitio\/wp-json\/wp\/v2\/media\/29832"}],"wp:attachment":[{"href":"https:\/\/vocesparalelas.com.ar\/sitio\/wp-json\/wp\/v2\/media?parent=29831"}],"wp:term":[{"taxonomy":"category","embeddable":true,"href":"https:\/\/vocesparalelas.com.ar\/sitio\/wp-json\/wp\/v2\/categories?post=29831"},{"taxonomy":"post_tag","embeddable":true,"href":"https:\/\/vocesparalelas.com.ar\/sitio\/wp-json\/wp\/v2\/tags?post=29831"}],"curies":[{"name":"wp","href":"https:\/\/api.w.org\/{rel}","templated":true}]}}