{"id":29823,"date":"2020-07-21T23:02:31","date_gmt":"2020-07-22T02:02:31","guid":{"rendered":"http:\/\/vocesparalelas.com.ar\/sitio\/?p=29823"},"modified":"2020-09-25T00:04:36","modified_gmt":"2020-09-25T03:04:36","slug":"concurso-beethoven-250-aniversario","status":"publish","type":"post","link":"https:\/\/vocesparalelas.com.ar\/sitio\/concurso-beethoven-250-aniversario\/","title":{"rendered":"Concurso \u00abBeethoven &#8211; 250\u00b0 Aniversario\u00bb"},"content":{"rendered":"<p>Concurso dedicado a la figura de Ludwig van Beethoven y a su legado musical, en el a\u00f1o del 250\u00b0 aniversario de su nacimiento, organizado por la Fundaci\u00f3n Instituto Alem\u00e1n de San Juan \/ Goethe-Zentrum en cooperaci\u00f3n con el Departamento de M\u00fasica de la Facultad de Filosof\u00eda, Humanidades y Artes de la Universidad Nacional de San Juan.<\/p>\n<p><strong><span style=\"color: #008000;\">Bases y Condiciones del Concurso<\/span><\/strong><\/p>\n<p>El concurso est\u00e1 destinado a instrumentistas y cantantes residentes en la Provincia de San Juan, Argentina.<\/p>\n<p>Los concursantes podr\u00e1n participar en dos categor\u00edas de acuerdo a su edad, enviando links de videos interpretando obras originales de Beethoven.<\/p>\n<p>Se podr\u00e1n postular solistas o d\u00faos. En caso de d\u00faos, ambos integrantes deber\u00e1n cumplir con los requisitos de la categor\u00eda en la que se inscribe el d\u00fao.<\/p>\n<p><strong><span style=\"color: #008000;\">Categor\u00edas<\/span><\/strong><\/p>\n<ul>\n<li><strong><span style=\"color: #008000;\">Categor\u00eda A:<\/span> <\/strong>Hasta 20 a\u00f1os (al 15 de Septiembre de 2020) (Duraci\u00f3n total exigida del material enviado: de 6 a 15 minutos).<\/li>\n<li><span style=\"color: #008000;\"><strong>Categor\u00eda B:<\/strong> <\/span>Hasta 32 a\u00f1os (al 15 de Septiembre de 2020) (Duraci\u00f3n total exigida del material enviado: de 8 a 20 minutos).<\/li>\n<\/ul>\n<p><strong><span style=\"color: #008000;\">Repertorio<\/span><\/strong><\/p>\n<p>Obras originales de Beethoven para un instrumento solo o d\u00faos en sus diferentes formaciones. En caso de obras extensas, se podr\u00e1 enviar uno o dos movimientos.<\/p>\n<p>Normas para la Grabaci\u00f3n y presentaci\u00f3n De Los V\u00eddeos<\/p>\n<p>Todas las grabaciones deben mostrar la cara y las manos de los concursantes.<\/p>\n<p>Los concursantes deben enviar un enlace de YouTube para cada una de las obras. Las mismas se pueden grabar por separado, pero no se permiten ediciones y cortes.<\/p>\n<p>Al principio de cada video, los concursantes deber\u00e1n decir su nombre y categor\u00eda. Por ejemplo: \u00abMi nombre es Ema Paz y este video es para la Categor\u00eda A del Concurso Beethoven &#8211; 250\u00b0 Aniversario\u201d.<\/p>\n<p>El t\u00edtulo del video deber\u00e1 incluir el nombre del o los concursantes, categor\u00eda a la que se presentan y denominaci\u00f3n de las obras.<\/p>\n<p>Los videos de YouTube deber\u00e1n publicarse bajo la categor\u00eda \u00abP\u00fablico\u00bb o \u00abNo listado\u00bb para que el jurado pueda visualizarlos.<\/p>\n<p>Los concursantes no ser\u00e1n juzgados por la calidad de sus instrumentos o equipos de grabaci\u00f3n. Sin embargo, se alienta a que usen el mejor instrumento y equipo de grabaci\u00f3n que tengan disponible.<\/p>\n<p><span style=\"color: #008000;\"><strong>Premios<\/strong><\/span><\/p>\n<p>1\u00b0 Premio Categor\u00edas A y B:<\/p>\n<ul>\n<li>Diploma<\/li>\n<li><span style=\"line-height: 1.5;\">Beca completa de la Fundaci\u00f3n Instituto Alem\u00e1n de San Juan por un curso de idioma o teatro a elecci\u00f3n entre la oferta educativa del instituto.<\/span><\/li>\n<li><span style=\"line-height: 1.5;\">Una partitura<\/span><\/li>\n<\/ul>\n<p>2\u00b0 Premio Categor\u00edas A y B:<\/p>\n<ul>\n<li>Diploma<\/li>\n<li><span style=\"line-height: 1.5;\">Beca completa de la Fundaci\u00f3n Instituto Alem\u00e1n de San Juan por un curso de idioma o teatro a elecci\u00f3n entre la oferta educativa del instituto.<\/span><\/li>\n<\/ul>\n<p>En caso de d\u00faos, corresponder\u00e1 un premio para cada integrante del mismo.<\/p>\n<p>Los premios pueden ser declarados desiertos en cualquiera de sus categor\u00edas.<\/p>\n<p><strong><span style=\"color: #008000;\">Plazo de Inscripci\u00f3n<\/span><\/strong><\/p>\n<p>El plazo de inscripci\u00f3n estar\u00e1 abierto hasta el 15 de septiembre de 2020, a las 23:59 horas. No se aceptar\u00e1n inscripciones con posterioridad.<\/p>\n<p><strong><span style=\"color: #008000;\">Resultados<\/span><\/strong><\/p>\n<p>Los ganadores del Concurso ser\u00e1n anunciados en las redes sociales de la Fundaci\u00f3n Instituto Alem\u00e1n el 30 de septiembre de 2020.<\/p>\n<p><a href=\"https:\/\/www.facebook.com\/fundacioninstitutoaleman\/\">https:\/\/www.facebook.com\/fundacioninstitutoaleman\/<\/a><\/p>\n<p><a href=\"https:\/\/www.instagram.com\/fundacioninstitutoaleman\/?hl=es-la\">https:\/\/www.instagram.com\/fundacioninstitutoaleman\/?hl=es-la<\/a><\/p>\n<p><strong><span style=\"color: #008000;\">Jurados<\/span><\/strong><\/p>\n<p>El jurado estar\u00e1 integrado por la pianista Laura Daian y el violinista Pablo Pereira<\/p>\n<p><a href=\"https:\/\/www.facebook.com\/DuoPereiraDaian\">https:\/\/www.facebook.com\/DuoPereiraDaian<\/a><\/p>\n<p>La decisi\u00f3n del jurado ser\u00e1 inapelable.<\/p>\n<p><strong><span style=\"color: #008000;\">Aclaraciones<\/span><\/strong><\/p>\n<p>Cualquier situaci\u00f3n no prevista ser\u00e1 resuelta por el comit\u00e9 organizador.<\/p>\n<p>La Fundaci\u00f3n Instituto Alem\u00e1n se compromete a no difundir los videos sin el expreso consentimiento de los creadores.<\/p>\n<p><img loading=\"lazy\" decoding=\"async\" class=\"alignnone wp-image-29824 size-full\" src=\"https:\/\/vocesparalelas.com.ar\/sitio\/wp-content\/uploads\/2020\/07\/BEETHOVEN.jpg\" alt=\"\" width=\"800\" height=\"800\" srcset=\"https:\/\/vocesparalelas.com.ar\/sitio\/wp-content\/uploads\/2020\/07\/BEETHOVEN.jpg 800w, https:\/\/vocesparalelas.com.ar\/sitio\/wp-content\/uploads\/2020\/07\/BEETHOVEN-300x300.jpg 300w, https:\/\/vocesparalelas.com.ar\/sitio\/wp-content\/uploads\/2020\/07\/BEETHOVEN-150x150.jpg 150w, https:\/\/vocesparalelas.com.ar\/sitio\/wp-content\/uploads\/2020\/07\/BEETHOVEN-768x768.jpg 768w\" sizes=\"auto, (max-width: 800px) 100vw, 800px\" \/><\/p>\n<p>&nbsp;<\/p>\n<p>&nbsp;<\/p>\n<p><iframe loading=\"lazy\" title=\"CONCURSO BEETHOVEN\" width=\"800\" height=\"600\" src=\"https:\/\/www.youtube.com\/embed\/tehVLq5poe4?feature=oembed\" frameborder=\"0\" allow=\"accelerometer; autoplay; clipboard-write; encrypted-media; gyroscope; picture-in-picture\" allowfullscreen><\/iframe><\/p>\n","protected":false},"excerpt":{"rendered":"<p>Concurso dedicado a la figura de Ludwig van Beethoven y a su legado musical, en el a\u00f1o del 250\u00b0 aniversario<\/p>\n","protected":false},"author":3,"featured_media":29825,"comment_status":"closed","ping_status":"closed","sticky":false,"template":"","format":"video","meta":{"_acf_changed":false,"_seopress_robots_primary_cat":"","_seopress_titles_title":"","_seopress_titles_desc":"","_seopress_robots_index":"","colormag_page_container_layout":"default_layout","colormag_page_sidebar_layout":"default_layout","footnotes":""},"categories":[8,7],"tags":[],"class_list":["post-29823","post","type-post","status-publish","format-video","has-post-thumbnail","hentry","category-concursos","category-videos","post_format-post-format-video"],"acf":[],"_links":{"self":[{"href":"https:\/\/vocesparalelas.com.ar\/sitio\/wp-json\/wp\/v2\/posts\/29823","targetHints":{"allow":["GET"]}}],"collection":[{"href":"https:\/\/vocesparalelas.com.ar\/sitio\/wp-json\/wp\/v2\/posts"}],"about":[{"href":"https:\/\/vocesparalelas.com.ar\/sitio\/wp-json\/wp\/v2\/types\/post"}],"author":[{"embeddable":true,"href":"https:\/\/vocesparalelas.com.ar\/sitio\/wp-json\/wp\/v2\/users\/3"}],"replies":[{"embeddable":true,"href":"https:\/\/vocesparalelas.com.ar\/sitio\/wp-json\/wp\/v2\/comments?post=29823"}],"version-history":[{"count":2,"href":"https:\/\/vocesparalelas.com.ar\/sitio\/wp-json\/wp\/v2\/posts\/29823\/revisions"}],"predecessor-version":[{"id":31321,"href":"https:\/\/vocesparalelas.com.ar\/sitio\/wp-json\/wp\/v2\/posts\/29823\/revisions\/31321"}],"wp:featuredmedia":[{"embeddable":true,"href":"https:\/\/vocesparalelas.com.ar\/sitio\/wp-json\/wp\/v2\/media\/29825"}],"wp:attachment":[{"href":"https:\/\/vocesparalelas.com.ar\/sitio\/wp-json\/wp\/v2\/media?parent=29823"}],"wp:term":[{"taxonomy":"category","embeddable":true,"href":"https:\/\/vocesparalelas.com.ar\/sitio\/wp-json\/wp\/v2\/categories?post=29823"},{"taxonomy":"post_tag","embeddable":true,"href":"https:\/\/vocesparalelas.com.ar\/sitio\/wp-json\/wp\/v2\/tags?post=29823"}],"curies":[{"name":"wp","href":"https:\/\/api.w.org\/{rel}","templated":true}]}}