{"id":29820,"date":"2020-07-21T22:41:18","date_gmt":"2020-07-22T01:41:18","guid":{"rendered":"http:\/\/vocesparalelas.com.ar\/sitio\/?p=29820"},"modified":"2020-07-21T22:41:18","modified_gmt":"2020-07-22T01:41:18","slug":"se-lanza-el-satelite-saocom-1-b","status":"publish","type":"post","link":"https:\/\/vocesparalelas.com.ar\/sitio\/se-lanza-el-satelite-saocom-1-b\/","title":{"rendered":"Se lanza el sat\u00e9lite SAOCOM 1 B"},"content":{"rendered":"<div dir=\"auto\">El S\u00e1bado, 25 de Julio se realiza el lanzamiento del sat\u00e9lite SAOCOM 1 B, dise\u00f1ado y construido en Argentina por argentinos. Se utiliza en la gesti\u00f3n de emergencias naturales como inundaciones, erupciones volc\u00e1nicas, estudio de sismos; y tambi\u00e9n para optimizaci\u00f3n de la Agricultura, Miner\u00eda, estudios ambientales, entre otras actividades.<\/div>\n<div dir=\"auto\">\nLa misi\u00f3n SAOCOM &#8211; Sat\u00e9lite Argentino de Observaci\u00f3n con Microondas -, consiste en la puesta en \u00f3rbita de dos constelaciones, &#8211; SAOCOM 1 y SAOCOM 2 -, cada una est\u00e1 compuesta a su vez por dos sat\u00e9lites denominados A y B respectivamente. Estos sat\u00e9lites poseen una compleja tecnolog\u00eda para la observaci\u00f3n de la Tierra, que ayudar\u00e1n por ejemplo a monitorear, prevenir y mitigar cat\u00e1strofes naturales.<\/div>\n<div dir=\"auto\">\nAmbos sat\u00e9lites fueron desarrollados y fabricados en Argentina por la Comisi\u00f3n Nacional de Actividades Espaciales &#8211; CONAE -, junto con la empresa INVAP contratista principal del proyecto, la firma p\u00fablica VENG, la Comisi\u00f3n Nacional de Energ\u00eda At\u00f3mica &#8211; CNEA &#8211; y el Laboratorio GEMA de la Universidad Nacional de La Plata, entre otras 80 empresas de tecnolog\u00eda e instituciones del sistema cient\u00edfico tecnol\u00f3gico del pa\u00eds.<\/div>\n<div dir=\"auto\">\nSAOCOM 1A fue lanzado de manera exitosa en octubre de 2018, el segundo &#8211; AOCOM 1B &#8211; iba a ser puesto en \u00f3rbita en marzo de este a\u00f1o, pero debido a la emergencia sanitaria por la pandemia del COVID-19 tuvo que posponerse. La buena noticia es que hay nueva fecha para el evento, si todo marcha seg\u00fan lo esperado el lanzamiento de SAOCOM 1B ser\u00e1 en un cohete Falcon 9 de la empresa de Elon Musk, el S\u00e1bado, 25 de Julio, a las 20.20 hs.; hora argentina, desde Cabo Ca\u00f1averal, Florida.<\/div>\n<div dir=\"auto\">\nEl sat\u00e9lite SAOCOM 1B que fue desarrollado en nuestro pa\u00eds y comenz\u00f3 a ser ensamblado en 2015, inici\u00f3 su viaje desde la sede de INVAP de San Carlos de Bariloche hacia la Florida el 21 de Febrero de 2020.<\/div>\n<div dir=\"auto\"><\/div>\n<div dir=\"auto\">Lamentablemente el equipo de cient\u00edficos no pudo seguir adelante con este proyecto aquel mes, las operaciones se vieron postergadas por la aparici\u00f3n del virus.<\/div>\n<div dir=\"auto\">\n<strong><span style=\"color: #008000;\">M\u00e1s informaci\u00f3n<\/span><\/strong><\/div>\n<div dir=\"auto\">\n<a href=\"http:\/\/eteored.com.ar\/noticias\/actualidad\/segui-el-lanzamiento-del-satelite-argentino-para-la-ciencia-saocom-1b.html?fbclid=IwAR3DXFJMs9KCHjirn764yM3dEXHYv1dDxbpzm_TNBxZfC6gUTGLAWRHTmp8\">eteored.com.ar\/noticias\/actualidad\/segui-el-lanzamiento-del-satelite-argentino-para-la-ciencia-saocom-1b.html?fbclid=IwAR3DXFJMs9KCHjirn764yM3dEXHYv1dDxbpzm_TNBxZfC6gUTGLAWRHTmp8<\/a><\/div>\n<div id=\"DAB4FAD8-2DD7-40BB-A1B8-4E2AA1F9FDF2\">\n<table>\n<tbody>\n<tr>\n<td><a href=\"http:\/\/www.avg.com\/email-signature?utm_medium=email&amp;utm_source=link&amp;utm_campaign=sig-email&amp;utm_content=emailclient\" target=\"_blank\" rel=\"noopener noreferrer\"><img loading=\"lazy\" decoding=\"async\" src=\"https:\/\/ipmcdn.avast.com\/images\/icons\/icon-envelope-tick-green-avg-v1.png\" alt=\"\" width=\"46\" height=\"29\" \/><\/a><\/td>\n<td style=\"line-height: 18px; width: 470px; font-family: Arial, Helvetica, sans-serif; color: #41424e; font-size: 13px; padding-top: 17px;\">Libre de virus. <a href=\"http:\/\/www.avg.com\/email-signature?utm_medium=email&amp;utm_source=link&amp;utm_campaign=sig-email&amp;utm_content=emailclient\" target=\"_blank\" rel=\"noopener noreferrer\">www.avg.com<\/a><\/td>\n<\/tr>\n<\/tbody>\n<\/table>\n<\/div>\n","protected":false},"excerpt":{"rendered":"<p>El S\u00e1bado, 25 de Julio se realiza el lanzamiento del sat\u00e9lite SAOCOM 1 B, dise\u00f1ado y construido en Argentina por<\/p>\n","protected":false},"author":3,"featured_media":29821,"comment_status":"closed","ping_status":"closed","sticky":false,"template":"","format":"standard","meta":{"_acf_changed":false,"_seopress_robots_primary_cat":"","_seopress_titles_title":"","_seopress_titles_desc":"","_seopress_robots_index":"","colormag_page_container_layout":"default_layout","colormag_page_sidebar_layout":"default_layout","footnotes":""},"categories":[20],"tags":[],"class_list":["post-29820","post","type-post","status-publish","format-standard","has-post-thumbnail","hentry","category-cartelera"],"acf":[],"_links":{"self":[{"href":"https:\/\/vocesparalelas.com.ar\/sitio\/wp-json\/wp\/v2\/posts\/29820","targetHints":{"allow":["GET"]}}],"collection":[{"href":"https:\/\/vocesparalelas.com.ar\/sitio\/wp-json\/wp\/v2\/posts"}],"about":[{"href":"https:\/\/vocesparalelas.com.ar\/sitio\/wp-json\/wp\/v2\/types\/post"}],"author":[{"embeddable":true,"href":"https:\/\/vocesparalelas.com.ar\/sitio\/wp-json\/wp\/v2\/users\/3"}],"replies":[{"embeddable":true,"href":"https:\/\/vocesparalelas.com.ar\/sitio\/wp-json\/wp\/v2\/comments?post=29820"}],"version-history":[{"count":1,"href":"https:\/\/vocesparalelas.com.ar\/sitio\/wp-json\/wp\/v2\/posts\/29820\/revisions"}],"predecessor-version":[{"id":29822,"href":"https:\/\/vocesparalelas.com.ar\/sitio\/wp-json\/wp\/v2\/posts\/29820\/revisions\/29822"}],"wp:featuredmedia":[{"embeddable":true,"href":"https:\/\/vocesparalelas.com.ar\/sitio\/wp-json\/wp\/v2\/media\/29821"}],"wp:attachment":[{"href":"https:\/\/vocesparalelas.com.ar\/sitio\/wp-json\/wp\/v2\/media?parent=29820"}],"wp:term":[{"taxonomy":"category","embeddable":true,"href":"https:\/\/vocesparalelas.com.ar\/sitio\/wp-json\/wp\/v2\/categories?post=29820"},{"taxonomy":"post_tag","embeddable":true,"href":"https:\/\/vocesparalelas.com.ar\/sitio\/wp-json\/wp\/v2\/tags?post=29820"}],"curies":[{"name":"wp","href":"https:\/\/api.w.org\/{rel}","templated":true}]}}