{"id":29818,"date":"2020-07-21T22:18:15","date_gmt":"2020-07-22T01:18:15","guid":{"rendered":"http:\/\/vocesparalelas.com.ar\/sitio\/?p=29818"},"modified":"2020-07-21T22:18:15","modified_gmt":"2020-07-22T01:18:15","slug":"atencion-pediatrica-gratuita-2","status":"publish","type":"post","link":"https:\/\/vocesparalelas.com.ar\/sitio\/atencion-pediatrica-gratuita-2\/","title":{"rendered":"Atenci\u00f3n Pedi\u00e1trica Gratuita"},"content":{"rendered":"<p>La Municipalidad de Rivadavia informa que el \u00c1rea Salud realiza atenci\u00f3n pedi\u00e1trica de forma permanente, para quienes no cuenten con cobertura m\u00e9dica.<\/p>\n<p>Los Mi\u00e9rcoles, de 10 a 12 hs.<\/p>\n<p><span style=\"color: #008000;\"><strong>Para pedir turno<\/strong><\/span><\/p>\n<p>Comunicarse al 2644124403. @ Rivadavia, San Juan, Argentina.<\/p>\n<p>&nbsp;<\/p>\n<p><img loading=\"lazy\" decoding=\"async\" class=\"alignnone wp-image-27131 size-large\" src=\"https:\/\/vocesparalelas.com.ar\/sitio\/wp-content\/uploads\/2020\/03\/RIVADAVIA-FRENTE-10-800x600.jpg\" alt=\"\" width=\"800\" height=\"600\" srcset=\"https:\/\/vocesparalelas.com.ar\/sitio\/wp-content\/uploads\/2020\/03\/RIVADAVIA-FRENTE-10.jpg 800w, https:\/\/vocesparalelas.com.ar\/sitio\/wp-content\/uploads\/2020\/03\/RIVADAVIA-FRENTE-10-300x225.jpg 300w, https:\/\/vocesparalelas.com.ar\/sitio\/wp-content\/uploads\/2020\/03\/RIVADAVIA-FRENTE-10-768x576.jpg 768w\" sizes=\"auto, (max-width: 800px) 100vw, 800px\" \/><\/p>\n","protected":false},"excerpt":{"rendered":"<p>La Municipalidad de Rivadavia informa que el \u00c1rea Salud realiza atenci\u00f3n pedi\u00e1trica de forma permanente, para quienes no cuenten con<\/p>\n","protected":false},"author":3,"featured_media":28744,"comment_status":"closed","ping_status":"closed","sticky":false,"template":"","format":"standard","meta":{"_acf_changed":false,"_seopress_robots_primary_cat":"","_seopress_titles_title":"","_seopress_titles_desc":"","_seopress_robots_index":"","colormag_page_container_layout":"default_layout","colormag_page_sidebar_layout":"default_layout","footnotes":""},"categories":[6],"tags":[],"class_list":["post-29818","post","type-post","status-publish","format-standard","has-post-thumbnail","hentry","category-eventos"],"acf":[],"_links":{"self":[{"href":"https:\/\/vocesparalelas.com.ar\/sitio\/wp-json\/wp\/v2\/posts\/29818","targetHints":{"allow":["GET"]}}],"collection":[{"href":"https:\/\/vocesparalelas.com.ar\/sitio\/wp-json\/wp\/v2\/posts"}],"about":[{"href":"https:\/\/vocesparalelas.com.ar\/sitio\/wp-json\/wp\/v2\/types\/post"}],"author":[{"embeddable":true,"href":"https:\/\/vocesparalelas.com.ar\/sitio\/wp-json\/wp\/v2\/users\/3"}],"replies":[{"embeddable":true,"href":"https:\/\/vocesparalelas.com.ar\/sitio\/wp-json\/wp\/v2\/comments?post=29818"}],"version-history":[{"count":1,"href":"https:\/\/vocesparalelas.com.ar\/sitio\/wp-json\/wp\/v2\/posts\/29818\/revisions"}],"predecessor-version":[{"id":29819,"href":"https:\/\/vocesparalelas.com.ar\/sitio\/wp-json\/wp\/v2\/posts\/29818\/revisions\/29819"}],"wp:featuredmedia":[{"embeddable":true,"href":"https:\/\/vocesparalelas.com.ar\/sitio\/wp-json\/wp\/v2\/media\/28744"}],"wp:attachment":[{"href":"https:\/\/vocesparalelas.com.ar\/sitio\/wp-json\/wp\/v2\/media?parent=29818"}],"wp:term":[{"taxonomy":"category","embeddable":true,"href":"https:\/\/vocesparalelas.com.ar\/sitio\/wp-json\/wp\/v2\/categories?post=29818"},{"taxonomy":"post_tag","embeddable":true,"href":"https:\/\/vocesparalelas.com.ar\/sitio\/wp-json\/wp\/v2\/tags?post=29818"}],"curies":[{"name":"wp","href":"https:\/\/api.w.org\/{rel}","templated":true}]}}