{"id":29810,"date":"2020-07-21T21:48:31","date_gmt":"2020-07-22T00:48:31","guid":{"rendered":"http:\/\/vocesparalelas.com.ar\/sitio\/?p=29810"},"modified":"2020-07-22T23:37:56","modified_gmt":"2020-07-23T02:37:56","slug":"inscripciones-para-vender-en-la-tienda-san-juan-de-mercado-libre","status":"publish","type":"post","link":"https:\/\/vocesparalelas.com.ar\/sitio\/inscripciones-para-vender-en-la-tienda-san-juan-de-mercado-libre\/","title":{"rendered":"Inscripciones para vender en la tienda San Juan de Mercado Libre"},"content":{"rendered":"<p>El Ministerio de Producci\u00f3n y Desarrollo Econ\u00f3mico del Gobierno de San Juan informa que est\u00e1 disponible la inscripci\u00f3n para quienes deseen formar parte de la Tienda San Juan en Mercado Libre.<\/p>\n<p>Los interesados deben ingresar sus datos en<\/p>\n<blockquote class=\"wp-embedded-content\" data-secret=\"gayeuAMKAr\"><p><a href=\"http:\/\/agenciacalidadsanjuan.com.ar\/mercado-libre-san-juan\/\">Mercado Libre San Juan<\/a><\/p><\/blockquote>\n<p><iframe loading=\"lazy\" class=\"wp-embedded-content\" sandbox=\"allow-scripts\" security=\"restricted\" style=\"position: absolute; clip: rect(1px, 1px, 1px, 1px);\" title=\"\u00abMercado Libre San Juan\u00bb \u2014 Agencia Calidad San Juan\" src=\"http:\/\/agenciacalidadsanjuan.com.ar\/mercado-libre-san-juan\/embed\/#?secret=gayeuAMKAr\" data-secret=\"gayeuAMKAr\" width=\"600\" height=\"338\" frameborder=\"0\" marginwidth=\"0\" marginheight=\"0\" scrolling=\"no\"><\/iframe><\/p>\n<p>&nbsp;<\/p>\n<p>Para formar parte de este espacio, deber\u00e1n tener un local habilitado para ventas o elaborar productos en San Juan.<\/p>\n<p>Adem\u00e1s, deben registrarse en la plataforma de Mercado Libre como empresa, cumpliendo con los lineamientos requeridos por esa firma; tener al menos 10 publicaciones como vendedor y completar el formulario de inscripci\u00f3n.<\/p>\n<p>El programa brinda a los vendedores la posibilidad de tener un espacio exclusivo de venta dentro de Mercado Libre y el que compra tendr\u00e1 la seguridad de que este sitio ofrece productos y servicios de elaboraci\u00f3n sanjuanina. Adem\u00e1s, en el caso de los compradores sanjuaninos, se evitan costos log\u00edsticos y de entrega ya que los productos pueden retirarlos por las tienda directamente.<\/p>\n<p>Este espacio es gratuito para todos los comercios y pymes sanjuaninas, s\u00f3lo deber\u00e1n pagar las condiciones de venta a trav\u00e9s de Mercado Libre que es la comisi\u00f3n que ellos cobran como si fuese cualquier otra transacci\u00f3n entre p\u00fablicos y privados.<\/p>\n<p><span style=\"color: #ff0000;\"><strong>Informes<\/strong><\/span><\/p>\n<p>Agencia Calidad San Juan. 4274391\/4274191<\/p>\n","protected":false},"excerpt":{"rendered":"<p>El Ministerio de Producci\u00f3n y Desarrollo Econ\u00f3mico del Gobierno de San Juan informa que est\u00e1 disponible la inscripci\u00f3n para quienes<\/p>\n","protected":false},"author":3,"featured_media":29811,"comment_status":"closed","ping_status":"closed","sticky":false,"template":"","format":"standard","meta":{"_acf_changed":false,"_seopress_robots_primary_cat":"","_seopress_titles_title":"","_seopress_titles_desc":"","_seopress_robots_index":"","colormag_page_container_layout":"default_layout","colormag_page_sidebar_layout":"default_layout","footnotes":""},"categories":[2],"tags":[],"class_list":["post-29810","post","type-post","status-publish","format-standard","has-post-thumbnail","hentry","category-convocatorias"],"acf":[],"_links":{"self":[{"href":"https:\/\/vocesparalelas.com.ar\/sitio\/wp-json\/wp\/v2\/posts\/29810","targetHints":{"allow":["GET"]}}],"collection":[{"href":"https:\/\/vocesparalelas.com.ar\/sitio\/wp-json\/wp\/v2\/posts"}],"about":[{"href":"https:\/\/vocesparalelas.com.ar\/sitio\/wp-json\/wp\/v2\/types\/post"}],"author":[{"embeddable":true,"href":"https:\/\/vocesparalelas.com.ar\/sitio\/wp-json\/wp\/v2\/users\/3"}],"replies":[{"embeddable":true,"href":"https:\/\/vocesparalelas.com.ar\/sitio\/wp-json\/wp\/v2\/comments?post=29810"}],"version-history":[{"count":1,"href":"https:\/\/vocesparalelas.com.ar\/sitio\/wp-json\/wp\/v2\/posts\/29810\/revisions"}],"predecessor-version":[{"id":29812,"href":"https:\/\/vocesparalelas.com.ar\/sitio\/wp-json\/wp\/v2\/posts\/29810\/revisions\/29812"}],"wp:featuredmedia":[{"embeddable":true,"href":"https:\/\/vocesparalelas.com.ar\/sitio\/wp-json\/wp\/v2\/media\/29811"}],"wp:attachment":[{"href":"https:\/\/vocesparalelas.com.ar\/sitio\/wp-json\/wp\/v2\/media?parent=29810"}],"wp:term":[{"taxonomy":"category","embeddable":true,"href":"https:\/\/vocesparalelas.com.ar\/sitio\/wp-json\/wp\/v2\/categories?post=29810"},{"taxonomy":"post_tag","embeddable":true,"href":"https:\/\/vocesparalelas.com.ar\/sitio\/wp-json\/wp\/v2\/tags?post=29810"}],"curies":[{"name":"wp","href":"https:\/\/api.w.org\/{rel}","templated":true}]}}