{"id":29807,"date":"2020-07-21T21:38:02","date_gmt":"2020-07-22T00:38:02","guid":{"rendered":"http:\/\/vocesparalelas.com.ar\/sitio\/?p=29807"},"modified":"2020-07-22T22:02:36","modified_gmt":"2020-07-23T01:02:36","slug":"bajo-las-estrellas-en-el-espacio-san-juan-shopping-center","status":"publish","type":"post","link":"https:\/\/vocesparalelas.com.ar\/sitio\/bajo-las-estrellas-en-el-espacio-san-juan-shopping-center\/","title":{"rendered":"Bajo las Estrellas en el Espacio San Juan Shopping Center"},"content":{"rendered":"<p>\u00a1A preparar los pochoclos nuevamente! Se viene otro fin de semana con mucho entretenimiento y esta vez el autocine se traslada a la playa del estacionamiento del Espacio San Juan Shopping Center, en Rivadavia.<\/p>\n<p>En este concurrido lugar instalan al aire libre una amplia pantalla que permite a las familias disfrutar de los \u00faltimos estrenos del cine. Esta propuesta organizada por el Ministerio de Turismo y Cultura del Gobierno de San Juan, en conjunto con Espacio San Juan y CPM Cinemas. Las proyecciones son gratis y los interesados pueden\u00a0adquirir su entrada desde el Mi\u00e9rcoles, v\u00eda online<\/p>\n<p style=\"text-align: center;\"><a href=\"https:\/\/autocinebajolasestrellas.eventbrite.com.ar\">https:\/\/autocinebajolasestrellas.eventbrite.com.ar<\/a><\/p>\n<p>Cabe destacar que el ingreso al autocine es por calle Enrique Mortaloni y est\u00e1 habilitado una hora antes de cada funci\u00f3n, cerrando sus puertas 15 minutos antes del inicio de la pel\u00edcula. Cada espectador debe sintonizar la pel\u00edcula desde su auto marcando el dial en FM 99.9 Radio Metro.<\/p>\n<p>En las funciones del Jueves, 23 al Domingo, 26 de Julio, adem\u00e1s de las pel\u00edculas ya programadas, se suman las tesis de la ENERC producidas durante el 2019. El Jueves est\u00e1 en pantalla \u201cLa Extra\u00f1a\u201d, el viernes \u201cSiesta\u201d, en tanto el s\u00e1bado \u201cSunchos van\u201d y el domingo se presenta \u201cTiempo de cosecha\u201d.<\/p>\n<p><strong><span style=\"color: #008000;\">Pel\u00edculas en cartelera<\/span><\/strong><\/p>\n<p><strong><span style=\"color: #008000;\">Jueves, 23 de Julio<\/span><\/strong><\/p>\n<p style=\"text-align: center;\"><strong><span style=\"color: #008000;\">19:15 hs.; El pr\u00edncipe encantador<\/span><\/strong><\/p>\n<p><iframe loading=\"lazy\" title=\"El pri\u0301ncipe encantador - Trailer espan\u0303ol (HD)\" width=\"800\" height=\"450\" src=\"https:\/\/www.youtube.com\/embed\/3XPLvvco0v0?feature=oembed\" frameborder=\"0\" allow=\"accelerometer; autoplay; encrypted-media; gyroscope; picture-in-picture\" allowfullscreen><\/iframe><\/p>\n<p style=\"text-align: center;\"><span style=\"color: #008000;\"><strong>22:15 hs.; El aro<\/strong><\/span><\/p>\n<p><iframe loading=\"lazy\" title=\"El Aro - Trailer Oficial\" width=\"800\" height=\"450\" src=\"https:\/\/www.youtube.com\/embed\/3-1GGz_gTnQ?feature=oembed\" frameborder=\"0\" allow=\"accelerometer; autoplay; encrypted-media; gyroscope; picture-in-picture\" allowfullscreen><\/iframe><\/p>\n<p><strong><span style=\"color: #008000;\">Viernes, 24 de Julio<\/span><\/strong><\/p>\n<p style=\"text-align: center;\"><span style=\"color: #008000;\"><strong>19:15 hs.; Frozen 2<\/strong><\/span><\/p>\n<p><iframe loading=\"lazy\" title=\"Frozen 2 Official Trailer\" width=\"800\" height=\"450\" src=\"https:\/\/www.youtube.com\/embed\/Zi4LMpSDccc?feature=oembed\" frameborder=\"0\" allow=\"accelerometer; autoplay; encrypted-media; gyroscope; picture-in-picture\" allowfullscreen><\/iframe><\/p>\n<p style=\"text-align: center;\"><span style=\"color: #008000;\"><strong>22:15 hs.; Pantera Negra<\/strong><\/span><\/p>\n<p><iframe loading=\"lazy\" title=\"Black Panther &quot;PANTERA NEGRA&quot; Trailer Oficial Espa\u00f1ol Latino HD 2018\" width=\"800\" height=\"450\" src=\"https:\/\/www.youtube.com\/embed\/wp_QaWgfZDc?feature=oembed\" frameborder=\"0\" allow=\"accelerometer; autoplay; encrypted-media; gyroscope; picture-in-picture\" allowfullscreen><\/iframe><\/p>\n<p><strong><span style=\"color: #008000;\">S\u00e1bado, 25 de Julio<\/span><\/strong><\/p>\n<p style=\"text-align: center;\"><span style=\"color: #008000;\"><strong>19:15 hs.; Coco<\/strong><\/span><\/p>\n<p><iframe loading=\"lazy\" title=\"COCO - Tr\u00e1iler - (Latinoam\u00e9rica)\" width=\"800\" height=\"450\" src=\"https:\/\/www.youtube.com\/embed\/awzWdtCezDo?feature=oembed\" frameborder=\"0\" allow=\"accelerometer; autoplay; encrypted-media; gyroscope; picture-in-picture\" allowfullscreen><\/iframe><\/p>\n<p style=\"text-align: center;\"><span style=\"color: #008000;\"><strong>22:15 hs.; Thor 3 Ragnarok<\/strong><\/span><\/p>\n<p><iframe loading=\"lazy\" title=\"Thor 3  Ragnarok - Trailer Oficial Espa\u00f1ol Latino\" width=\"800\" height=\"450\" src=\"https:\/\/www.youtube.com\/embed\/0gaj048M9Vw?feature=oembed\" frameborder=\"0\" allow=\"accelerometer; autoplay; encrypted-media; gyroscope; picture-in-picture\" allowfullscreen><\/iframe><\/p>\n<p><strong><span style=\"color: #008000;\">Domingo, 26 de Julio<\/span><\/strong><\/p>\n<p style=\"text-align: center;\"><strong><span style=\"color: #008000;\">19:15 hs.; Frozen 2<\/span><\/strong><\/p>\n<p><iframe loading=\"lazy\" title=\"Frozen 2 Official Trailer\" width=\"800\" height=\"450\" src=\"https:\/\/www.youtube.com\/embed\/Zi4LMpSDccc?feature=oembed\" frameborder=\"0\" allow=\"accelerometer; autoplay; encrypted-media; gyroscope; picture-in-picture\" allowfullscreen><\/iframe><\/p>\n<p>&nbsp;<\/p>\n<p style=\"text-align: center;\"><span style=\"color: #008000;\"><strong>22:15 hs.; Pantera Negra<\/strong><\/span><\/p>\n<p><iframe loading=\"lazy\" title=\"Black Panther &quot;PANTERA NEGRA&quot; Trailer Oficial Espa\u00f1ol Latino HD 2018\" width=\"800\" height=\"450\" src=\"https:\/\/www.youtube.com\/embed\/wp_QaWgfZDc?feature=oembed\" frameborder=\"0\" allow=\"accelerometer; autoplay; encrypted-media; gyroscope; picture-in-picture\" allowfullscreen><\/iframe><\/p>\n","protected":false},"excerpt":{"rendered":"<p>\u00a1A preparar los pochoclos nuevamente! Se viene otro fin de semana con mucho entretenimiento y esta vez el autocine se<\/p>\n","protected":false},"author":3,"featured_media":29808,"comment_status":"closed","ping_status":"closed","sticky":false,"template":"","format":"video","meta":{"_acf_changed":false,"_seopress_robots_primary_cat":"","_seopress_titles_title":"","_seopress_titles_desc":"","_seopress_robots_index":"","colormag_page_container_layout":"default_layout","colormag_page_sidebar_layout":"default_layout","footnotes":""},"categories":[20,7],"tags":[],"class_list":["post-29807","post","type-post","status-publish","format-video","has-post-thumbnail","hentry","category-cartelera","category-videos","post_format-post-format-video"],"acf":[],"_links":{"self":[{"href":"https:\/\/vocesparalelas.com.ar\/sitio\/wp-json\/wp\/v2\/posts\/29807","targetHints":{"allow":["GET"]}}],"collection":[{"href":"https:\/\/vocesparalelas.com.ar\/sitio\/wp-json\/wp\/v2\/posts"}],"about":[{"href":"https:\/\/vocesparalelas.com.ar\/sitio\/wp-json\/wp\/v2\/types\/post"}],"author":[{"embeddable":true,"href":"https:\/\/vocesparalelas.com.ar\/sitio\/wp-json\/wp\/v2\/users\/3"}],"replies":[{"embeddable":true,"href":"https:\/\/vocesparalelas.com.ar\/sitio\/wp-json\/wp\/v2\/comments?post=29807"}],"version-history":[{"count":3,"href":"https:\/\/vocesparalelas.com.ar\/sitio\/wp-json\/wp\/v2\/posts\/29807\/revisions"}],"predecessor-version":[{"id":29828,"href":"https:\/\/vocesparalelas.com.ar\/sitio\/wp-json\/wp\/v2\/posts\/29807\/revisions\/29828"}],"wp:featuredmedia":[{"embeddable":true,"href":"https:\/\/vocesparalelas.com.ar\/sitio\/wp-json\/wp\/v2\/media\/29808"}],"wp:attachment":[{"href":"https:\/\/vocesparalelas.com.ar\/sitio\/wp-json\/wp\/v2\/media?parent=29807"}],"wp:term":[{"taxonomy":"category","embeddable":true,"href":"https:\/\/vocesparalelas.com.ar\/sitio\/wp-json\/wp\/v2\/categories?post=29807"},{"taxonomy":"post_tag","embeddable":true,"href":"https:\/\/vocesparalelas.com.ar\/sitio\/wp-json\/wp\/v2\/tags?post=29807"}],"curies":[{"name":"wp","href":"https:\/\/api.w.org\/{rel}","templated":true}]}}