{"id":29801,"date":"2020-07-21T20:43:57","date_gmt":"2020-07-21T23:43:57","guid":{"rendered":"http:\/\/vocesparalelas.com.ar\/sitio\/?p=29801"},"modified":"2020-07-21T20:43:57","modified_gmt":"2020-07-21T23:43:57","slug":"ganadores-del-concurso-xr-el-vino-de-san-juan","status":"publish","type":"post","link":"https:\/\/vocesparalelas.com.ar\/sitio\/ganadores-del-concurso-xr-el-vino-de-san-juan\/","title":{"rendered":"Ganadores del concurso XR \u201cEl vino de San Juan\u201d"},"content":{"rendered":"<p>La coordinadora de Innovaci\u00f3n y Creatividad de la SECITI, Mariela Limerutti, mantuvo una reuni\u00f3n con los titulares de los proyectos premiados. Tambi\u00e9n particip\u00f3 de la misma Julien Brun, director general de Virtuality-Feria de Tecnolog\u00edas inmersivas y su equipo, coorganizadores del concurso.<\/p>\n<p>El llamado a concurso propuso el desarrollo de contenidos y aplicaciones con tecnolog\u00edas inmersivas sobre la tem\u00e1tica \u201cEl vino de San Juan\u201d. Hay dos premios, uno de $ 200.000 (doscientos mil pesos) para el desarrollo de una app (una aplicaci\u00f3n con efecto de realidad aumentada para dispositivos m\u00f3viles). Y el otro premio de $ 100.000 (cien mil pesos) para desarrollar un video 360\u00b0 (una pieza narrativa inmersiva de car\u00e1cter interactivo de 3 a 10 minutos).<\/p>\n<p>El objetivo de este concurso es promover soluciones creativas con herramientas de las tecnolog\u00edas inmersivas para colaborar en la innovaci\u00f3n social; en este caso, desde el impulso al \u00e1mbito vitivin\u00edcola. La intenci\u00f3n es colaborar en la difusi\u00f3n de la producci\u00f3n de Vinos en San Juan, quienes los producen, d\u00f3nde, varietales, elaboraci\u00f3n, ingredientes, los trabajadores de la vitivinicultura local, su entorno y las actividades regionales del sector productivo involucrado.<\/p>\n<h3>Premiados:<\/h3>\n<p><span style=\"color: #008000;\"><strong>Para el desarrollo de la App con realidad aumentada:<\/strong><\/span><\/p>\n<ul>\n<li>Proyecto ganador: CATAR. Alejandro Salvatierra<\/li>\n<li>Proyecto suplente: WINUM!. Agust\u00edn Arias y Mat\u00edas Tamayo.<\/li>\n<\/ul>\n<p><strong><span style=\"color: #008000;\">Para el desarrollo del video 360\u00b0:<\/span><\/strong><\/p>\n<ul>\n<li>Proyecto ganador: \u201cEl d\u00eda que Dionisio despert\u00f3 en San Juan\u201d. Ana Clara Bustelo y otros.<\/li>\n<li>Proyecto suplente: \u201cDesde el origen\u201d. David Bustos.<\/li>\n<\/ul>\n<p><img loading=\"lazy\" decoding=\"async\" class=\"alignnone wp-image-29803 size-full\" src=\"https:\/\/vocesparalelas.com.ar\/sitio\/wp-content\/uploads\/2020\/07\/VINO-02.jpg\" alt=\"\" width=\"800\" height=\"548\" srcset=\"https:\/\/vocesparalelas.com.ar\/sitio\/wp-content\/uploads\/2020\/07\/VINO-02.jpg 800w, https:\/\/vocesparalelas.com.ar\/sitio\/wp-content\/uploads\/2020\/07\/VINO-02-300x206.jpg 300w, https:\/\/vocesparalelas.com.ar\/sitio\/wp-content\/uploads\/2020\/07\/VINO-02-768x526.jpg 768w, https:\/\/vocesparalelas.com.ar\/sitio\/wp-content\/uploads\/2020\/07\/VINO-02-130x90.jpg 130w\" sizes=\"auto, (max-width: 800px) 100vw, 800px\" \/><\/p>\n<p><img loading=\"lazy\" decoding=\"async\" class=\"alignnone wp-image-29802 size-full\" src=\"https:\/\/vocesparalelas.com.ar\/sitio\/wp-content\/uploads\/2020\/07\/VINO-01.jpg\" alt=\"\" width=\"800\" height=\"376\" srcset=\"https:\/\/vocesparalelas.com.ar\/sitio\/wp-content\/uploads\/2020\/07\/VINO-01.jpg 800w, https:\/\/vocesparalelas.com.ar\/sitio\/wp-content\/uploads\/2020\/07\/VINO-01-300x141.jpg 300w, https:\/\/vocesparalelas.com.ar\/sitio\/wp-content\/uploads\/2020\/07\/VINO-01-768x361.jpg 768w\" sizes=\"auto, (max-width: 800px) 100vw, 800px\" \/><\/p>\n<p><strong><span style=\"color: #008000;\">Otros proyectos presentados<\/span><\/strong><\/p>\n<ul>\n<li>Degustur (aplicaci\u00f3n de rutas gastron\u00f3micas). F\u00e9lix Mart\u00edn Cornejo.<\/li>\n<li>El C\u00f3dice. Mariano Monta\u00f1ez y Maximiliano D\u00edas.<\/li>\n<li>Hijo del Sol. Gabriel Valdez y H\u00e9ctor Hueso.<\/li>\n<li>Mi bodega (experiencia inmersiva 360). Hern\u00e1n Oliva.<\/li>\n<li>Mi vinoteca San Juan. De Gonzalo Bustos.<\/li>\n<li>Ruta del Vino360. Fernando Agust\u00edn Romero y Alejandro Carracedo.<\/li>\n<li>San Juan el ventanal de Cuyo. Franco Mart\u00ednez.<\/li>\n<li>Vino.ar. Carlos Montenegro.<\/li>\n<\/ul>\n<p>El jurado destac\u00f3 la alt\u00edsima calidad de todos los proyectos presentados y evaluados. La originalidad es una de las grandes virtudes de cada uno; con proposiciones e ideas bien claras y diferentes; con un mismo objetivo, pero m\u00faltiples miradas.<\/p>\n<p>Se presentaron profesionales del medio local, noveles desarrolladores, profesores y alumnos, artistas digitales; una riqueza de voces y propuestas que enorgullecen y posicionan a San Juan como una de las provincias de alta calidad y desarrollo en tecnolog\u00edas inmersivas.<\/p>\n<p>La SECITI felicita a todos los participantes por haberse interesado y haber desarrollado tan impecables ideas. Se insta y sugiere a los participantes del Concurso, a seguir construyendo juntos un futuro mejor de la mano de la tecnolog\u00eda, la innovaci\u00f3n y sobre todo la creatividad que es la gran virtud que cada uno de ellos posee.<\/p>\n","protected":false},"excerpt":{"rendered":"<p>La coordinadora de Innovaci\u00f3n y Creatividad de la SECITI, Mariela Limerutti, mantuvo una reuni\u00f3n con los titulares de los proyectos<\/p>\n","protected":false},"author":3,"featured_media":29804,"comment_status":"closed","ping_status":"closed","sticky":false,"template":"","format":"standard","meta":{"_acf_changed":false,"_seopress_robots_primary_cat":"","_seopress_titles_title":"","_seopress_titles_desc":"","_seopress_robots_index":"","colormag_page_container_layout":"default_layout","colormag_page_sidebar_layout":"default_layout","footnotes":""},"categories":[1],"tags":[],"class_list":["post-29801","post","type-post","status-publish","format-standard","has-post-thumbnail","hentry","category-destacadas"],"acf":[],"_links":{"self":[{"href":"https:\/\/vocesparalelas.com.ar\/sitio\/wp-json\/wp\/v2\/posts\/29801","targetHints":{"allow":["GET"]}}],"collection":[{"href":"https:\/\/vocesparalelas.com.ar\/sitio\/wp-json\/wp\/v2\/posts"}],"about":[{"href":"https:\/\/vocesparalelas.com.ar\/sitio\/wp-json\/wp\/v2\/types\/post"}],"author":[{"embeddable":true,"href":"https:\/\/vocesparalelas.com.ar\/sitio\/wp-json\/wp\/v2\/users\/3"}],"replies":[{"embeddable":true,"href":"https:\/\/vocesparalelas.com.ar\/sitio\/wp-json\/wp\/v2\/comments?post=29801"}],"version-history":[{"count":1,"href":"https:\/\/vocesparalelas.com.ar\/sitio\/wp-json\/wp\/v2\/posts\/29801\/revisions"}],"predecessor-version":[{"id":29805,"href":"https:\/\/vocesparalelas.com.ar\/sitio\/wp-json\/wp\/v2\/posts\/29801\/revisions\/29805"}],"wp:featuredmedia":[{"embeddable":true,"href":"https:\/\/vocesparalelas.com.ar\/sitio\/wp-json\/wp\/v2\/media\/29804"}],"wp:attachment":[{"href":"https:\/\/vocesparalelas.com.ar\/sitio\/wp-json\/wp\/v2\/media?parent=29801"}],"wp:term":[{"taxonomy":"category","embeddable":true,"href":"https:\/\/vocesparalelas.com.ar\/sitio\/wp-json\/wp\/v2\/categories?post=29801"},{"taxonomy":"post_tag","embeddable":true,"href":"https:\/\/vocesparalelas.com.ar\/sitio\/wp-json\/wp\/v2\/tags?post=29801"}],"curies":[{"name":"wp","href":"https:\/\/api.w.org\/{rel}","templated":true}]}}