{"id":29799,"date":"2020-07-21T20:33:35","date_gmt":"2020-07-21T23:33:35","guid":{"rendered":"http:\/\/vocesparalelas.com.ar\/sitio\/?p=29799"},"modified":"2020-07-21T20:33:35","modified_gmt":"2020-07-21T23:33:35","slug":"detalles-del-complejo-auditorio-juan-victoria-a-50-anos","status":"publish","type":"post","link":"https:\/\/vocesparalelas.com.ar\/sitio\/detalles-del-complejo-auditorio-juan-victoria-a-50-anos\/","title":{"rendered":"Detalles del Complejo Auditorio Juan Victoria a 50 a\u00f1os"},"content":{"rendered":"<p>El Complejo Auditorio Juan Victoria se encuentra ubicado frente al Parque de Mayo y al Estadio Aldo Cantoni. Cuenta con una extensi\u00f3n de 25.000 metros cuadrados y una superficie cubierta de 6.880 metros cuadrados. Estas dimensiones no dan cuenta de la cantidad de artistas, m\u00fasicos y referentes de la m\u00fasica que transitaron sus pasillos en los \u00faltimos a\u00f1os.<\/p>\n<p>Tambi\u00e9n alberga a la Escuela Superior de M\u00fasica que cuenta con 18 aulas tratadas ac\u00fasticamente para que se pueda ejecutar m\u00fasica simult\u00e1neamente en habitaciones contiguas. Cuenta con 14 camarines, dep\u00f3sitos y la sala de m\u00e1quinas del \u00f3rgano. Los foyers han albergado innumerables muestras art\u00edsticas de diferentes referentes culturales del pa\u00eds. Tienen una programaci\u00f3n anual dedicada fundamentalmente a la exhibici\u00f3n de las artes pl\u00e1sticas locales, nacionales e internacionales. El subsuelo del ala sur es el espacio de ensayo permanente de la Orquesta Juvenil de la Universidad Nacional de San Juan, como as\u00ed tambi\u00e9n de diversos coros y grupos de m\u00fasica de c\u00e1mara.<\/p>\n<p>La Sala de Concierto Auditorio Juan Victoria cuenta con 976 butacas, est\u00e1 dotada de un \u00f3rgano Walcker en Ludwigsburg que cuenta con 3.565 tubos y un Piano de Gran Cola Steinway que tiene 2,70 metros de largo, 1,57 metros de ancho y pesa 500 kilos.<\/p>\n<p>El Anfiteatro est\u00e1 emplazado en la zona de los jardines del edificio y rodeado de una frondosa arboleda que ayuda a mitigar el t\u00f3rrido clima sanjuanino. Es un foso de m\u00e1s de 3.000 m3 con una superficie edificada de 512 m2. Esta sala al aire libre es utilizada por los sanjuaninos durante la temporada de verano para disfrutar de grandes puestas en escena como Revelaciones, Nochecitas de San Juan y las cl\u00e1sicas pel\u00edculas de verano de los ciclos de la Universidad Nacional de San Juan.<\/p>\n<p>En 2007 fueron reemplazados los pisos de la sala principal ya que estaban muy desgastados por el uso. Tambi\u00e9n, se cambiaron las alfombras y en el exterior se modificaron las fuentes.<\/p>\n<p>Por otra parte, en los \u00faltimos seis a\u00f1os el Complejo Auditorio Juan Victoria fue modificado para adaptarse a las necesidades del p\u00fablico. Una de las novedades m\u00e1s destacadas fue la incorporaci\u00f3n de nuevos accesos para personas con dificultades de movilidad; se adaptaron los sanitarios y tambi\u00e9n se realizaron modificaciones en los camarines. Por otra parte, se acondicionaron los dep\u00f3sitos para que quienes transitan por los pasillos del Auditorio con sus instrumentos puedan trabajar con mayor comodidad.<\/p>\n<p>En el primer subsuelo, se reacondicion\u00f3 la sala de archivo de la Orquesta, mientras que en el segundo subsuelo se construy\u00f3 la sala ac\u00fastica de percusi\u00f3n y dep\u00f3sito de instrumentos y boxes para el guardado de contrabajos.<\/p>\n<p>&nbsp;<\/p>\n<p><img loading=\"lazy\" decoding=\"async\" class=\"alignnone wp-image-1668 size-large\" src=\"https:\/\/vocesparalelas.com.ar\/sitio\/wp-content\/uploads\/2017\/06\/AUDITORIO-800x532.jpg\" alt=\"\" width=\"800\" height=\"532\" srcset=\"https:\/\/vocesparalelas.com.ar\/sitio\/wp-content\/uploads\/2017\/06\/AUDITORIO.jpg 800w, https:\/\/vocesparalelas.com.ar\/sitio\/wp-content\/uploads\/2017\/06\/AUDITORIO-300x200.jpg 300w, https:\/\/vocesparalelas.com.ar\/sitio\/wp-content\/uploads\/2017\/06\/AUDITORIO-768x511.jpg 768w\" sizes=\"auto, (max-width: 800px) 100vw, 800px\" \/><\/p>\n<p>&nbsp;<\/p>\n<p><img loading=\"lazy\" decoding=\"async\" class=\"alignnone wp-image-10631 size-large\" src=\"https:\/\/vocesparalelas.com.ar\/sitio\/wp-content\/uploads\/2018\/03\/OFICINA-AUDITORIO-04-800x534.jpg\" alt=\"\" width=\"800\" height=\"534\" srcset=\"https:\/\/vocesparalelas.com.ar\/sitio\/wp-content\/uploads\/2018\/03\/OFICINA-AUDITORIO-04-800x534.jpg 800w, https:\/\/vocesparalelas.com.ar\/sitio\/wp-content\/uploads\/2018\/03\/OFICINA-AUDITORIO-04-300x200.jpg 300w, https:\/\/vocesparalelas.com.ar\/sitio\/wp-content\/uploads\/2018\/03\/OFICINA-AUDITORIO-04-768x512.jpg 768w, https:\/\/vocesparalelas.com.ar\/sitio\/wp-content\/uploads\/2018\/03\/OFICINA-AUDITORIO-04.jpg 1000w\" sizes=\"auto, (max-width: 800px) 100vw, 800px\" \/><\/p>\n<p>&nbsp;<\/p>\n<p><iframe loading=\"lazy\" title=\"AUDITORIO ING. JUAN VICTORIA\" width=\"800\" height=\"450\" src=\"https:\/\/www.youtube.com\/embed\/PQfNgtAvGAU?feature=oembed\" frameborder=\"0\" allow=\"accelerometer; autoplay; encrypted-media; gyroscope; picture-in-picture\" allowfullscreen><\/iframe><\/p>\n<p>&nbsp;<\/p>\n<p>&nbsp;<\/p>\n<p>&nbsp;<\/p>\n","protected":false},"excerpt":{"rendered":"<p>El Complejo Auditorio Juan Victoria se encuentra ubicado frente al Parque de Mayo y al Estadio Aldo Cantoni. Cuenta con<\/p>\n","protected":false},"author":3,"featured_media":4322,"comment_status":"closed","ping_status":"closed","sticky":false,"template":"","format":"video","meta":{"_acf_changed":false,"_seopress_robots_primary_cat":"","_seopress_titles_title":"","_seopress_titles_desc":"","_seopress_robots_index":"","colormag_page_container_layout":"default_layout","colormag_page_sidebar_layout":"default_layout","footnotes":""},"categories":[1,7],"tags":[],"class_list":["post-29799","post","type-post","status-publish","format-video","has-post-thumbnail","hentry","category-destacadas","category-videos","post_format-post-format-video"],"acf":[],"_links":{"self":[{"href":"https:\/\/vocesparalelas.com.ar\/sitio\/wp-json\/wp\/v2\/posts\/29799","targetHints":{"allow":["GET"]}}],"collection":[{"href":"https:\/\/vocesparalelas.com.ar\/sitio\/wp-json\/wp\/v2\/posts"}],"about":[{"href":"https:\/\/vocesparalelas.com.ar\/sitio\/wp-json\/wp\/v2\/types\/post"}],"author":[{"embeddable":true,"href":"https:\/\/vocesparalelas.com.ar\/sitio\/wp-json\/wp\/v2\/users\/3"}],"replies":[{"embeddable":true,"href":"https:\/\/vocesparalelas.com.ar\/sitio\/wp-json\/wp\/v2\/comments?post=29799"}],"version-history":[{"count":1,"href":"https:\/\/vocesparalelas.com.ar\/sitio\/wp-json\/wp\/v2\/posts\/29799\/revisions"}],"predecessor-version":[{"id":29800,"href":"https:\/\/vocesparalelas.com.ar\/sitio\/wp-json\/wp\/v2\/posts\/29799\/revisions\/29800"}],"wp:featuredmedia":[{"embeddable":true,"href":"https:\/\/vocesparalelas.com.ar\/sitio\/wp-json\/wp\/v2\/media\/4322"}],"wp:attachment":[{"href":"https:\/\/vocesparalelas.com.ar\/sitio\/wp-json\/wp\/v2\/media?parent=29799"}],"wp:term":[{"taxonomy":"category","embeddable":true,"href":"https:\/\/vocesparalelas.com.ar\/sitio\/wp-json\/wp\/v2\/categories?post=29799"},{"taxonomy":"post_tag","embeddable":true,"href":"https:\/\/vocesparalelas.com.ar\/sitio\/wp-json\/wp\/v2\/tags?post=29799"}],"curies":[{"name":"wp","href":"https:\/\/api.w.org\/{rel}","templated":true}]}}