{"id":29794,"date":"2020-07-21T20:02:58","date_gmt":"2020-07-21T23:02:58","guid":{"rendered":"http:\/\/vocesparalelas.com.ar\/sitio\/?p=29794"},"modified":"2020-07-21T20:02:58","modified_gmt":"2020-07-21T23:02:58","slug":"un-encuentro-por-videoconferencia-con-el-ministro-de-trabajo-de-la-nacion","status":"publish","type":"post","link":"https:\/\/vocesparalelas.com.ar\/sitio\/un-encuentro-por-videoconferencia-con-el-ministro-de-trabajo-de-la-nacion\/","title":{"rendered":"Un encuentro por videoconferencia con el ministro de Trabajo de la Naci\u00f3n"},"content":{"rendered":"<p>La asunci\u00f3n de Silvia P\u00e9rez como responsable de la Agencia Territorial de la Gerencia de Empleo de San Juan, dependiente del Ministerio de Trabajo, Empleo y Seguridad Social de la Naci\u00f3n, fue diferente. Los protocolos por COVID-19 impidieron un acto presencial, pero el gobernador de San Juan, Dr. Sergio U\u00f1ac, estuvo presente en el acto simb\u00f3lico a trav\u00e9s de una videoconferencia.<\/p>\n<p>Adem\u00e1s de U\u00f1ac, en la videoconferencia participaron el ministro de Trabajo, Empleo y Seguridad Social de Naci\u00f3n, Dr. Claudio Omar Moroni, el subsecretario de Articulaci\u00f3n Territorial, Lic. Gerardo Gabriel Giron y la flamante funcionaria, Silvia P\u00e9rez. Tambi\u00e9n participaron la ministro de Gobierno, Dra. Fabiola Aubone y el defensor del Pueblo, Dr. Pablo Garc\u00eda Nieto.<\/p>\n<p>El gobernador agradeci\u00f3 la presencia de los funcionarios nacionales e hizo referencia a la situaci\u00f3n mundial por la pandemia de coronavirus que \u00abest\u00e1 dejando en el mundo graves consecuencias sanitarias y econ\u00f3micas\u00bb.<\/p>\n<p>\u00abLa Provincia est\u00e1 a disposici\u00f3n tuya y del presidente de todos los argentinos, Dr. Alberto Fern\u00e1ndez, con quien hemos conversado en m\u00e1s de una vez que no hay nada que articule mejor en una sociedad que la generaci\u00f3n de trabajo genuino y en ese marco estamos conteniendo lo sanitario y generando los espacios que nos permitan tener una mayor movilidad econ\u00f3mica que mantengan, en este marco, los puestos de trabajo\u00bb, analiz\u00f3.<\/p>\n<p>Sobre la puesta en funciones de P\u00e9rez, el gobernador destac\u00f3 \u00absu capacidad y compromiso, tambi\u00e9n su vocaci\u00f3n de servicio\u00bb. Seguidamente le dese\u00f3 \u00abel mayor de los \u00e9xitos para que podamos seguir trabajando juntos y que la Agencia Territorial y que la Gerencia de Empleo sea un articulador entre el Gobierno de la Provincia y el Ministerio de Trabajo de la Naci\u00f3n\u00bb.<\/p>\n<p>El ministro Moroni por su parte, le dio la bienvenida a P\u00e9rez y explic\u00f3 cu\u00e1les son los objetivos del ministerio que comanda al destacar que \u00abconceptualmente el Ministerio de Trabajo debe articular con las provincias. Es el \u00fanico modo de trabajar en concreto\u00bb.<\/p>\n<p>La nueva funcionaria le agradeci\u00f3 al gobernador Dr. Sergio U\u00f1ac por este nuevo desaf\u00edo en su carrera pol\u00edtica: \u00abSiempre lo hice desde el Poder Legislativo y vamos a poner todo de nosotros para poder llegar a mejorar la calidad de vida de los sanjuaninos\u00bb.<\/p>\n<p>Esta delegaci\u00f3n es la que concentra la coordinaci\u00f3n de la Oficinas de Empleo de todo San Juan, su rol fundamental es el trabajo de pol\u00edticas activas de empleo y promoci\u00f3n, apoyando la tareas de cooperativas de trabajo, empresas recuperadas, as\u00ed tambi\u00e9n como una gran cantidades de programas sociales como por ejemplo los Programas J\u00f3venes con m\u00e1s y Mejor Trabajo y Promover, destinada a personas con discapacidad.<\/p>\n","protected":false},"excerpt":{"rendered":"<p>La asunci\u00f3n de Silvia P\u00e9rez como responsable de la Agencia Territorial de la Gerencia de Empleo de San Juan, dependiente<\/p>\n","protected":false},"author":3,"featured_media":29795,"comment_status":"closed","ping_status":"closed","sticky":false,"template":"","format":"standard","meta":{"_acf_changed":false,"_seopress_robots_primary_cat":"","_seopress_titles_title":"","_seopress_titles_desc":"","_seopress_robots_index":"","colormag_page_container_layout":"default_layout","colormag_page_sidebar_layout":"default_layout","footnotes":""},"categories":[1],"tags":[],"class_list":["post-29794","post","type-post","status-publish","format-standard","has-post-thumbnail","hentry","category-destacadas"],"acf":[],"_links":{"self":[{"href":"https:\/\/vocesparalelas.com.ar\/sitio\/wp-json\/wp\/v2\/posts\/29794","targetHints":{"allow":["GET"]}}],"collection":[{"href":"https:\/\/vocesparalelas.com.ar\/sitio\/wp-json\/wp\/v2\/posts"}],"about":[{"href":"https:\/\/vocesparalelas.com.ar\/sitio\/wp-json\/wp\/v2\/types\/post"}],"author":[{"embeddable":true,"href":"https:\/\/vocesparalelas.com.ar\/sitio\/wp-json\/wp\/v2\/users\/3"}],"replies":[{"embeddable":true,"href":"https:\/\/vocesparalelas.com.ar\/sitio\/wp-json\/wp\/v2\/comments?post=29794"}],"version-history":[{"count":1,"href":"https:\/\/vocesparalelas.com.ar\/sitio\/wp-json\/wp\/v2\/posts\/29794\/revisions"}],"predecessor-version":[{"id":29796,"href":"https:\/\/vocesparalelas.com.ar\/sitio\/wp-json\/wp\/v2\/posts\/29794\/revisions\/29796"}],"wp:featuredmedia":[{"embeddable":true,"href":"https:\/\/vocesparalelas.com.ar\/sitio\/wp-json\/wp\/v2\/media\/29795"}],"wp:attachment":[{"href":"https:\/\/vocesparalelas.com.ar\/sitio\/wp-json\/wp\/v2\/media?parent=29794"}],"wp:term":[{"taxonomy":"category","embeddable":true,"href":"https:\/\/vocesparalelas.com.ar\/sitio\/wp-json\/wp\/v2\/categories?post=29794"},{"taxonomy":"post_tag","embeddable":true,"href":"https:\/\/vocesparalelas.com.ar\/sitio\/wp-json\/wp\/v2\/tags?post=29794"}],"curies":[{"name":"wp","href":"https:\/\/api.w.org\/{rel}","templated":true}]}}