{"id":29790,"date":"2020-07-20T21:37:48","date_gmt":"2020-07-21T00:37:48","guid":{"rendered":"http:\/\/vocesparalelas.com.ar\/sitio\/?p=29790"},"modified":"2020-07-20T21:37:48","modified_gmt":"2020-07-21T00:37:48","slug":"san-juan-avanza-en-ciencia-y-tecnologia-para-la-empresa-estatal-de-cannabis-medicinal","status":"publish","type":"post","link":"https:\/\/vocesparalelas.com.ar\/sitio\/san-juan-avanza-en-ciencia-y-tecnologia-para-la-empresa-estatal-de-cannabis-medicinal\/","title":{"rendered":"San Juan avanza en ciencia y tecnolog\u00eda para la empresa estatal de cannabis medicinal"},"content":{"rendered":"<p>El titular de la Secretar\u00eda de Estado de Ciencia, Tecnolog\u00eda e Innovaci\u00f3n, del Gobierno de San Juan, Ing. Tulio Del Bono, se reuni\u00f3 v\u00eda zoom con la m\u00e1xima autoridad cient\u00edfica vinculada al cannabis medicinal del pa\u00eds, la Dra. Silvia Kochen.<\/p>\n<p>Acompa\u00f1\u00f3 por parte de la Secretar\u00eda de Ciencia, Tecnolog\u00eda e Innovaci\u00f3n &#8211; SECITI -, la subsecretaria de Promoci\u00f3n de la Actividad Cient\u00edfica y Tecnol\u00f3gica, Ing. Mar\u00eda Ver\u00f3nica Benavente y por parte de la Empresa Cannabis Medicinal San Juan Sociedad del Estado, su presidente, el Dr. Roberto Correa y los directores Ariel Lucero y Carolina Gim\u00e9nez.<\/p>\n<p>La Dra. Silvia Kochen es m\u00e9dica especialista en neurolog\u00eda y neurociencias, investigadora principal de Conicet y directora de la Unidad Ejecutora en Neurociencias y Sistemas Complejos (ENyS) que depende de la Red integrada por Conicet, el Hospital de Alta Complejidad el Cruce (SAMIC) y la Universidad Nacional Arturo Jauretche.<\/p>\n<p>La reuni\u00f3n tuvo como objetivo poner en contacto a la Dra. Kochen con los integrantes del directorio de la empresa e invitarla para que realice aportes, desde su vasta experiencia, a los equipos abocados a impulsar esta tem\u00e1tica en la Provincia.<\/p>\n<p>Se acord\u00f3 una agenda conjunta de trabajo que consistir\u00e1, entre otras cosas, en realizar un relevamiento de las capacidades cient\u00edficas y tecnol\u00f3gicas con las que cuenta la provincia, necesarias para acompa\u00f1ar el desarrollo de la cadena productiva de cannabis medicinal, as\u00ed como tambi\u00e9n, definir aportes que puedan hacerse desde la Provincia de San Juan a la reglamentaci\u00f3n de la ley 27.350 de uso medicinal del cannabis.<\/p>\n<p>Desde la SECITI se propicia la creaci\u00f3n de un entorno cient\u00edfico y tecnol\u00f3gico que acompa\u00f1e esta iniciativa del Gobierno de la Provincia de San Juan.<\/p>\n<p><img loading=\"lazy\" decoding=\"async\" class=\"alignnone wp-image-29792 size-full\" src=\"https:\/\/vocesparalelas.com.ar\/sitio\/wp-content\/uploads\/2020\/07\/VIDEO-DEL-BONO-02.jpg\" alt=\"\" width=\"800\" height=\"535\" srcset=\"https:\/\/vocesparalelas.com.ar\/sitio\/wp-content\/uploads\/2020\/07\/VIDEO-DEL-BONO-02.jpg 800w, https:\/\/vocesparalelas.com.ar\/sitio\/wp-content\/uploads\/2020\/07\/VIDEO-DEL-BONO-02-300x201.jpg 300w, https:\/\/vocesparalelas.com.ar\/sitio\/wp-content\/uploads\/2020\/07\/VIDEO-DEL-BONO-02-768x514.jpg 768w\" sizes=\"auto, (max-width: 800px) 100vw, 800px\" \/><\/p>\n<p>&nbsp;<\/p>\n<p>&nbsp;<\/p>\n<p>&nbsp;<\/p>\n","protected":false},"excerpt":{"rendered":"<p>El titular de la Secretar\u00eda de Estado de Ciencia, Tecnolog\u00eda e Innovaci\u00f3n, del Gobierno de San Juan, Ing. Tulio Del<\/p>\n","protected":false},"author":3,"featured_media":29791,"comment_status":"closed","ping_status":"closed","sticky":false,"template":"","format":"standard","meta":{"_acf_changed":false,"_seopress_robots_primary_cat":"","_seopress_titles_title":"","_seopress_titles_desc":"","_seopress_robots_index":"","colormag_page_container_layout":"default_layout","colormag_page_sidebar_layout":"default_layout","footnotes":""},"categories":[1],"tags":[],"class_list":["post-29790","post","type-post","status-publish","format-standard","has-post-thumbnail","hentry","category-destacadas"],"acf":[],"_links":{"self":[{"href":"https:\/\/vocesparalelas.com.ar\/sitio\/wp-json\/wp\/v2\/posts\/29790","targetHints":{"allow":["GET"]}}],"collection":[{"href":"https:\/\/vocesparalelas.com.ar\/sitio\/wp-json\/wp\/v2\/posts"}],"about":[{"href":"https:\/\/vocesparalelas.com.ar\/sitio\/wp-json\/wp\/v2\/types\/post"}],"author":[{"embeddable":true,"href":"https:\/\/vocesparalelas.com.ar\/sitio\/wp-json\/wp\/v2\/users\/3"}],"replies":[{"embeddable":true,"href":"https:\/\/vocesparalelas.com.ar\/sitio\/wp-json\/wp\/v2\/comments?post=29790"}],"version-history":[{"count":1,"href":"https:\/\/vocesparalelas.com.ar\/sitio\/wp-json\/wp\/v2\/posts\/29790\/revisions"}],"predecessor-version":[{"id":29793,"href":"https:\/\/vocesparalelas.com.ar\/sitio\/wp-json\/wp\/v2\/posts\/29790\/revisions\/29793"}],"wp:featuredmedia":[{"embeddable":true,"href":"https:\/\/vocesparalelas.com.ar\/sitio\/wp-json\/wp\/v2\/media\/29791"}],"wp:attachment":[{"href":"https:\/\/vocesparalelas.com.ar\/sitio\/wp-json\/wp\/v2\/media?parent=29790"}],"wp:term":[{"taxonomy":"category","embeddable":true,"href":"https:\/\/vocesparalelas.com.ar\/sitio\/wp-json\/wp\/v2\/categories?post=29790"},{"taxonomy":"post_tag","embeddable":true,"href":"https:\/\/vocesparalelas.com.ar\/sitio\/wp-json\/wp\/v2\/tags?post=29790"}],"curies":[{"name":"wp","href":"https:\/\/api.w.org\/{rel}","templated":true}]}}